{"id":163485,"date":"2020-09-23T08:43:53","date_gmt":"2020-09-23T06:43:53","guid":{"rendered":"https:\/\/www.iphone-ticker.de\/?p=163485"},"modified":"2020-09-23T08:43:53","modified_gmt":"2020-09-23T06:43:53","slug":"weekcal-rudert-zurueck-firstseed-calendar-als-abo-freie-alternative","status":"publish","type":"post","link":"https:\/\/www.iphone-ticker.de\/weekcal-rudert-zurueck-firstseed-calendar-als-abo-freie-alternative-163485\/","title":{"rendered":"WeekCal rudert zur\u00fcck &#8211; FirstSeed Calendar als Abo-freie Alternative"},"content":{"rendered":"<p>Die Entwickler der Kalender-App <a href=\"https:\/\/apps.apple.com\/de\/app\/weekcalendar-cloud-kalender\/id381059732\" title=\"WeekCalendar\">WeekCalendar<\/a> haben offenbar auf den Unmut ihrer Kunden und die Kritik an ihrem neu eingef\u00fchrten Abo-Modell reagiert. Mit dem heute ver\u00f6ffentlichten Update auf Version 13.2.2 wird die Anwendung wieder benutzbar. Urspr\u00fcnglich vorhandene Ansichten sind wieder verf\u00fcgbar und die neu hinzugekommenen Premium-Blockaden wurden entfernt.<\/p>\n<p>Eine Stellungnahme der Entwickler konnten wir bislang nicht auftreiben. Doch scheint unbestreitbar, dass der R\u00fcckzieher als Reaktion auf die gro\u00dfe Zahl negativer Bewertungen und die begleitende Berichterstattung zu sehen ist.<\/p>\n<p>Wir haben zuvor aufgrund zahlreicher Leserzuschriften \u00fcber den neu eingef\u00fchrten Abo-Zwang <a href=\"https:\/\/www.iphone-ticker.de\/weekcalendar-entwickler-schiessen-sich-mit-abo-zwang-ins-aus-163471\/\">berichtet<\/a>. F\u00fcr verst\u00e4ndlichen \u00c4rger hatte die Tatsache gesorgt, dass die Entwickler mit dem Abo keine neuen Funktionen verbunden, sondern urspr\u00fcnglich vorhandene App-Optionen weggestrichen haben.<\/p>\n<h2>FirstSeed Calendar als leistungsf\u00e4hige Alternative<\/h2>\n<p>Dazu passend wollen wir auf die bislang von uns nicht erw\u00e4hnte Kalender-Alternative <a href=\"https:\/\/firstseed.io\">FirstSeed Calendar<\/a> hinweisen. Die iPhone-Version ist auch f\u00fcr die Apple Watch optimiert und l\u00e4sst sich kostenlos laden und testen. Den vollen Funktionsumfang kann man per In-App-Kauf zum Preis von 6,99 Euro erwerben.<\/p>\n<p><a href=\"https:\/\/images.iphone-ticker.de\/wp-content\/uploads\/2020\/09\/firstseed-calendar-iphone.jpg\"><img loading=\"lazy\" decoding=\"async\" src=\"https:\/\/images.iphone-ticker.de\/wp-content\/uploads\/2020\/09\/firstseed-calendar-iphone-700x393.jpg\" alt=\"Firstseed Calendar Iphone\" width=\"700\" height=\"393\" class=\"alignnone size-large wp-image-163487\" srcset=\"https:\/\/images.iphone-ticker.de\/wp-content\/uploads\/2020\/09\/firstseed-calendar-iphone-700x393.jpg 700w, https:\/\/images.iphone-ticker.de\/wp-content\/uploads\/2020\/09\/firstseed-calendar-iphone-500x280.jpg 500w, https:\/\/images.iphone-ticker.de\/wp-content\/uploads\/2020\/09\/firstseed-calendar-iphone.jpg 1400w\" sizes=\"auto, (max-width: 700px) 100vw, 700px\" \/><\/a><\/p>\n<p>Wir selbst haben FirstSeed auf dem iPhone noch nicht genutzt, doch mittlerweile schon mehrere positive Leserzuschriften dazu erhalten. Zuletzt schreibt Raphael:<\/p>\n<blockquote>\n<p>Da WeekCal sich gerade ins Abseits man\u00f6vriert hat: schaut euch unbedingt mal diese Kalender-App an. Ich habe so viele Apps durchprobiert und bin vor zwei Jahren dort gelandet. Diese App ist so wahnsinnig gut durchdacht, sehr h\u00fcbsch anzusehen und liefert regelm\u00e4\u00dfig und zeitgem\u00e4\u00df Updates nach.<\/p>\n<\/blockquote>\n<p>Der FirstSeed-Kalender ist eben erst f\u00fcr iOS 14 optimiert und mit neuen Widgets ausgestattet in Version 3.0 erschienen. In der kostenlosen Basisversion werben die Entwickler mit folgendem Funktionsumfang:<\/p>\n<ul>\n<li>Detaillierte Monatsansicht, die sich bei den meisten Aufgaben mit einer Hand bedienen l\u00e4sst<\/li>\n<li>Innovative Wochenansicht ohne vertikales Scrollen<\/li>\n<li>Listenansicht, die Ereignisse wie auf einem echten Terminplaner anzeigt<\/li>\n<li>Ereignisse k\u00f6nnen verschoben und dupliziert werden<\/li>\n<li>Zugriff auf Erinnerungen<\/li>\n<li>Vollbildansicht f\u00fcr Notizen<\/li>\n<li>Fl\u00fcssiges Scrollen f\u00fcr alle Kalenderansichten<\/li>\n<\/ul>\n<!-- WP-Appbox (Version: 4.5.12 \/\/ Store: appstore \/\/ ID: 1321260278) -->\t<!-- app-link -->\n\t<div id=\"article-single-app-preview\">\n\t\t<div id=\"article-single-app-preview-header\">\n\t\t\t<span class=\"title\">Laden im App Store<\/span>\n\t\t<\/div>\n\t\t<div id=\"article-single-app-preview-content\">\n\t\t\t<div id=\"article-single-app-preview-img\"><img loading=\"lazy\" decoding=\"async\" src=\"\/\/www.iphone-ticker.de\/wp-content\/cache\/wp-appbox\/31678c6a3ed7911bee4c2faf4e00125d\/ai-1102cacbaa2a34f547b1d1320c111311\" alt=\"FirstSeed Calendar\"  height=\"72\" width=\"72\" class=\"asl-icon-img\" \/><\/div>\n\t\t\t<div id=\"article-single-app-preview-desc\">\n\t\t\t\t<span class=\"name\">FirstSeed Calendar<\/span><br \/>\n\t\t\t\t<span class=\"seller\">Entwickler: <a target=\"_blank\" rel=\"nofollow\" href=\"https:\/\/apps.apple.com\/de\/developer\/firstseed-inc\/id1321260277\">FirstSeed Inc<\/a><\/span>\n\t\t\t<\/div>\n\t\t\t<a target=\"_blank\" rel=\"nofollow\" href=\"https:\/\/apps.apple.com\/de\/app\/firstseed-calendar\/id1321260278\"><div id=\"article-single-app-preview-download\">Preis: Kostenlos<sup>+<\/sup><br \/>\n\t\t\t<span class=\"size\">Laden<\/span><\/div><\/a>\n\t\t<\/div>\n\t\t<!-- <div id=\"article-single-app-preview-footer\"><\/div>\t-->\n\t<\/div>\n\t<!-- app-link\/ende --><!-- \/WP-Appbox -->\n","protected":false},"excerpt":{"rendered":"<a href=\"https:\/\/www.iphone-ticker.de\/weekcal-rudert-zurueck-firstseed-calendar-als-abo-freie-alternative-163485\/\"><img width=\"150\" height=\"150\" src=\"https:\/\/images.iphone-ticker.de\/wp-content\/uploads\/2020\/09\/firstseed-calendar-iphone-widget-ios-14-150x150.jpg\" class=\"alignright tfe wp-post-image\" alt=\"Firstseed Calendar Iphone Widget Ios 14\" decoding=\"async\" loading=\"lazy\" \/><\/a><p>Die Entwickler der Kalender-App WeekCalendar haben offenbar auf den Unmut ihrer Kunden und die Kritik an ihrem neu eingef\u00fchrten Abo-Modell reagiert. Mit dem heute ver\u00f6ffentlichten Update auf Version 13.2.2 wird die Anwendung wieder benutzbar. Urspr\u00fcnglich vorhandene Ansichten sind wieder verf\u00fcgbar und die neu hinzugekommenen Premium-Blockaden wurden entfernt. Eine Stellungnahme der Entwickler konnten wir bislang nicht [&hellip;]<\/p>\n","protected":false},"author":2,"featured_media":163488,"comment_status":"open","ping_status":"closed","sticky":false,"template":"","format":"standard","meta":{"footnotes":""},"categories":[39],"tags":[3914,5322,134,5321],"class_list":["post-163485","post","type-post","status-publish","format-standard","has-post-thumbnail","hentry","category-apps","tag-apps","tag-firstseed","tag-kalender","tag-weekcalendar"],"aioseo_notices":[],"subheadline":["Kalender-Apps"],"featured_image":["https:\/\/images.iphone-ticker.de\/wp-content\/uploads\/2020\/09\/firstseed-calendar-iphone-widget-ios-14.jpg"],"rest_api_enabler":{"subheadline":"Kalender-Apps","featured_image":"https:\/\/images.iphone-ticker.de\/wp-content\/uploads\/2020\/09\/firstseed-calendar-iphone-widget-ios-14.jpg"},"_links":{"self":[{"href":"https:\/\/www.iphone-ticker.de\/apiv2\/wp\/v2\/posts\/163485","targetHints":{"allow":["GET"]}}],"collection":[{"href":"https:\/\/www.iphone-ticker.de\/apiv2\/wp\/v2\/posts"}],"about":[{"href":"https:\/\/www.iphone-ticker.de\/apiv2\/wp\/v2\/types\/post"}],"author":[{"embeddable":true,"href":"https:\/\/www.iphone-ticker.de\/apiv2\/wp\/v2\/users\/2"}],"replies":[{"embeddable":true,"href":"https:\/\/www.iphone-ticker.de\/apiv2\/wp\/v2\/comments?post=163485"}],"version-history":[{"count":2,"href":"https:\/\/www.iphone-ticker.de\/apiv2\/wp\/v2\/posts\/163485\/revisions"}],"predecessor-version":[{"id":163489,"href":"https:\/\/www.iphone-ticker.de\/apiv2\/wp\/v2\/posts\/163485\/revisions\/163489"}],"wp:featuredmedia":[{"embeddable":true,"href":"https:\/\/www.iphone-ticker.de\/apiv2\/wp\/v2\/media\/163488"}],"wp:attachment":[{"href":"https:\/\/www.iphone-ticker.de\/apiv2\/wp\/v2\/media?parent=163485"}],"wp:term":[{"taxonomy":"category","embeddable":true,"href":"https:\/\/www.iphone-ticker.de\/apiv2\/wp\/v2\/categories?post=163485"},{"taxonomy":"post_tag","embeddable":true,"href":"https:\/\/www.iphone-ticker.de\/apiv2\/wp\/v2\/tags?post=163485"}],"curies":[{"name":"wp","href":"https:\/\/api.w.org\/{rel}","templated":true}]}}