{"id":163082,"date":"2020-09-15T14:32:30","date_gmt":"2020-09-15T12:32:30","guid":{"rendered":"https:\/\/www.iphone-ticker.de\/?p=163082"},"modified":"2020-09-15T14:32:30","modified_gmt":"2020-09-15T12:32:30","slug":"fuer-apple-watch-verrueckte-bandbreite-kommt-als-app","status":"publish","type":"post","link":"https:\/\/www.iphone-ticker.de\/fuer-apple-watch-verrueckte-bandbreite-kommt-als-app-163082\/","title":{"rendered":"F\u00fcr Apple-Watch-Verr\u00fcckte: Bandbreite kommt als App"},"content":{"rendered":"<p>Anfang Juni haben wir euch die hervorragende <a href=\"https:\/\/bandbreite.watch\/\">Apple Watch-Plakate<\/a> des Designers Filip Chudzinski vorgestellt. Dieser k\u00fcmmert sich nicht nur um die Gestaltung der ifun.de-App und der zugeh\u00f6rigen Webseiten, sondern hat seine Finger in zahlreichen Projekten mit Apple-Bezug zu stecken.<\/p>\n<p><a href=\"https:\/\/images.iphone-ticker.de\/wp-content\/uploads\/2020\/09\/160516_bandbreite_img_11.jpg\"><img loading=\"lazy\" decoding=\"async\" class=\"aligncenter size-medium wp-image-163083\" src=\"https:\/\/images.iphone-ticker.de\/wp-content\/uploads\/2020\/09\/160516_bandbreite_img_11-500x281.jpg\" alt=\"160516 Bandbreite Img 11\" width=\"500\" height=\"281\" srcset=\"https:\/\/images.iphone-ticker.de\/wp-content\/uploads\/2020\/09\/160516_bandbreite_img_11-500x281.jpg 500w, https:\/\/images.iphone-ticker.de\/wp-content\/uploads\/2020\/09\/160516_bandbreite_img_11-700x394.jpg 700w, https:\/\/images.iphone-ticker.de\/wp-content\/uploads\/2020\/09\/160516_bandbreite_img_11-1536x864.jpg 1536w, https:\/\/images.iphone-ticker.de\/wp-content\/uploads\/2020\/09\/160516_bandbreite_img_11.jpg 2000w\" sizes=\"auto, (max-width: 500px) 100vw, 500px\" \/><\/a><\/p>\n<p>Als Storetellee informiert Chudzinski umfassend, zeitnah und engagiert zu allen Themen die Apples Filialgesch\u00e4fte betreffen und betreut nicht nur die sehenswerte storeteller.de-Webseite zum Thema, sondern auch den Twitter-Account <a href=\"https:\/\/twitter.com\/storetellee\">@Storetellee<\/a>, der euch stets sehr fr\u00fch \u00fcber Neuer\u00f6ffnungen, Interieur-\u00c4nderungen und den Flurfunk der weltweiten Ladengesch\u00e4fte Apples auf dem Laufenden h\u00e4lt.<\/p>\n<p>Ebenfalls im Blick des Designers: Die f\u00fcr die Apple Watch erh\u00e4ltlichen Armb\u00e4nder. Unter der Schlagwort <a href=\"https:\/\/bandbreite.watch\/tray\/\">Bandbreite<\/a> lancierte Chudzinski bereits <a href=\"https:\/\/www.iphone-ticker.de\/bandbreite-ein-diy-laser-projekt-fuer-die-apple-watch-97270\/#\">im Mai 2016 ein DIY-Projekt<\/a> zur Aufbewahrung und Pr\u00e4sentation der eigenen Sammlung schon erworbener Watch-Armb\u00e4nder.<\/p>\n<p><a href=\"https:\/\/images.iphone-ticker.de\/wp-content\/uploads\/2020\/09\/20200612-bandbreitewatch-chart-preview-01.jpg\"><img loading=\"lazy\" decoding=\"async\" class=\"aligncenter size-large wp-image-163084\" src=\"https:\/\/images.iphone-ticker.de\/wp-content\/uploads\/2020\/09\/20200612-bandbreitewatch-chart-preview-01-700x467.jpg\" alt=\"20200612 Bandbreitewatch Chart Preview 01\" width=\"700\" height=\"467\" srcset=\"https:\/\/images.iphone-ticker.de\/wp-content\/uploads\/2020\/09\/20200612-bandbreitewatch-chart-preview-01-700x467.jpg 700w, https:\/\/images.iphone-ticker.de\/wp-content\/uploads\/2020\/09\/20200612-bandbreitewatch-chart-preview-01-500x333.jpg 500w, https:\/\/images.iphone-ticker.de\/wp-content\/uploads\/2020\/09\/20200612-bandbreitewatch-chart-preview-01-1536x1024.jpg 1536w, https:\/\/images.iphone-ticker.de\/wp-content\/uploads\/2020\/09\/20200612-bandbreitewatch-chart-preview-01.jpg 1920w\" sizes=\"auto, (max-width: 700px) 100vw, 700px\" \/><\/a><\/p>\n<p>Das <a href=\"https:\/\/bandbreite.watch\/tray\/\">hier<\/a> beschriebene Projekt l\u00e4sst sich aus Acryl- oder Plexiglas nachbauen und weist, fertig zusammengesetzt, deutliche \u00c4hnlichkeiten mit den auch im Apple Store eingesetzten Pr\u00e4sentationstablets auf.<\/p>\n<p>Auf die Laserschnitt-Spielerei folgte das eingangs erw\u00e4hnte <a href=\"https:\/\/bandbreite.watch\/\">Plakat-Projekt<\/a>, das alle der bislang erscheinenden Apple Watch Armb\u00e4nder abbildet und Fans der Computeruhr aus Cupertino mit einer beispiellosen Referenz versorgt.<\/p>\n<p>Das Kompendium wird zum Start von iOS 14 auch als iOS-Anwendung bereitstehen.<\/p>\n<p><a href=\"https:\/\/images.iphone-ticker.de\/wp-content\/uploads\/2020\/09\/20200915-Bandbreite-App-02-Overview.jpg\"><img loading=\"lazy\" decoding=\"async\" class=\"aligncenter size-large wp-image-163085\" src=\"https:\/\/images.iphone-ticker.de\/wp-content\/uploads\/2020\/09\/20200915-Bandbreite-App-02-Overview-700x482.jpg\" alt=\"20200915 Bandbreite App 02 Overview\" width=\"700\" height=\"482\" srcset=\"https:\/\/images.iphone-ticker.de\/wp-content\/uploads\/2020\/09\/20200915-Bandbreite-App-02-Overview-700x482.jpg 700w, https:\/\/images.iphone-ticker.de\/wp-content\/uploads\/2020\/09\/20200915-Bandbreite-App-02-Overview-500x344.jpg 500w, https:\/\/images.iphone-ticker.de\/wp-content\/uploads\/2020\/09\/20200915-Bandbreite-App-02-Overview-1536x1057.jpg 1536w, https:\/\/images.iphone-ticker.de\/wp-content\/uploads\/2020\/09\/20200915-Bandbreite-App-02-Overview-2048x1409.jpg 2048w\" sizes=\"auto, (max-width: 700px) 100vw, 700px\" \/><\/a><\/p>\n<p>Diese befindet sich aktuell bereits im Betatest und kann mit Hilfe der offiziellen TestFlight-Anwendung Apples schon jetzt installiert werden. Ihr ben\u00f6tigt dazu nur den folgenden Link:<\/p>\n<ul>\n<li><b><a href=\"https:\/\/testflight.apple.com\/join\/R9YHNiz8\">Bandbreite Beta auf TestFlight<\/a><\/b><\/li>\n<\/ul>\n<p>Die App selbst, eine Kollaboration mehrer Entwickler und Gestalter, stellt sich <a href=\"https:\/\/bandbreite.watch\/app\/\">auf dieser Sonderseite<\/a> vor und wird Apple-Watch-Verr\u00fcckten das Verwalten der eigenen Armband-Sammlung erm\u00f6glichen &#8211; Statistiken und Wunschliste inklusive.<\/p>\n<p>Wenn ihr bis hier hin gelesen haben, dann besucht die folgenden Webseiten:<\/p>\n<ul>\n<li>Bandbreite &#8211; <a href=\"https:\/\/bandbreite.watch\/tray\/\">Der Apple Watch Tray aus Plexiglas<\/a><\/li>\n<li>Bandbreite &#8211; <a href=\"https:\/\/bandbreite.watch\/\">Das Apple Watch Armband-Plakat<\/a><\/li>\n<li>Bandbreite &#8211; <a href=\"https:\/\/bandbreite.watch\/app\/\">Die iPhone-App<\/a><\/li>\n<li><a href=\"https:\/\/twitter.com\/storetellee\">@Storetellee auf Twitter<\/a><\/li>\n<\/ul>\n<p><img loading=\"lazy\" decoding=\"async\" class=\"tracking\" src=\"https:\/\/vg07.met.vgwort.de\/na\/82f016c8c5ef402eac9a14ce74be4ec8\" width=\"1\" height=\"1\" \/><\/p>\n","protected":false},"excerpt":{"rendered":"<a href=\"https:\/\/www.iphone-ticker.de\/fuer-apple-watch-verrueckte-bandbreite-kommt-als-app-163082\/\"><img width=\"150\" height=\"150\" src=\"https:\/\/images.iphone-ticker.de\/wp-content\/uploads\/2020\/09\/bandbreite-feature-150x150.jpg\" class=\"alignright tfe wp-post-image\" alt=\"Bandbreite Feature\" decoding=\"async\" loading=\"lazy\" \/><\/a><p>Anfang Juni haben wir euch die hervorragende Apple Watch-Plakate des Designers Filip Chudzinski vorgestellt. Dieser k\u00fcmmert sich nicht nur um die Gestaltung der ifun.de-App und der zugeh\u00f6rigen Webseiten, sondern hat seine Finger in zahlreichen Projekten mit Apple-Bezug zu stecken. Als Storetellee informiert Chudzinski umfassend, zeitnah und engagiert zu allen Themen die Apples Filialgesch\u00e4fte betreffen und [&hellip;]<\/p>\n","protected":false},"author":1,"featured_media":163086,"comment_status":"open","ping_status":"closed","sticky":false,"template":"","format":"standard","meta":{"footnotes":""},"categories":[1],"tags":[2759,3914,3152,386,78,2897],"class_list":["post-163082","post","type-post","status-publish","format-standard","has-post-thumbnail","hentry","category-news","tag-apple-watch","tag-apps","tag-armbaender","tag-beta","tag-design","tag-testflight"],"aioseo_notices":[],"subheadline":["Beta-Download \u00fcber TestFlight"],"featured_image":["https:\/\/images.iphone-ticker.de\/wp-content\/uploads\/2020\/09\/bandbreite-feature.jpg"],"rest_api_enabler":{"subheadline":"Beta-Download \u00fcber TestFlight","featured_image":"https:\/\/images.iphone-ticker.de\/wp-content\/uploads\/2020\/09\/bandbreite-feature.jpg"},"_links":{"self":[{"href":"https:\/\/www.iphone-ticker.de\/apiv2\/wp\/v2\/posts\/163082","targetHints":{"allow":["GET"]}}],"collection":[{"href":"https:\/\/www.iphone-ticker.de\/apiv2\/wp\/v2\/posts"}],"about":[{"href":"https:\/\/www.iphone-ticker.de\/apiv2\/wp\/v2\/types\/post"}],"author":[{"embeddable":true,"href":"https:\/\/www.iphone-ticker.de\/apiv2\/wp\/v2\/users\/1"}],"replies":[{"embeddable":true,"href":"https:\/\/www.iphone-ticker.de\/apiv2\/wp\/v2\/comments?post=163082"}],"version-history":[{"count":1,"href":"https:\/\/www.iphone-ticker.de\/apiv2\/wp\/v2\/posts\/163082\/revisions"}],"predecessor-version":[{"id":163087,"href":"https:\/\/www.iphone-ticker.de\/apiv2\/wp\/v2\/posts\/163082\/revisions\/163087"}],"wp:featuredmedia":[{"embeddable":true,"href":"https:\/\/www.iphone-ticker.de\/apiv2\/wp\/v2\/media\/163086"}],"wp:attachment":[{"href":"https:\/\/www.iphone-ticker.de\/apiv2\/wp\/v2\/media?parent=163082"}],"wp:term":[{"taxonomy":"category","embeddable":true,"href":"https:\/\/www.iphone-ticker.de\/apiv2\/wp\/v2\/categories?post=163082"},{"taxonomy":"post_tag","embeddable":true,"href":"https:\/\/www.iphone-ticker.de\/apiv2\/wp\/v2\/tags?post=163082"}],"curies":[{"name":"wp","href":"https:\/\/api.w.org\/{rel}","templated":true}]}}