{"id":162498,"date":"2020-09-02T15:11:25","date_gmt":"2020-09-02T13:11:25","guid":{"rendered":"https:\/\/www.iphone-ticker.de\/?p=162498"},"modified":"2020-09-07T07:16:17","modified_gmt":"2020-09-07T05:16:17","slug":"vage-ankuendigung-neue-apple-produkte-am-8-september","status":"publish","type":"post","link":"https:\/\/www.iphone-ticker.de\/vage-ankuendigung-neue-apple-produkte-am-8-september-162498\/","title":{"rendered":"Vage Ank\u00fcndigung: Neue Apple-Produkte am 8. September?"},"content":{"rendered":"<p>Den Dienstag n\u00e4chster Woche k\u00f6nnt ihr euch schon mal im Kalender anstreichen: Wenn es gut l\u00e4uft, sehen wir an diesem Tag n\u00e4mlich neue Apple-Produkte. Ein Tweet von Jon Prosser l\u00e4sst dergleichen jedenfalls hoffen. Eine von Prossers in der Regel recht zuverl\u00e4ssigen Quellen hat ihm wohl gesteckt, dass am 8. September zwischen 15 und 18 Uhr unserer Zeit \u201eetwas\u201c auf der Apple-Webseite passieren wird. Weitere Details werden leider nicht genannt.<\/p>\n<blockquote class=\"twitter-tweet\">\n<p lang=\"en\" dir=\"ltr\">I\u2019m being told that *something* is happening on Apple\u2019s website on Tuesday, September 8th. <\/p>\n<p>Between 9:00-12:00 EST.<\/p>\n<p>&mdash; Jon Prosser (@jon_prosser) <a href=\"https:\/\/twitter.com\/jon_prosser\/status\/1300917132885200897?ref_src=twsrc%5Etfw\">September 1, 2020<\/a><\/p><\/blockquote>\n<p> <script async src=\"https:\/\/platform.twitter.com\/widgets.js\" charset=\"utf-8\"><\/script><\/p>\n<p>Die Ank\u00fcndigung deckt sich aber mit einem schon vor Wochen von Prosser lancierten <a href=\"https:\/\/www.iphone-ticker.de\/apple-termine-apple-watch-und-ipad-im-september-iphone-12-im-oktober-161575\/\">Zeitplan<\/a>, dem zufolge wir in der kommenden Woche mit der Ank\u00fcndigung der Apple Watch Series 6 und neuer iPad-Modelle in Form von Pressemitteilungen rechnen d\u00fcrfen. Dies h\u00e4tte nat\u00fcrlich auch zur Folge, dass die neuen Produkte auf der Webseite pr\u00e4sentiert werden und eine M\u00f6glichkeit zur Vorbestellung eingerichtet oder zumindest vorbereitet wird.<\/p>\n<h2>Neue Apple-Produkte ab 18. September lieferbar?<\/h2>\n<p>Mit Blick auf einen m\u00f6glichen zeitlichen Ablauf bei Neuvorstellungen ohne Special Event ziehen wir den Vergleich zum iPhone SE im April. Das Ger\u00e4t wurde mittwochs per Pressemitteilung und \u00fcberarbeiteter Webseite angek\u00fcndigt, konnte ab Freitag dann vorbestellt werden und wurde eine Woche sp\u00e4ter ausgeliefert. Auf die kommende Woche \u00fcbertragen hie\u00dfe das, dass man ab Freitag, 11. September vorbestellen kann und die neuen Ger\u00e4te dann eine Woche sp\u00e4ter am 18. September erh\u00e4ltlich sind. Vorausgesetzt wie gesagt, dass wir kommende Woche etwas neues sehen.<\/p>\n<p>Mit Blick auf den Zeitpunkt der Apple-Watch-Ank\u00fcndigung sind sich <a href=\"https:\/\/www.iphone-ticker.de\/zulieferer-neue-apple-watch-kommt-mit-airtags-und-iphone-12-erst-im-oktober-162388\/\">nicht alle Ger\u00fcchtek\u00f6che<\/a> einig. Es w\u00e4re wie schon gesagt sehr ungew\u00f6hnlich, wenn Apple die Apple Watch Series 6 in diesem Jahr tats\u00e4chlich vor den neuen iPhone-Modellen vorstellt. Auch weil ab dem Zeitpunkt der Auslieferung der Uhr wohl zwingend watchOS 7 und damit verbunden iOS 14 verf\u00fcgbar sein m\u00fcsste. Doch Prossers Quellen gaben sich diesbez\u00fcglich sehr sicher.<\/p>\n<p>Bez\u00fcglich des Vorstellungstermins des iPhone 12 herrscht dagegen weitgehend Einigkeit. Vor Mitte Oktober wird sich hier nichts tun, Apple selbst hat bereits <a href=\"https:\/\/www.iphone-ticker.de\/apple-bestaetigt-iphone-12-kommt-verspaetet-160993\/\">best\u00e4tigt<\/a>, dass die neuen iPhone-Modelle in diesem Jahr erst versp\u00e4tet auf den Markt kommen werden.<img loading=\"lazy\" decoding=\"async\" src=\"https:\/\/vg02.met.vgwort.de\/na\/b3e26ea7442844769dcb30a23a480392\" width=\"1\" height=\"1\" class=\"tracking\"><\/p>\n","protected":false},"excerpt":{"rendered":"<a href=\"https:\/\/www.iphone-ticker.de\/vage-ankuendigung-neue-apple-produkte-am-8-september-162498\/\"><img decoding=\"async\" width=\"150\" src=\"https:\/\/vg02.met.vgwort.de\/na\/b3e26ea7442844769dcb30a23a480392\" class=\"alignright wp-post-image tfe\" alt=\"\" title=\"\" \/><\/a><p>Den Dienstag n\u00e4chster Woche k\u00f6nnt ihr euch schon mal im Kalender anstreichen: Wenn es gut l\u00e4uft, sehen wir an diesem Tag n\u00e4mlich neue Apple-Produkte. Ein Tweet von Jon Prosser l\u00e4sst dergleichen jedenfalls hoffen. Eine von Prossers in der Regel recht zuverl\u00e4ssigen Quellen hat ihm wohl gesteckt, dass am 8. September zwischen 15 und 18 Uhr [&hellip;]<\/p>\n","protected":false},"author":2,"featured_media":0,"comment_status":"open","ping_status":"closed","sticky":false,"template":"","format":"standard","meta":{"footnotes":""},"categories":[14,1975],"tags":[5298,3912,3833],"class_list":["post-162498","post","type-post","status-publish","format-standard","hentry","category-apple","category-feature","tag-anuendigung","tag-apple","tag-webseite"],"aioseo_notices":[],"subheadline":["\"Something happening on Apples Website\""],"featured_image":["https:\/\/images.ifun.de\/wp-content\/uploads\/2014\/08\/apple-logo-keynote-header.jpg"],"rest_api_enabler":{"subheadline":"\"Something happening on Apples Website\"","featured_image":"https:\/\/images.ifun.de\/wp-content\/uploads\/2014\/08\/apple-logo-keynote-header.jpg"},"_links":{"self":[{"href":"https:\/\/www.iphone-ticker.de\/apiv2\/wp\/v2\/posts\/162498","targetHints":{"allow":["GET"]}}],"collection":[{"href":"https:\/\/www.iphone-ticker.de\/apiv2\/wp\/v2\/posts"}],"about":[{"href":"https:\/\/www.iphone-ticker.de\/apiv2\/wp\/v2\/types\/post"}],"author":[{"embeddable":true,"href":"https:\/\/www.iphone-ticker.de\/apiv2\/wp\/v2\/users\/2"}],"replies":[{"embeddable":true,"href":"https:\/\/www.iphone-ticker.de\/apiv2\/wp\/v2\/comments?post=162498"}],"version-history":[{"count":6,"href":"https:\/\/www.iphone-ticker.de\/apiv2\/wp\/v2\/posts\/162498\/revisions"}],"predecessor-version":[{"id":162504,"href":"https:\/\/www.iphone-ticker.de\/apiv2\/wp\/v2\/posts\/162498\/revisions\/162504"}],"wp:attachment":[{"href":"https:\/\/www.iphone-ticker.de\/apiv2\/wp\/v2\/media?parent=162498"}],"wp:term":[{"taxonomy":"category","embeddable":true,"href":"https:\/\/www.iphone-ticker.de\/apiv2\/wp\/v2\/categories?post=162498"},{"taxonomy":"post_tag","embeddable":true,"href":"https:\/\/www.iphone-ticker.de\/apiv2\/wp\/v2\/tags?post=162498"}],"curies":[{"name":"wp","href":"https:\/\/api.w.org\/{rel}","templated":true}]}}