{"id":162388,"date":"2020-09-01T08:35:20","date_gmt":"2020-09-01T06:35:20","guid":{"rendered":"https:\/\/www.iphone-ticker.de\/?p=162388"},"modified":"2020-09-01T08:39:52","modified_gmt":"2020-09-01T06:39:52","slug":"zulieferer-neue-apple-watch-kommt-mit-airtags-und-iphone-12-erst-im-oktober","status":"publish","type":"post","link":"https:\/\/www.iphone-ticker.de\/zulieferer-neue-apple-watch-kommt-mit-airtags-und-iphone-12-erst-im-oktober-162388\/","title":{"rendered":"Zulieferer: Neue Apple Watch kommt mit AirTags und iPhone 12 erst im Oktober"},"content":{"rendered":"<p>Wir d\u00fcrfen gespannt auf die kommende Woche blicken. Dem gew\u00f6hnlich gut informierten Blogger <a href=\"https:\/\/www.iphone-ticker.de\/apple-termine-apple-watch-und-ipad-im-september-iphone-12-im-oktober-161575\/\">Jon Prosser zufolge<\/a> sollen wir ja da schon die Apple Watch Series 6 und neue iPads sehen. Die japanische Webseite <a href=\"http:\/\/www.macotakara.jp\/blog\/rumor\/entry-40223.html\">MacOtakara<\/a> will dagegen wissen, dass die neue Apple Watch erst sp\u00e4t im Oktober kommt. Dann zusammen mit den neuen iPhone-Modellen und Apples \u201eSchl\u00fcsselfindern\u201c AirTags.<\/p>\n<p>MacOtakara hebt in der Meldung auf die AirTags ab und beruft sich hinsichtlich des Termins auf Informationen von chinesischen Zulieferern. Dem zufolge sollen die AirTags gemeinsam mit dem iPhone 12 und der Apple Watch Series 6 auf einem Apple-Event erst in der zweiten Oktoberh\u00e4lfte vorgestellt werden.<\/p>\n<blockquote class=\"twitter-tweet\">\n<p lang=\"en\" dir=\"ltr\">Things just got verrry interesting &#x1f440;<\/p>\n<p>Which one do you think it is?<\/p>\n<p>Apple Watch next week, or next month? &#x1f914; <a href=\"https:\/\/t.co\/pd5AJYF1BB\">pic.twitter.com\/pd5AJYF1BB<\/a><\/p>\n<p>&mdash; Jon Prosser (@jon_prosser) <a href=\"https:\/\/twitter.com\/jon_prosser\/status\/1300543710208372736?ref_src=twsrc%5Etfw\">August 31, 2020<\/a><\/p><\/blockquote>\n<p> <script async src=\"https:\/\/platform.twitter.com\/widgets.js\" charset=\"utf-8\"><\/script><\/p>\n<p>Gerade mit Blick auf die mittlerweile <a href=\"https:\/\/www.iphone-ticker.de\/apple-bestaetigt-iphone-12-kommt-verspaetet-160993\/\">best\u00e4tigte<\/a> Versp\u00e4tung der iPhone-Vorstellung und die Tradition, die neue Apple Watch stets gemeinsam mit den neuen iPhone-Modellen vorzustellen, w\u00fcrden wir eigentlich auch auf den Oktober anstelle von n\u00e4chster Woche wetten. Jon Prosser gibt sich hinsichtlicher seiner Prognose \u201eApple Watch Anfang September, iPhones ab Mitte Oktober\u201c jedoch weiterhin sehr sicher. Die Frage, warum Apple die Uhr unabh\u00e4ngig von den neuen iPhone-Modellen vorstellen solle, beantwortet er damit, dass in diesem Jahr alles anders sei. Es habe auch keinen Sinn ergeben, dass Apple mit dem iPhone SE ein nagelneues iPhone schlicht per Pressemitteilung eingef\u00fchrt habe, dennoch h\u00e4tten sie es getan.<\/p>\n<p>Eine m\u00f6gliche Begr\u00fcndung f\u00fcr Letzteres liefert wiederum MacOtakara. Den Japanern zufolge sollten die AirTags urspr\u00fcnglich schon gemeinsam mit dem iPhone SE vorgestellt werden, dies sei dann aber verschoben worden. In der Tat w\u00e4re bei der Pr\u00e4sentation von iPhone SE und den AirTags ein \u201eSpecial Event\u201c wohl unumg\u00e4nglich gewesen. Vielleicht war also die schlichte Vorstellung des iPhone SE auch nur eine Notl\u00f6sung?<\/p>\n<h2>AirTags: Apple lieferte schon mehrfach Hinweise<\/h2>\n<p>Ger\u00fcchte um ein Apple-Produkt namens AirTags machen schon seit gut einem Jahr die Runde und es steht auch au\u00dfer Frage, dass Apple an einem eigenen Schl\u00fcsselfinder in der Art von <a href=\"https:\/\/www.iphone-ticker.de\/tile-bluetooth-tracker-fuer-verlorene-schluessel-und-geldbeutel-143940\/\" title=\"Tile\">Tile<\/a> arbeitet. Apple selbst hat uns mit <a href=\"https:\/\/www.iphone-ticker.de\/ios-13-2-enthaelt-hinweis-auf-airtag-schluesselfinder-von-apple-148926\/\">iOS 13.2<\/a> sowie einem <a href=\"https:\/\/www.iphone-ticker.de\/apple-patzt-video-nennt-airtags-beim-namen-155677\/\" title=\"Apple patzt: Video nennt AirTags beim Namen [Update]\">Hilfevideo<\/a> bereits eindeutige Hinweise auf diese Funktion und auch den Namen \u201eAirTags\u201c gegeben.<\/p>\n<p>Auf eine Vorstellung der AirTags war urspr\u00fcnglich bereits im vergangenen Jahr im Zusammenhang mit der mit iOS 13 und macOS Catalina eingef\u00fchrten Suchfunktion \u201eWo ist?\u201c gehofft worden (Bild oben). Seither haben sich Ger\u00fcchte \u00fcber einen anstehenden Start der AirTags und Probleme bei deren Entwicklung abgewechselt. Wir gehen davon aus, dass Apple einen Produktstart weiterhin vorbereitet.<img loading=\"lazy\" decoding=\"async\" src=\"https:\/\/vg02.met.vgwort.de\/na\/c9c78644bc604a278026d582836c642a\" width=\"1\" height=\"1\" class=\"tracking\"><\/p>\n","protected":false},"excerpt":{"rendered":"<a href=\"https:\/\/www.iphone-ticker.de\/zulieferer-neue-apple-watch-kommt-mit-airtags-und-iphone-12-erst-im-oktober-162388\/\"><img decoding=\"async\" width=\"150\" src=\"https:\/\/vg02.met.vgwort.de\/na\/c9c78644bc604a278026d582836c642a\" class=\"alignright wp-post-image tfe\" alt=\"\" title=\"\" \/><\/a><p>Wir d\u00fcrfen gespannt auf die kommende Woche blicken. Dem gew\u00f6hnlich gut informierten Blogger Jon Prosser zufolge sollen wir ja da schon die Apple Watch Series 6 und neue iPads sehen. Die japanische Webseite MacOtakara will dagegen wissen, dass die neue Apple Watch erst sp\u00e4t im Oktober kommt. Dann zusammen mit den neuen iPhone-Modellen und Apples [&hellip;]<\/p>\n","protected":false},"author":2,"featured_media":0,"comment_status":"open","ping_status":"closed","sticky":false,"template":"","format":"standard","meta":{"footnotes":""},"categories":[1],"tags":[5031,5274,4946],"class_list":["post-162388","post","type-post","status-publish","format-standard","hentry","category-news","tag-airtags","tag-apple-watch-series-6","tag-iphone-12"],"aioseo_notices":[],"subheadline":["Nicht schon n\u00e4chste Woche?"],"featured_image":["https:\/\/images.iphone-ticker.de\/wp-content\/uploads\/2019\/06\/apple-find-my-app.jpg"],"rest_api_enabler":{"subheadline":"Nicht schon n\u00e4chste Woche?","featured_image":"https:\/\/images.iphone-ticker.de\/wp-content\/uploads\/2019\/06\/apple-find-my-app.jpg"},"_links":{"self":[{"href":"https:\/\/www.iphone-ticker.de\/apiv2\/wp\/v2\/posts\/162388","targetHints":{"allow":["GET"]}}],"collection":[{"href":"https:\/\/www.iphone-ticker.de\/apiv2\/wp\/v2\/posts"}],"about":[{"href":"https:\/\/www.iphone-ticker.de\/apiv2\/wp\/v2\/types\/post"}],"author":[{"embeddable":true,"href":"https:\/\/www.iphone-ticker.de\/apiv2\/wp\/v2\/users\/2"}],"replies":[{"embeddable":true,"href":"https:\/\/www.iphone-ticker.de\/apiv2\/wp\/v2\/comments?post=162388"}],"version-history":[{"count":6,"href":"https:\/\/www.iphone-ticker.de\/apiv2\/wp\/v2\/posts\/162388\/revisions"}],"predecessor-version":[{"id":162394,"href":"https:\/\/www.iphone-ticker.de\/apiv2\/wp\/v2\/posts\/162388\/revisions\/162394"}],"wp:attachment":[{"href":"https:\/\/www.iphone-ticker.de\/apiv2\/wp\/v2\/media?parent=162388"}],"wp:term":[{"taxonomy":"category","embeddable":true,"href":"https:\/\/www.iphone-ticker.de\/apiv2\/wp\/v2\/categories?post=162388"},{"taxonomy":"post_tag","embeddable":true,"href":"https:\/\/www.iphone-ticker.de\/apiv2\/wp\/v2\/tags?post=162388"}],"curies":[{"name":"wp","href":"https:\/\/api.w.org\/{rel}","templated":true}]}}