{"id":16232,"date":"2010-12-05T13:55:26","date_gmt":"2010-12-05T12:55:26","guid":{"rendered":"http:\/\/www.iphone-ticker.de\/?p=16232"},"modified":"2010-12-05T14:00:50","modified_gmt":"2010-12-05T13:00:50","slug":"apple-store-sichtungen-bestatigen-reuters-meldung-weises-iphone-im-fruhjahr-2011","status":"publish","type":"post","link":"https:\/\/www.iphone-ticker.de\/apple-store-sichtungen-bestatigen-reuters-meldung-weises-iphone-im-fruhjahr-2011-16232\/","title":{"rendered":"Apple Store-Sichtungen best\u00e4tigen Reuters-Meldung: Wei\u00dfes iPhone im Fr\u00fchjahr 2011"},"content":{"rendered":"<p><a href=\"http:\/\/www.iphone-ticker.de\/wp-content\/uploads\/2010\/10\/weisses_iphone.jpg\"><img loading=\"lazy\" decoding=\"async\" class=\"alignright\" title=\"Weisses iPhone 4\" src=\"http:\/\/www.iphone-ticker.de\/wp-content\/uploads\/2010\/10\/weisses_iphone.jpg\" alt=\"\" width=\"98\" height=\"133\" \/><\/a>So wie es <a href=\"http:\/\/www.9to5mac.com\/wp-content\/uploads\/2010\/12\/whiteiphone4spring925mac.png\">aussieht<\/a>, werden wir den Spekulationen um den m\u00f6glichen Verkaufsstart des wei\u00dfes iPhone 4-Modells zuk\u00fcnftig keinen Platz mehr in unseren News einr\u00e4umen m\u00fcssen. Apple, so scheint es, hat nach wie vor das Fr\u00fchjahr 2011 f\u00fcr den Marktstart des wei\u00dfen Ger\u00e4temodells ins Auge gefasst und informiert dar\u00fcber nun auch <a href=\"http:\/\/www.9to5mac.com\/40224\/apple-announces-white-iphone-4-for-spring-2011\">auf den Demo-Tischen<\/a> der amerikanischen Apple Store-Filialen:<\/p>\n<blockquote><p>The white iPhone 4 will be available spring 2011.<\/p><\/blockquote>\n<p>Die vage Terminzusage, &#8222;das Fr\u00fchjahr 2011&#8220;, wurde zuletzt von der Nachrichtenagentur Reuters <a href=\"http:\/\/www.iphone-ticker.de\/2010\/10\/27\/apple-das-weise-iphone-4-kommt-erst-im-fruhjahr-2011\/\">kommuniziert<\/a>. Apple hatte den Verkaufsstart des wei\u00dfen iPhones Wochen zuvor noch f\u00fcr das diesj\u00e4hrige <a href=\"http:\/\/www.iphone-ticker.de\/2010\/09\/20\/steve-jobs-das-weise-iphone-4-spatestens-zu-weihnachten\/\">Weihnachtsgesch\u00e4ft vorgesehen<\/a> \u2013 schon im Juni jedoch mit teils widerspr\u00fcchlichen Meldungen f\u00fcr Verwirrung gesorgt. Wer sich f\u00fcr das Thema interessiert sollte folgenden Artikeln einen Besuch abstatten:<\/p>\n<ul>\n<li><a href=\"http:\/\/www.iphone-ticker.de\/2010\/06\/23\/weises-iphone-4-erst-in-der-2-juli-halfte\/\">Apple: Wei\u00dfes iPhone 4 erst in der 2. Juli-H\u00e4lfte<\/a><\/li>\n<li><a href=\"http:\/\/www.iphone-ticker.de\/2010\/07\/12\/weises-iphone-4-vermutlich-ab-28-juli-lieferbar\/\">Wei\u00dfes iPhone 4 vermutlich ab 28. Juli lieferbar<\/a><\/li>\n<li><a href=\"http:\/\/www.iphone-ticker.de\/2010\/07\/19\/das-weise-iphone-4-drei-glas-displays-pro-stunde-und-probleme-mit-der-farbe\/\">Drei Glas-Displays pro Stunde und Probleme mit der Farbe<\/a><\/li>\n<li><a href=\"http:\/\/www.iphone-ticker.de\/2010\/08\/09\/sieben-zweizeiler-locktopus-weises-iphone-4-hintergrund-tricks-comic-avatare-reel-director-android-und-mehr\/\">Apple merzt Produktionsfehler beim wei\u00dfen iPhone aus<\/a><\/li>\n<li><a href=\"http:\/\/www.iphone-ticker.de\/2010\/10\/27\/gerucht-weises-iphone-4-gestrichen-erst-wieder-iphone-5-mit-weisem-gehause\/\">Ger\u00fccht: Kein wei\u00dfes iPhone 4, erst 5. Generation kommt wieder mit wei\u00dfem Geh\u00e4use [Update]<\/a><\/li>\n<li><a href=\"http:\/\/www.iphone-ticker.de\/2010\/10\/27\/apple-das-weise-iphone-4-kommt-erst-im-fruhjahr-2011\/\">Apple: Das wei\u00dfe iPhone 4 kommt erst im Fr\u00fchjahr 2011<\/a><\/li>\n<\/ul>\n<p>Danke Sotto. <\/p>\n","protected":false},"excerpt":{"rendered":"<a href=\"https:\/\/www.iphone-ticker.de\/apple-store-sichtungen-bestatigen-reuters-meldung-weises-iphone-im-fruhjahr-2011-16232\/\"><img decoding=\"async\" width=\"150\" src=\"http:\/\/www.iphone-ticker.de\/wp-content\/uploads\/2010\/10\/weisses_iphone.jpg\" class=\"alignright wp-post-image tfe\" alt=\"\" title=\"Weisses iPhone 4\" \/><\/a><p>So wie es aussieht, werden wir den Spekulationen um den m\u00f6glichen Verkaufsstart des wei\u00dfes iPhone 4-Modells zuk\u00fcnftig keinen Platz mehr in unseren News einr\u00e4umen m\u00fcssen. Apple, so scheint es, hat nach wie vor das Fr\u00fchjahr 2011 f\u00fcr den Marktstart des wei\u00dfen Ger\u00e4temodells ins Auge gefasst und informiert dar\u00fcber nun auch auf den Demo-Tischen der amerikanischen [&hellip;]<\/p>\n","protected":false},"author":1,"featured_media":0,"comment_status":"open","ping_status":"closed","sticky":false,"template":"","format":"standard","meta":{"footnotes":""},"categories":[1,6],"tags":[3912,671,635],"class_list":["post-16232","post","type-post","status-publish","format-standard","hentry","category-news","category-rumors","tag-apple","tag-gerucht","tag-iphone-4"],"aioseo_notices":[],"rest_api_enabler":[],"_links":{"self":[{"href":"https:\/\/www.iphone-ticker.de\/apiv2\/wp\/v2\/posts\/16232","targetHints":{"allow":["GET"]}}],"collection":[{"href":"https:\/\/www.iphone-ticker.de\/apiv2\/wp\/v2\/posts"}],"about":[{"href":"https:\/\/www.iphone-ticker.de\/apiv2\/wp\/v2\/types\/post"}],"author":[{"embeddable":true,"href":"https:\/\/www.iphone-ticker.de\/apiv2\/wp\/v2\/users\/1"}],"replies":[{"embeddable":true,"href":"https:\/\/www.iphone-ticker.de\/apiv2\/wp\/v2\/comments?post=16232"}],"version-history":[{"count":6,"href":"https:\/\/www.iphone-ticker.de\/apiv2\/wp\/v2\/posts\/16232\/revisions"}],"predecessor-version":[{"id":16238,"href":"https:\/\/www.iphone-ticker.de\/apiv2\/wp\/v2\/posts\/16232\/revisions\/16238"}],"wp:attachment":[{"href":"https:\/\/www.iphone-ticker.de\/apiv2\/wp\/v2\/media?parent=16232"}],"wp:term":[{"taxonomy":"category","embeddable":true,"href":"https:\/\/www.iphone-ticker.de\/apiv2\/wp\/v2\/categories?post=16232"},{"taxonomy":"post_tag","embeddable":true,"href":"https:\/\/www.iphone-ticker.de\/apiv2\/wp\/v2\/tags?post=16232"}],"curies":[{"name":"wp","href":"https:\/\/api.w.org\/{rel}","templated":true}]}}