{"id":162120,"date":"2020-08-26T12:24:20","date_gmt":"2020-08-26T10:24:20","guid":{"rendered":"https:\/\/www.iphone-ticker.de\/?p=162120"},"modified":"2020-08-26T12:24:20","modified_gmt":"2020-08-26T10:24:20","slug":"airpower-die-geruechte-um-apples-multi-ladematte-verstummen-nicht","status":"publish","type":"post","link":"https:\/\/www.iphone-ticker.de\/airpower-die-geruechte-um-apples-multi-ladematte-verstummen-nicht-162120\/","title":{"rendered":"AirPower: Die Ger\u00fcchte um Apples Multi-Ladematte verstummen nicht"},"content":{"rendered":"<p>Gestern hat der Zubeh\u00f6rsteller Nomad seine Ladematte <a href=\"https:\/\/www.iphone-ticker.de\/nomad-base-station-pro-ladepad-auf-den-spuren-von-airpower-162062\/\">Base Station Pro<\/a> vorgestellt. Das Produkt soll es erm\u00f6glichen, drei Ger\u00e4te mehr oder weniger v\u00f6llig frei drauf platziert gleichzeitig mit Ladestrom zu versorgen. Die zugrunde liegende Technologie stammt von dem kalifornischen Unternehmen <a href=\"https:\/\/airapower.com\/\">Aira<\/a>. In einem Artikel \u00fcber diese Firma kommt das Wirtschaftsmagazin <a href=\"https:\/\/www.bloomberg.com\/news\/articles\/2020-08-25\/startup-aira-aims-to-replicate-apple-s-canceled-wireless-charger\">Bloomberg<\/a> dann auch einmal mehr auf Apples AirPower-Bem\u00fchungen zu sprechen.<\/p>\n<p>Angeblich arbeitet der iPhone-Hersteller weiterhin daran, die Multi-Ladematte zu realisieren. Wenngleich man die Anspr\u00fcche heruntergeschraubt habe und nun mit weniger Ehrgeiz an dem Projekt arbeite.<\/p>\n<p><a href=\"https:\/\/images.iphone-ticker.de\/wp-content\/uploads\/2018\/06\/apple-airpower-praesentation-phil-schiller.jpg\"><img loading=\"lazy\" decoding=\"async\" src=\"https:\/\/images.iphone-ticker.de\/wp-content\/uploads\/2018\/06\/apple-airpower-praesentation-phil-schiller.jpg\" alt=\"Apple Airpower Praesentation Phil Schiller\" width=\"700\" height=\"466\" class=\"alignnone size-full wp-image-127675\" srcset=\"https:\/\/images.iphone-ticker.de\/wp-content\/uploads\/2018\/06\/apple-airpower-praesentation-phil-schiller.jpg 700w, https:\/\/images.iphone-ticker.de\/wp-content\/uploads\/2018\/06\/apple-airpower-praesentation-phil-schiller-300x200.jpg 300w\" sizes=\"auto, (max-width: 700px) 100vw, 700px\" \/><\/a><\/p>\n<p>Was auch immer das hei\u00dft, von Apple wird erwartet, dass eine solche Ladematte nicht nur das iPhone und die AirPods, sondern auch die Apple Watch l\u00e4dt. Letzteres erschien uns von Beginn an sehr ambitioniert, da wir bislang nur Ladem\u00f6glichkeiten f\u00fcr die Uhr kennen, deren Verl\u00e4sslichkeit sich auf einen Magnet st\u00fctzt. Insbesondere mit montierten Armb\u00e4ndern ist es teils schwer bis aussichtslos, die Apple Watch plan auf einer Ladefl\u00e4che aufzulegen.<\/p>\n<p>Letzter Hoffnungsstand in Sachen AirPower war, das wir die Ladematte im Herbst tats\u00e4chlich sehen werden. Bereits <a href=\"https:\/\/www.iphone-ticker.de\/airpower-lebt-fotos-zeigen-den-aktuellen-entwicklungsstand-158972\/\">im Juni<\/a> war n\u00e4mlich schon die Rede davon, dass Apple weiter an dem Projekt arbeitet und diesbez\u00fcglich auch Fortschritte macht.<\/p>\n<p>Apple hat AirPower vor mittlerweile drei Jahren vollmundig als Zubeh\u00f6r f\u00fcr die damalige iPhone-Generation, die Apple Watch Series 3 und die mit einem damals ebenfalls neu vorgestellten, optionalen QI-Ladecase ausgestatteten AirPods <a href=\"https:\/\/www.iphone-ticker.de\/airpower-lebt-fotos-zeigen-den-aktuellen-entwicklungsstand-158972\/\">angek\u00fcndigt<\/a>. Das Unternehmen konnte den f\u00fcr Anfang 2018 vorgesehenen Termin f\u00fcr die Produkteinf\u00fchrung allerdings nicht halten und ging dann erstmal auf Tauchstation. <a href=\"https:\/\/www.iphone-ticker.de\/airpower-apple-kaempft-offensichtlich-mit-produktionsproblemen-127574\/\" title=\"Hinweise auf Produktionsprobleme\">Hinweise auf Produktionsprobleme<\/a> deuteten in der Folge auf eine Verz\u00f6gerung hin, doch machte uns das <a href=\"https:\/\/www.iphone-ticker.de\/auf-dem-beipackzettel-iphone-xs-glaubt-weiter-an-airpower-131632\/\" title=\"Erw\u00e4hnung von AirPower\">wiederkehrende<\/a> <a href=\"https:\/\/www.iphone-ticker.de\/airpods-werden-ausgeliefert-neue-powerbeats-und-airpower-im-anflug-139249\/\">Auftauchen<\/a> der Produktbezeichnung in der Apple-Kommunikation immer wieder f\u00fcr neue Hoffnung. Bis das Unternehmen dann im Fr\u00fchjahr 2019 hochoffiziell <a href=\"https:\/\/www.iphone-ticker.de\/airpower-zu-kompliziert-apple-kapituliert-139530\/\">mitgeteilt<\/a> hat, dass AirPower nicht in den Handel komme. Man sei zu dem Schluss gekommen, dass das Produkt die hohen Firmenstandards nicht erreichen wird und habe die Entwicklung aus diesem Grund eingestellt \u2026 dies allerdings jedoch nicht komplett, wie es aktuell wieder scheint.<img loading=\"lazy\" decoding=\"async\" src=\"https:\/\/vg02.met.vgwort.de\/na\/4d237a0634be4d23bdde32de9012ab43\" width=\"1\" height=\"1\" class=\"tracking\"><\/p>\n<h2>Apples AirPower-Ank\u00fcndigung 2017:<\/h2>\n<p><div class=\"responsive-video\"><iframe loading=\"lazy\" width=\"700\" height=\"371\" src=\"https:\/\/www.youtube-nocookie.com\/embed\/x9Qi_90eFco\" frameborder=\"0\" allowfullscreen><\/iframe><\/div><\/p>\n","protected":false},"excerpt":{"rendered":"<a href=\"https:\/\/www.iphone-ticker.de\/airpower-die-geruechte-um-apples-multi-ladematte-verstummen-nicht-162120\/\"><img decoding=\"async\" width=\"150\" src=\"https:\/\/images.iphone-ticker.de\/wp-content\/uploads\/2018\/06\/apple-airpower-praesentation-phil-schiller.jpg\" class=\"alignright wp-post-image tfe\" alt=\"Apple Airpower Praesentation Phil Schiller\" title=\"\" \/><\/a><p>Gestern hat der Zubeh\u00f6rsteller Nomad seine Ladematte Base Station Pro vorgestellt. Das Produkt soll es erm\u00f6glichen, drei Ger\u00e4te mehr oder weniger v\u00f6llig frei drauf platziert gleichzeitig mit Ladestrom zu versorgen. Die zugrunde liegende Technologie stammt von dem kalifornischen Unternehmen Aira. In einem Artikel \u00fcber diese Firma kommt das Wirtschaftsmagazin Bloomberg dann auch einmal mehr auf [&hellip;]<\/p>\n","protected":false},"author":2,"featured_media":0,"comment_status":"open","ping_status":"closed","sticky":false,"template":"","format":"standard","meta":{"footnotes":""},"categories":[1],"tags":[4058,3912],"class_list":["post-162120","post","type-post","status-publish","format-standard","hentry","category-news","tag-airpower","tag-apple"],"aioseo_notices":[],"subheadline":["Angeblich weiter in Entwicklung"],"featured_image":["https:\/\/images.iphone-ticker.de\/wp-content\/uploads\/2018\/06\/apple-airpower-iphone-drahtlos-laden.jpg"],"rest_api_enabler":{"subheadline":"Angeblich weiter in Entwicklung","featured_image":"https:\/\/images.iphone-ticker.de\/wp-content\/uploads\/2018\/06\/apple-airpower-iphone-drahtlos-laden.jpg"},"_links":{"self":[{"href":"https:\/\/www.iphone-ticker.de\/apiv2\/wp\/v2\/posts\/162120","targetHints":{"allow":["GET"]}}],"collection":[{"href":"https:\/\/www.iphone-ticker.de\/apiv2\/wp\/v2\/posts"}],"about":[{"href":"https:\/\/www.iphone-ticker.de\/apiv2\/wp\/v2\/types\/post"}],"author":[{"embeddable":true,"href":"https:\/\/www.iphone-ticker.de\/apiv2\/wp\/v2\/users\/2"}],"replies":[{"embeddable":true,"href":"https:\/\/www.iphone-ticker.de\/apiv2\/wp\/v2\/comments?post=162120"}],"version-history":[{"count":5,"href":"https:\/\/www.iphone-ticker.de\/apiv2\/wp\/v2\/posts\/162120\/revisions"}],"predecessor-version":[{"id":162125,"href":"https:\/\/www.iphone-ticker.de\/apiv2\/wp\/v2\/posts\/162120\/revisions\/162125"}],"wp:attachment":[{"href":"https:\/\/www.iphone-ticker.de\/apiv2\/wp\/v2\/media?parent=162120"}],"wp:term":[{"taxonomy":"category","embeddable":true,"href":"https:\/\/www.iphone-ticker.de\/apiv2\/wp\/v2\/categories?post=162120"},{"taxonomy":"post_tag","embeddable":true,"href":"https:\/\/www.iphone-ticker.de\/apiv2\/wp\/v2\/tags?post=162120"}],"curies":[{"name":"wp","href":"https:\/\/api.w.org\/{rel}","templated":true}]}}