{"id":162116,"date":"2020-08-26T11:39:09","date_gmt":"2020-08-26T09:39:09","guid":{"rendered":"https:\/\/www.iphone-ticker.de\/?p=162116"},"modified":"2020-08-26T11:39:09","modified_gmt":"2020-08-26T09:39:09","slug":"icloud-kalender-teilen-und-berechtigungen-festlegen","status":"publish","type":"post","link":"https:\/\/www.iphone-ticker.de\/icloud-kalender-teilen-und-berechtigungen-festlegen-162116\/","title":{"rendered":"iCloud-Kalender teilen und Berechtigungen festlegen"},"content":{"rendered":"<p>Der Apple Support geht in seiner neuesten Videover\u00f6ffentlichung auf die M\u00f6glichkeit ein, iCloud-Kalender mit anderen Personen gemeinsam zu nutzen. Wer das Ganze noch nicht ausprobiert hat, wird in dem unten eingebetteten Video schnell durch die einzelnen Schritte gef\u00fchrt.<\/p>\n<p>Ausf\u00fchrlich erkl\u00e4rt Apple die mit dem Teilen von iCloud-Kalendern verbundenen M\u00f6glichkeiten und daf\u00fcr erforderlichen Schritte (in deutscher Sprache) <a href=\"https:\/\/support.apple.com\/de-de\/guide\/iphone\/iph7613c4fb\/ios\">im iPhone-Benutzerhandbuch<\/a>. Euch stehen n\u00e4mlich deutlich mehr Optionen zur Verf\u00fcgung, als lediglich einen Kalender gleichberechtigt mit jemand anders zu teilen.<\/p>\n<blockquote>\n<p>Du kannst in der App \u201eKalender\u201c einen iCloud-Kalender mit anderen iCloud-Benutzern teilen. Wenn du einen Kalender teilst, kannst du festlegen, ob andere Personen ihn nur sehen oder ob sie selbst Ereignisse hinzuf\u00fcgen und vorhandene Ereignisse \u00e4ndern k\u00f6nnen. Du kannst au\u00dferdem eine Leseversion teilen, die alle Benutzer sehen aber nicht \u00e4ndern k\u00f6nnen.<\/p>\n<\/blockquote>\n<p><div class=\"responsive-video\"><iframe loading=\"lazy\" width=\"700\" height=\"371\" src=\"https:\/\/www.youtube-nocookie.com\/embed\/vBerfecxaZg\" frameborder=\"0\" allowfullscreen><\/iframe><\/div><\/p>\n","protected":false},"excerpt":{"rendered":"<a href=\"https:\/\/www.iphone-ticker.de\/icloud-kalender-teilen-und-berechtigungen-festlegen-162116\/\"><img width=\"150\" height=\"150\" src=\"https:\/\/images.iphone-ticker.de\/wp-content\/uploads\/2020\/08\/icloud-kalender-teilen-150x150.jpg\" class=\"alignright tfe wp-post-image\" alt=\"Icloud Kalender Teilen\" decoding=\"async\" loading=\"lazy\" \/><\/a><p>Der Apple Support geht in seiner neuesten Videover\u00f6ffentlichung auf die M\u00f6glichkeit ein, iCloud-Kalender mit anderen Personen gemeinsam zu nutzen. Wer das Ganze noch nicht ausprobiert hat, wird in dem unten eingebetteten Video schnell durch die einzelnen Schritte gef\u00fchrt. Ausf\u00fchrlich erkl\u00e4rt Apple die mit dem Teilen von iCloud-Kalendern verbundenen M\u00f6glichkeiten und daf\u00fcr erforderlichen Schritte (in deutscher [&hellip;]<\/p>\n","protected":false},"author":2,"featured_media":162119,"comment_status":"open","ping_status":"closed","sticky":false,"template":"","format":"standard","meta":{"footnotes":""},"categories":[1],"tags":[846,134,2525],"class_list":["post-162116","post","type-post","status-publish","format-standard","has-post-thumbnail","hentry","category-news","tag-icloud","tag-kalender","tag-teilen"],"aioseo_notices":[],"subheadline":["Neues Hilfe-Video von Apple"],"featured_image":["https:\/\/images.iphone-ticker.de\/wp-content\/uploads\/2020\/08\/icloud-kalender-teilen.jpg"],"rest_api_enabler":{"subheadline":"Neues Hilfe-Video von Apple","featured_image":"https:\/\/images.iphone-ticker.de\/wp-content\/uploads\/2020\/08\/icloud-kalender-teilen.jpg"},"_links":{"self":[{"href":"https:\/\/www.iphone-ticker.de\/apiv2\/wp\/v2\/posts\/162116","targetHints":{"allow":["GET"]}}],"collection":[{"href":"https:\/\/www.iphone-ticker.de\/apiv2\/wp\/v2\/posts"}],"about":[{"href":"https:\/\/www.iphone-ticker.de\/apiv2\/wp\/v2\/types\/post"}],"author":[{"embeddable":true,"href":"https:\/\/www.iphone-ticker.de\/apiv2\/wp\/v2\/users\/2"}],"replies":[{"embeddable":true,"href":"https:\/\/www.iphone-ticker.de\/apiv2\/wp\/v2\/comments?post=162116"}],"version-history":[{"count":2,"href":"https:\/\/www.iphone-ticker.de\/apiv2\/wp\/v2\/posts\/162116\/revisions"}],"predecessor-version":[{"id":162118,"href":"https:\/\/www.iphone-ticker.de\/apiv2\/wp\/v2\/posts\/162116\/revisions\/162118"}],"wp:featuredmedia":[{"embeddable":true,"href":"https:\/\/www.iphone-ticker.de\/apiv2\/wp\/v2\/media\/162119"}],"wp:attachment":[{"href":"https:\/\/www.iphone-ticker.de\/apiv2\/wp\/v2\/media?parent=162116"}],"wp:term":[{"taxonomy":"category","embeddable":true,"href":"https:\/\/www.iphone-ticker.de\/apiv2\/wp\/v2\/categories?post=162116"},{"taxonomy":"post_tag","embeddable":true,"href":"https:\/\/www.iphone-ticker.de\/apiv2\/wp\/v2\/tags?post=162116"}],"curies":[{"name":"wp","href":"https:\/\/api.w.org\/{rel}","templated":true}]}}