{"id":161425,"date":"2020-08-10T18:35:14","date_gmt":"2020-08-10T16:35:14","guid":{"rendered":"https:\/\/www.iphone-ticker.de\/?p=161425"},"modified":"2020-08-10T19:01:19","modified_gmt":"2020-08-10T17:01:19","slug":"tiktok-will-klage-gegen-den-donald-trump-einreichen","status":"publish","type":"post","link":"https:\/\/www.iphone-ticker.de\/tiktok-will-klage-gegen-den-donald-trump-einreichen-161425\/","title":{"rendered":"TikTok will Klage gegen Donald Trump einreichen"},"content":{"rendered":"<p>Der Streit um <a href=\"https:\/\/www.tiktok.com\/de\/\">TikTok<\/a> verspricht noch interessant zu werden. Die Betreiber der Video-App wollen offenbar den US-Pr\u00e4sident Donald Trump verklagen. Trumps Ma\u00dfnahmen seien verfassungswidrig, da der Pr\u00e4sident dem Unternehmen keinerlei M\u00f6glichkeit gegeben habe, sich zu den Vorw\u00fcrfen zu \u00e4u\u00dfern.<\/p>\n<p>Dem Rundfunknetzwerk <a href=\"https:\/\/www.npr.org\/2020\/08\/08\/900394707\/tiktok-to-sue-trump-administration-over-ban-as-soon-as-tuesday\">NPR<\/a> liegen Aussagen einer in die Angelegenheit involvierten Person vor. Demnach betrachte TikTok die Vorw\u00fcrfe Trumps als rein spekulativ und ausschlie\u00dflich auf Vermutungen basierend.<\/p>\n<p><a href=\"https:\/\/images.iphone-ticker.de\/wp-content\/uploads\/2020\/08\/tiktok-webseite.jpg\"><img loading=\"lazy\" decoding=\"async\" src=\"https:\/\/images.iphone-ticker.de\/wp-content\/uploads\/2020\/08\/tiktok-webseite-500x278.jpg\" alt=\"Tiktok Webseite\" width=\"500\" height=\"278\" class=\"alignnone size-medium wp-image-161429\" srcset=\"https:\/\/images.iphone-ticker.de\/wp-content\/uploads\/2020\/08\/tiktok-webseite-500x278.jpg 500w, https:\/\/images.iphone-ticker.de\/wp-content\/uploads\/2020\/08\/tiktok-webseite-700x390.jpg 700w, https:\/\/images.iphone-ticker.de\/wp-content\/uploads\/2020\/08\/tiktok-webseite.jpg 1200w\" sizes=\"auto, (max-width: 500px) 100vw, 500px\" \/><\/a><\/p>\n<p>Trump erweckt den Anschein, mit TikTok nicht nur eine weitere Front in seinem Wirtschaftskrieg gegen China zu \u00f6ffnen, sondern sich damit auch schon im Wahlkampf um eine kommende Pr\u00e4sidentschaft empfehlen zu wollen. In der vergangenen Woche hat der Politiker ein Dekret erlassen, in dessen Folge nicht nur der Betrieb der App, sondern auch Gesch\u00e4ftsbeziehungen zu dem chinesischen Betreiber des Dienstes ByteDance vom 15. September an unter Strafe stehen sollen.<\/p>\n<p>Die Aff\u00e4re wird von stetig neuen Ger\u00fcchten um einen angeblichen Aufkauf der Plattform begleitet. In der Tat k\u00f6nnte es so kommen, dass die \u00dcbernahme von TikTok durch ein US-Unternehmen nicht nur dessen Fortbestand sichert, sondern letztendlich auch auch die internationale Gesch\u00e4ftsf\u00e4higkeit des chinesischen Betreibers ByteDance erh\u00e4lt. Trump argumentiert damit, dass sich Sicherheitsbedenken ob der chinesischen Herkunft der App nur auf diese Weise ausr\u00e4umen lie\u00dfen, spricht in diesem Zusammenhang aber auch offen von substanziellen Geldbetr\u00e4gen, die den USA quasi als Provision f\u00fcr diese Vermittlung zust\u00fcnden.<\/p>\n<blockquote>\n<p>A very substantial portion of that price is going to have to come into the Treasury of the United States, because we\u2019re making it possible for this deal to happen.<br \/>&#8211;<a href=\"https:\/\/www.nytimes.com\/2020\/08\/03\/technology\/trump-tiktok-microsoft.html\">New York Times<\/a><\/p>\n<\/blockquote>\n<p>Apple ist in dieser Angelegenheit l\u00e4ngst nicht au\u00dfen vor. Ein entsprechender Trump-Erlass k\u00f6nnte das Unternehmen stark in Bedr\u00e4ngnis bringen, sitzt Tim Cook dann doch zwischen den St\u00fchlen der amerikanischen und chinesischen Machthaber, obwohl er seiner Firmenpolitik zuliebe wenn immer m\u00f6glich mit beiden Parteien auf Kuschelkurs f\u00e4hrt.<img loading=\"lazy\" decoding=\"async\" src=\"https:\/\/vg04.met.vgwort.de\/na\/fa5b153c23d54249b2c5e7b07e342e62\" width=\"1\" height=\"1\" class=\"tracking\"><\/p>\n<!-- WP-Appbox (Version: 4.5.9 \/\/ Store: appstore \/\/ ID: 835599320) -->\t<!-- app-link -->\n\t<div id=\"article-single-app-preview\">\n\t\t<div id=\"article-single-app-preview-header\">\n\t\t\t<span class=\"title\">Laden im App Store<\/span>\n\t\t<\/div>\n\t\t<div id=\"article-single-app-preview-content\">\n\t\t\t<div id=\"article-single-app-preview-img\"><img loading=\"lazy\" decoding=\"async\" src=\"\/\/www.iphone-ticker.de\/wp-content\/cache\/wp-appbox\/dd2296d12c432879c4a76081421285e3\/ai-f8bc006a1a135224660a7e2b325ee7c1\" alt=\"TikTok - Videos, Shop und LIVE\"  height=\"72\" width=\"72\" class=\"asl-icon-img\" \/><\/div>\n\t\t\t<div id=\"article-single-app-preview-desc\">\n\t\t\t\t<span class=\"name\">TikTok - Videos, Shop und LIVE<\/span><br \/>\n\t\t\t\t<span class=\"seller\">Entwickler: <a target=\"_blank\" rel=\"nofollow\" href=\"https:\/\/apps.apple.com\/de\/developer\/tiktok-ltd\/id1322881000\">TikTok Ltd.<\/a><\/span>\n\t\t\t<\/div>\n\t\t\t<a target=\"_blank\" rel=\"nofollow\" href=\"https:\/\/apps.apple.com\/de\/app\/tiktok-videos-shop-und-live\/id835599320\"><div id=\"article-single-app-preview-download\">Preis: Kostenlos<sup>+<\/sup><br \/>\n\t\t\t<span class=\"size\">Laden<\/span><\/div><\/a>\n\t\t<\/div>\n\t\t<!-- <div id=\"article-single-app-preview-footer\"><\/div>\t-->\n\t<\/div>\n\t<!-- app-link\/ende --><!-- \/WP-Appbox -->\n","protected":false},"excerpt":{"rendered":"<a href=\"https:\/\/www.iphone-ticker.de\/tiktok-will-klage-gegen-den-donald-trump-einreichen-161425\/\"><img width=\"150\" height=\"150\" src=\"https:\/\/images.iphone-ticker.de\/wp-content\/uploads\/2020\/08\/tiktok-webseite-150x150.jpg\" class=\"alignright tfe wp-post-image\" alt=\"Tiktok Webseite\" decoding=\"async\" loading=\"lazy\" \/><\/a><p>Der Streit um TikTok verspricht noch interessant zu werden. Die Betreiber der Video-App wollen offenbar den US-Pr\u00e4sident Donald Trump verklagen. Trumps Ma\u00dfnahmen seien verfassungswidrig, da der Pr\u00e4sident dem Unternehmen keinerlei M\u00f6glichkeit gegeben habe, sich zu den Vorw\u00fcrfen zu \u00e4u\u00dfern. Dem Rundfunknetzwerk NPR liegen Aussagen einer in die Angelegenheit involvierten Person vor. Demnach betrachte TikTok die [&hellip;]<\/p>\n","protected":false},"author":2,"featured_media":161429,"comment_status":"open","ping_status":"closed","sticky":false,"template":"","format":"standard","meta":{"footnotes":""},"categories":[1],"tags":[5065,3691],"class_list":["post-161425","post","type-post","status-publish","format-standard","has-post-thumbnail","hentry","category-news","tag-tiktok","tag-trump"],"aioseo_notices":[],"subheadline":["\"Haltlose Anschuldigungen\""],"featured_image":["https:\/\/images.iphone-ticker.de\/wp-content\/uploads\/2019\/08\/trump-ist-boese.jpg"],"rest_api_enabler":{"subheadline":"\"Haltlose Anschuldigungen\"","featured_image":"https:\/\/images.iphone-ticker.de\/wp-content\/uploads\/2019\/08\/trump-ist-boese.jpg"},"_links":{"self":[{"href":"https:\/\/www.iphone-ticker.de\/apiv2\/wp\/v2\/posts\/161425","targetHints":{"allow":["GET"]}}],"collection":[{"href":"https:\/\/www.iphone-ticker.de\/apiv2\/wp\/v2\/posts"}],"about":[{"href":"https:\/\/www.iphone-ticker.de\/apiv2\/wp\/v2\/types\/post"}],"author":[{"embeddable":true,"href":"https:\/\/www.iphone-ticker.de\/apiv2\/wp\/v2\/users\/2"}],"replies":[{"embeddable":true,"href":"https:\/\/www.iphone-ticker.de\/apiv2\/wp\/v2\/comments?post=161425"}],"version-history":[{"count":10,"href":"https:\/\/www.iphone-ticker.de\/apiv2\/wp\/v2\/posts\/161425\/revisions"}],"predecessor-version":[{"id":161436,"href":"https:\/\/www.iphone-ticker.de\/apiv2\/wp\/v2\/posts\/161425\/revisions\/161436"}],"wp:featuredmedia":[{"embeddable":true,"href":"https:\/\/www.iphone-ticker.de\/apiv2\/wp\/v2\/media\/161429"}],"wp:attachment":[{"href":"https:\/\/www.iphone-ticker.de\/apiv2\/wp\/v2\/media?parent=161425"}],"wp:term":[{"taxonomy":"category","embeddable":true,"href":"https:\/\/www.iphone-ticker.de\/apiv2\/wp\/v2\/categories?post=161425"},{"taxonomy":"post_tag","embeddable":true,"href":"https:\/\/www.iphone-ticker.de\/apiv2\/wp\/v2\/tags?post=161425"}],"curies":[{"name":"wp","href":"https:\/\/api.w.org\/{rel}","templated":true}]}}