{"id":160538,"date":"2020-07-21T17:28:08","date_gmt":"2020-07-21T15:28:08","guid":{"rendered":"https:\/\/www.iphone-ticker.de\/?p=160538"},"modified":"2020-07-21T17:29:09","modified_gmt":"2020-07-21T15:29:09","slug":"lte-ausbau-in-berliner-u-bahn-verzoegert-sich","status":"publish","type":"post","link":"https:\/\/www.iphone-ticker.de\/lte-ausbau-in-berliner-u-bahn-verzoegert-sich-160538\/","title":{"rendered":"LTE-Ausbau in Berliner U-Bahn verz\u00f6gert sich"},"content":{"rendered":"<p>Der Querverweis auf die Dauerbaustelle BER liegt auf der Hand &#8211; die nun vom Netzbetreiber Telef\u00f3nica kommunizierte Verz\u00f6gerung hat jedoch nichts mit Flugzeugen zu tun, sondern betrifft vor allem Verbraucher, die unter der Erde unterwegs sind. <\/p>\n<p><a href=\"https:\/\/images.iphone-ticker.de\/wp-content\/uploads\/2020\/07\/empfang-u-bahn-lte-unsplash.jpg\"><img loading=\"lazy\" decoding=\"async\" src=\"https:\/\/images.iphone-ticker.de\/wp-content\/uploads\/2020\/07\/empfang-u-bahn-lte-unsplash-500x333.jpg\" alt=\"Empfang U Bahn Lte Unsplash\" width=\"500\" height=\"333\" class=\"aligncenter size-medium wp-image-160541\" srcset=\"https:\/\/images.iphone-ticker.de\/wp-content\/uploads\/2020\/07\/empfang-u-bahn-lte-unsplash-500x333.jpg 500w, https:\/\/images.iphone-ticker.de\/wp-content\/uploads\/2020\/07\/empfang-u-bahn-lte-unsplash-700x466.jpg 700w, https:\/\/images.iphone-ticker.de\/wp-content\/uploads\/2020\/07\/empfang-u-bahn-lte-unsplash.jpg 800w\" sizes=\"auto, (max-width: 500px) 100vw, 500px\" \/><\/a><\/p>\n<h6>Telef\u00f3nica baut f\u00fcr Telekom und Vodafone<\/h6>\n<p>Diese werden sich, anders als geplant, nicht schon im Sommer 2021 \u00fcber den abgeschlossenen LTE-Ausbau im gesamten Berliner U-Bahn-System freuen k\u00f6nnen, sondern werden vom <a href=\"https:\/\/www.telefonica.de\/news\/corporate\/2019\/11\/lte-fuer-alle-telefonica-deutschland-telekom-und-vodafone-schalten-gemeinsam-lte-auf-ersten-u-bahn-linien-in-berlin-ein.html?type=news;state=online;message_id=8825\">federf\u00fchrenden Mobilfunker<\/a> nun auf unbestimmte Zeit vertr\u00f6stet. <\/p>\n<p>Wie die Telef\u00f3nica gegen\u00fcber der Deutschen Presseagentur <a href=\"https:\/\/www.berliner-zeitung.de\/mensch-metropole\/lte-ausbau-in-berliner-u-bahn-verzoegert-sich-li.93964\">einr\u00e4umt<\/a>, habe sich der &#8222;Zeitplan komplett in die L\u00e4nge gezogen&#8220; das herausfordernde Projekt habe sich &#8222;auch durch die Corona-Pandemie&#8220; leider verz\u00f6gert. <\/p>\n<p>In Berlin hatte die Telef\u00f3nica ihre LTE-Technik mit der der beiden Mitbewerber Telekom und Vodafone zusammengeschaltet und die Verantwortung f\u00fcr den Infrastrukturausbau \u00fcbernommen. <\/p>\n<p>W\u00e4hrend Telef\u00f3nica-Kunden <a href=\"https:\/\/www.telefonica.de\/news\/corporate\/2017\/10\/zweite-phase-des-4g-ausbaus-im-berliner-untergrund-telefonica-optimiert-schnelle-datendienste-in-der-bvg.html?type=news;state=online;message_id=6699#\">seit rund vier Jahren<\/a> von einem relativ zuverl\u00e4ssigen LTE-Netz in der Berliner U-Bahn profitieren, k\u00f6nnen Kunden von Vodafone und Telekom seit Ende 2019 nur auf ausgew\u00e4hlten Teilstrecken ordentlich surfen &#8211; unter anderem auf den Linien U2 (Pankow bis Stadtmitte), U5 (Alexanderplatz bis Tierpark), U7 (Gneisenaustra\u00dfe bis Rudow) sowie U8 (Bernauer Stra\u00dfe bis Hermannstra\u00dfe). <\/p>\n<p>Geplant war den Kunden aller Netzbetreiber einen LTE-Empfang im gesamten Berliner U-Bahn-Netz bis Ende 2021 zur Verf\u00fcgung zu stellen.<\/p>\n<p><h8>Mit Dank an Ehssan!<\/h8><\/p>\n","protected":false},"excerpt":{"rendered":"<a href=\"https:\/\/www.iphone-ticker.de\/lte-ausbau-in-berliner-u-bahn-verzoegert-sich-160538\/\"><img width=\"150\" height=\"150\" src=\"https:\/\/images.iphone-ticker.de\/wp-content\/uploads\/2020\/07\/empfang-u-bahn-lte-unsplash-150x150.jpg\" class=\"alignright tfe wp-post-image\" alt=\"Empfang U Bahn Lte Unsplash\" decoding=\"async\" loading=\"lazy\" \/><\/a><p>Der Querverweis auf die Dauerbaustelle BER liegt auf der Hand &#8211; die nun vom Netzbetreiber Telef\u00f3nica kommunizierte Verz\u00f6gerung hat jedoch nichts mit Flugzeugen zu tun, sondern betrifft vor allem Verbraucher, die unter der Erde unterwegs sind. Telef\u00f3nica baut f\u00fcr Telekom und Vodafone Diese werden sich, anders als geplant, nicht schon im Sommer 2021 \u00fcber den [&hellip;]<\/p>\n","protected":false},"author":1,"featured_media":160541,"comment_status":"open","ping_status":"closed","sticky":false,"template":"","format":"standard","meta":{"footnotes":""},"categories":[1],"tags":[319,900,2200],"class_list":["post-160538","post","type-post","status-publish","format-standard","has-post-thumbnail","hentry","category-news","tag-berlin","tag-lte","tag-telefonica"],"aioseo_notices":[],"subheadline":["Telef\u00f3nica braucht mehr Zeit"],"featured_image":["https:\/\/images.iphone-ticker.de\/wp-content\/uploads\/2020\/07\/ubahn-berlin-lte-feature.jpg"],"rest_api_enabler":{"subheadline":"Telef\u00f3nica braucht mehr Zeit","featured_image":"https:\/\/images.iphone-ticker.de\/wp-content\/uploads\/2020\/07\/ubahn-berlin-lte-feature.jpg"},"_links":{"self":[{"href":"https:\/\/www.iphone-ticker.de\/apiv2\/wp\/v2\/posts\/160538","targetHints":{"allow":["GET"]}}],"collection":[{"href":"https:\/\/www.iphone-ticker.de\/apiv2\/wp\/v2\/posts"}],"about":[{"href":"https:\/\/www.iphone-ticker.de\/apiv2\/wp\/v2\/types\/post"}],"author":[{"embeddable":true,"href":"https:\/\/www.iphone-ticker.de\/apiv2\/wp\/v2\/users\/1"}],"replies":[{"embeddable":true,"href":"https:\/\/www.iphone-ticker.de\/apiv2\/wp\/v2\/comments?post=160538"}],"version-history":[{"count":3,"href":"https:\/\/www.iphone-ticker.de\/apiv2\/wp\/v2\/posts\/160538\/revisions"}],"predecessor-version":[{"id":160543,"href":"https:\/\/www.iphone-ticker.de\/apiv2\/wp\/v2\/posts\/160538\/revisions\/160543"}],"wp:featuredmedia":[{"embeddable":true,"href":"https:\/\/www.iphone-ticker.de\/apiv2\/wp\/v2\/media\/160541"}],"wp:attachment":[{"href":"https:\/\/www.iphone-ticker.de\/apiv2\/wp\/v2\/media?parent=160538"}],"wp:term":[{"taxonomy":"category","embeddable":true,"href":"https:\/\/www.iphone-ticker.de\/apiv2\/wp\/v2\/categories?post=160538"},{"taxonomy":"post_tag","embeddable":true,"href":"https:\/\/www.iphone-ticker.de\/apiv2\/wp\/v2\/tags?post=160538"}],"curies":[{"name":"wp","href":"https:\/\/api.w.org\/{rel}","templated":true}]}}