{"id":159844,"date":"2020-07-07T17:31:30","date_gmt":"2020-07-07T15:31:30","guid":{"rendered":"https:\/\/www.iphone-ticker.de\/?p=159844"},"modified":"2020-07-07T17:31:55","modified_gmt":"2020-07-07T15:31:55","slug":"dlf-audiothek-mit-facelift-und-dunkelmodus","status":"publish","type":"post","link":"https:\/\/www.iphone-ticker.de\/dlf-audiothek-mit-facelift-und-dunkelmodus-159844\/","title":{"rendered":"DLF Audiothek mit Facelift und Dunkelmodus"},"content":{"rendered":"<p>Ende 2019 verabschiedete sich die <a rel=\"noindex, nofollow\" href=\"http:\/\/www.ifun.de\/app\/1255398824\">DLF Audiothek<\/a> mit einem gro\u00dfen <a href=\"https:\/\/www.iphone-ticker.de\/dlf-audiothek-ruestet-carplay-unterstuetzung-nach-150423\/\">CarPlay-Update<\/a> und einer Erweiterung f\u00fcr die Apple Watch in die wohlverdiente Weihnachtspause.<\/p>\n<p>Jetzt meldet sich die seit Herbst 2017 erh\u00e4ltliche, kombinierte H\u00f6r-Mediathek von Deutschlandfunk, DLF Kultur und DLF Nova mit <a href=\"https:\/\/www.deutschlandfunk.de\/dlf-audiothek.3363.de.html\">einem Design-Update zur\u00fcck<\/a>.<\/p>\n<blockquote class=\"twitter-tweet\" data-conversation=\"none\" data-cards=\"hidden\">\n<p lang=\"de\" dir=\"ltr\">Es werde dunkel. Der Dark Mode in der Dlf Audiothek ist da. Plus optimiertes Playlisting und layouterische Optimierungen. Look for Version 2.2.0. Jetzt auf Android, iOS bis Donnerstag. <a href=\"https:\/\/twitter.com\/DLF?ref_src=twsrc%5Etfw\">@DLF<\/a> <a href=\"https:\/\/twitter.com\/dlfkultur?ref_src=twsrc%5Etfw\">@dlfkultur<\/a> <a href=\"https:\/\/twitter.com\/dlfnova?ref_src=twsrc%5Etfw\">@dlfnova<\/a> <a href=\"https:\/\/t.co\/WnKKTCDgew\">https:\/\/t.co\/WnKKTCDgew<\/a> <a href=\"https:\/\/t.co\/SDAbKISle6\">pic.twitter.com\/SDAbKISle6<\/a><\/p>\n<p>&mdash; Deutschlandfunk Lab (@Dlf_Lab) <a href=\"https:\/\/twitter.com\/Dlf_Lab\/status\/1280484953768280067?ref_src=twsrc%5Etfw\">July 7, 2020<\/a><\/p><\/blockquote>\n<p> <script async src=\"https:\/\/platform.twitter.com\/widgets.js\" charset=\"utf-8\"><\/script><\/p>\n<p>Dieses integriert nicht nur einen gesonderten Dunkelmodus, der sich an den gerade aktiven Systemeinstellungen orientiert, sondern tritt auch mit einer rundherum \u00fcberarbeiteten Benutzeroberfl\u00e4che an, die die App auf iPhone und iPad etwas luftiger wirken l\u00e4sst.<\/p>\n<p><a href=\"https:\/\/images.iphone-ticker.de\/wp-content\/uploads\/2020\/07\/dlf-audiothek-dunkelmodus.jpg\"><img loading=\"lazy\" decoding=\"async\" src=\"https:\/\/images.iphone-ticker.de\/wp-content\/uploads\/2020\/07\/dlf-audiothek-dunkelmodus-700x398.jpg\" alt=\"Dlf Audiothek Dunkelmodus\" width=\"700\" height=\"398\" class=\"aligncenter size-large wp-image-159845\" srcset=\"https:\/\/images.iphone-ticker.de\/wp-content\/uploads\/2020\/07\/dlf-audiothek-dunkelmodus-700x398.jpg 700w, https:\/\/images.iphone-ticker.de\/wp-content\/uploads\/2020\/07\/dlf-audiothek-dunkelmodus-500x285.jpg 500w, https:\/\/images.iphone-ticker.de\/wp-content\/uploads\/2020\/07\/dlf-audiothek-dunkelmodus-1536x874.jpg 1536w, https:\/\/images.iphone-ticker.de\/wp-content\/uploads\/2020\/07\/dlf-audiothek-dunkelmodus.jpg 2000w\" sizes=\"auto, (max-width: 700px) 100vw, 700px\" \/><\/a><\/p>\n<p>Die DLF Audiothek, die sich im eingebetteten Video kurz vorstellt, erg\u00e4nzt im App Store die ebenfalls empfehlenswerte ARD Audiothek. Der Gratis-Download bietet Nutzern nicht nur den Zugang zu den Live-Streams und aktuellen Sendungsmitschnitten, sondern listet auch zahlreiche Archiv-Inhalte, die sich durchst\u00f6bern, anh\u00f6ren und zum Mitnehmen herunterladen lassen.<\/p>\n<!-- WP-Appbox (Version: 4.5.12 \/\/ Store: appstore \/\/ ID: 1255398824) -->\t<!-- app-link -->\n\t<div id=\"article-single-app-preview\">\n\t\t<div id=\"article-single-app-preview-header\">\n\t\t\t<span class=\"title\">Laden im App Store<\/span>\n\t\t<\/div>\n\t\t<div id=\"article-single-app-preview-content\">\n\t\t\t<div id=\"article-single-app-preview-img\"><img loading=\"lazy\" decoding=\"async\" src=\"\/\/www.iphone-ticker.de\/wp-content\/cache\/wp-appbox\/f345607dc6f284e1a1c9a756e77ec975\/ai-edc783e26dfc6d1c7694ad21ea05f295\" alt=\"Deutschlandfunk\"  height=\"72\" width=\"72\" class=\"asl-icon-img\" \/><\/div>\n\t\t\t<div id=\"article-single-app-preview-desc\">\n\t\t\t\t<span class=\"name\">Deutschlandfunk<\/span><br \/>\n\t\t\t\t<span class=\"seller\">Entwickler: <a target=\"_blank\" rel=\"nofollow\" href=\"https:\/\/apps.apple.com\/de\/developer\/deutschlandradio\/id1066252919\">Deutschlandradio<\/a><\/span>\n\t\t\t<\/div>\n\t\t\t<a target=\"_blank\" rel=\"nofollow\" href=\"https:\/\/apps.apple.com\/de\/app\/deutschlandfunk\/id1255398824\"><div id=\"article-single-app-preview-download\">Preis: Kostenlos<br \/>\n\t\t\t<span class=\"size\">Laden<\/span><\/div><\/a>\n\t\t<\/div>\n\t\t<!-- <div id=\"article-single-app-preview-footer\"><\/div>\t-->\n\t<\/div>\n\t<!-- app-link\/ende --><!-- \/WP-Appbox -->\n<h2>Im Video: DLF Audiothek stellt sich vor<\/h2>\n<p><video poster=\"https:\/\/www.deutschlandfunk.de\/media\/thumbs\/c\/cc450a20ff639e70636f2ef28d51b3aev2_max_640x360_b3535db83dc50e27c1bb1392364c95a2.jpg\" preload=\"auto\" controls=\"controls\" width=\"700\" height=\"390\"><source src=\"http:\/\/ondemand-mp3.dradio.de\/file\/dradio\/upload\/erklaervideo_dlf-audiothek.mp4\" \/><\/video><\/p>\n","protected":false},"excerpt":{"rendered":"<a href=\"https:\/\/www.iphone-ticker.de\/dlf-audiothek-mit-facelift-und-dunkelmodus-159844\/\"><img width=\"150\" height=\"150\" src=\"https:\/\/images.iphone-ticker.de\/wp-content\/uploads\/2020\/07\/dlf-audiothek-feature-150x150.jpg\" class=\"alignright tfe wp-post-image\" alt=\"Dlf Audiothek Feature\" decoding=\"async\" loading=\"lazy\" \/><\/a><p>Ende 2019 verabschiedete sich die DLF Audiothek mit einem gro\u00dfen CarPlay-Update und einer Erweiterung f\u00fcr die Apple Watch in die wohlverdiente Weihnachtspause. Jetzt meldet sich die seit Herbst 2017 erh\u00e4ltliche, kombinierte H\u00f6r-Mediathek von Deutschlandfunk, DLF Kultur und DLF Nova mit einem Design-Update zur\u00fcck. Es werde dunkel. Der Dark Mode in der Dlf Audiothek ist da. [&hellip;]<\/p>\n","protected":false},"author":1,"featured_media":159846,"comment_status":"open","ping_status":"closed","sticky":false,"template":"","format":"standard","meta":{"footnotes":""},"categories":[39],"tags":[2759,3914,2463,3741,101],"class_list":["post-159844","post","type-post","status-publish","format-standard","has-post-thumbnail","hentry","category-apps","tag-apple-watch","tag-apps","tag-carplay","tag-dlf","tag-radio"],"aioseo_notices":[],"featured_image":["https:\/\/images.iphone-ticker.de\/wp-content\/uploads\/2020\/07\/dlf-audiothek-feature.jpg"],"subheadline":["F\u00fcr iPhone, iPad, Watch und CarPlay"],"rest_api_enabler":{"featured_image":"https:\/\/images.iphone-ticker.de\/wp-content\/uploads\/2020\/07\/dlf-audiothek-feature.jpg","subheadline":"F\u00fcr iPhone, iPad, Watch und CarPlay"},"_links":{"self":[{"href":"https:\/\/www.iphone-ticker.de\/apiv2\/wp\/v2\/posts\/159844","targetHints":{"allow":["GET"]}}],"collection":[{"href":"https:\/\/www.iphone-ticker.de\/apiv2\/wp\/v2\/posts"}],"about":[{"href":"https:\/\/www.iphone-ticker.de\/apiv2\/wp\/v2\/types\/post"}],"author":[{"embeddable":true,"href":"https:\/\/www.iphone-ticker.de\/apiv2\/wp\/v2\/users\/1"}],"replies":[{"embeddable":true,"href":"https:\/\/www.iphone-ticker.de\/apiv2\/wp\/v2\/comments?post=159844"}],"version-history":[{"count":2,"href":"https:\/\/www.iphone-ticker.de\/apiv2\/wp\/v2\/posts\/159844\/revisions"}],"predecessor-version":[{"id":159848,"href":"https:\/\/www.iphone-ticker.de\/apiv2\/wp\/v2\/posts\/159844\/revisions\/159848"}],"wp:featuredmedia":[{"embeddable":true,"href":"https:\/\/www.iphone-ticker.de\/apiv2\/wp\/v2\/media\/159846"}],"wp:attachment":[{"href":"https:\/\/www.iphone-ticker.de\/apiv2\/wp\/v2\/media?parent=159844"}],"wp:term":[{"taxonomy":"category","embeddable":true,"href":"https:\/\/www.iphone-ticker.de\/apiv2\/wp\/v2\/categories?post=159844"},{"taxonomy":"post_tag","embeddable":true,"href":"https:\/\/www.iphone-ticker.de\/apiv2\/wp\/v2\/tags?post=159844"}],"curies":[{"name":"wp","href":"https:\/\/api.w.org\/{rel}","templated":true}]}}