{"id":15885,"date":"2010-11-25T14:25:52","date_gmt":"2010-11-25T13:25:52","guid":{"rendered":"http:\/\/www.iphone-ticker.de\/?p=15885"},"modified":"2010-12-13T15:36:03","modified_gmt":"2010-12-13T14:36:03","slug":"australischer-apple-store-bietet-vorgeschmack-auf-black-friday-sonderangebote","status":"publish","type":"post","link":"https:\/\/www.iphone-ticker.de\/australischer-apple-store-bietet-vorgeschmack-auf-black-friday-sonderangebote-15885\/","title":{"rendered":"Update: &#8222;Black Friday&#8220;-Sonderangebote in Deutschland"},"content":{"rendered":"<p><strong>Update<\/strong>: Nach einer kurzen n\u00e4chtlichen Auszeit meldet sich der deutsche Apple Store soeben (ca. 01:20) mit den <a href=\"http:\/\/clk.tradedoubler.com\/click?p=3469&#038;a=747172&#038;g=19254958\">&#8222;Black Friday&#8220;-Sonderangeboten<\/a> zur\u00fcck: <\/p>\n<p>Neben einer Menge Zubeh\u00f6rartikel &#8211; interessant d\u00fcrften hier vor allem das noch recht junge Magic Trackpad, das iPad Tastatur-Dock und die TimeCapsule sein &#8211; gibt es auch in diesem Jahr wieder aktuelle Apple-Produkte verg\u00fcnstigt. Darunter iMacs (101 Euro g\u00fcnstiger), MacBooks (101 Euro g\u00fcnstiger), iPads (41 Euro g\u00fcnstiger) und iPods (bis zu 41 Euro g\u00fcnstiger). <strong>\/Ende<\/strong><\/p>\n<p><a href=\"http:\/\/www.iphone-ticker.de\/wp-content\/uploads\/2010\/11\/angebote.jpg\"><img loading=\"lazy\" decoding=\"async\" src=\"http:\/\/www.iphone-ticker.de\/wp-content\/uploads\/2010\/11\/angebote.jpg\" alt=\"\" title=\"angebote\" width=\"464\" height=\"135\" class=\"aligncenter size-full wp-image-15921\" srcset=\"https:\/\/images.iphone-ticker.de\/wp-content\/uploads\/2010\/11\/angebote.jpg 464w, https:\/\/images.iphone-ticker.de\/wp-content\/uploads\/2010\/11\/angebote-300x87.jpg 300w\" sizes=\"auto, (max-width: 464px) 100vw, 464px\" \/><\/a><\/p>\n<p>Wer sich den morgigen Freitag bereits im Kalender angestrichen hat und hofft, im Rahmen der <a href=\"http:\/\/www.iphone-ticker.de\/2009\/11\/27\/black-friday-macs-ipods-und-zubehor-zu-sonderpreisen\/\">traditionellen<\/a> &#8222;Black Friday&#8220;-Sonderangebote Apples ein gutes Schn\u00e4ppchen schie\u00dfen zu k\u00f6nnen, sollte <a href=\"http:\/\/clkde.tradedoubler.com\/click?p=3469&#038;a=747172&#038;url=http:\/\/store.apple.com\/au\">dem australischen Apple Online Store<\/a> jetzt einen kurzen Besuch abstatten. Die Australier haben die reduzierten Artikel bereits ausgezeichnet und geben einen Vorgeschmack auf den Umfang der Preisnachl\u00e4sse, die so wohl auch in Deutschland umgesetzt werden d\u00fcrften.<\/p>\n<p><a href=\"http:\/\/clkde.tradedoubler.com\/click?p=3469&#038;a=1746240&#038;g=17655946\"><img loading=\"lazy\" decoding=\"async\" src=\"http:\/\/www.iphone-ticker.de\/wp-content\/uploads\/2010\/11\/black-Friday.jpg\" alt=\"\" title=\"black-Friday\" width=\"464\" height=\"100\" class=\"aligncenter size-full wp-image-15886\" srcset=\"https:\/\/images.iphone-ticker.de\/wp-content\/uploads\/2010\/11\/black-Friday.jpg 464w, https:\/\/images.iphone-ticker.de\/wp-content\/uploads\/2010\/11\/black-Friday-300x64.jpg 300w\" sizes=\"auto, (max-width: 464px) 100vw, 464px\" \/><\/a><\/p>\n<p>Neben dem MacBooks, dem MacBook Air und dem iMac gibt Apple sowohl das iPad als auch den iPod touch, die Magic Mouse, das Magic Trackpad und die TimeCapsule teils erheblich g\u00fcnstiger als sonst ab. Wir geben morgen noch mal bescheid, sobald der Deutsche Apple Store nachgezogen hat.<\/p>\n","protected":false},"excerpt":{"rendered":"<a href=\"https:\/\/www.iphone-ticker.de\/australischer-apple-store-bietet-vorgeschmack-auf-black-friday-sonderangebote-15885\/\"><img width=\"150\" height=\"135\" src=\"https:\/\/images.iphone-ticker.de\/wp-content\/uploads\/2010\/11\/angebote-150x135.jpg\" class=\"alignright tfe wp-post-image\" alt=\"\" decoding=\"async\" loading=\"lazy\" \/><\/a><p>Preisnachl\u00e4sse im<br \/>\nApple Store <\/p>\n","protected":false},"author":1,"featured_media":15921,"comment_status":"open","ping_status":"closed","sticky":false,"template":"","format":"standard","meta":{"footnotes":""},"categories":[14,1],"tags":[3912,200,532,53,5239],"class_list":["post-15885","post","type-post","status-publish","format-standard","has-post-thumbnail","hentry","category-apple","category-news","tag-apple","tag-apple-store","tag-ipad","tag-mac","tag-zubehoer"],"aioseo_notices":[],"featured_image":["http:\/\/www.iphone-ticker.de\/wp-content\/uploads\/2010\/11\/bf.png"],"rest_api_enabler":{"featured_image":"http:\/\/www.iphone-ticker.de\/wp-content\/uploads\/2010\/11\/bf.png"},"_links":{"self":[{"href":"https:\/\/www.iphone-ticker.de\/apiv2\/wp\/v2\/posts\/15885","targetHints":{"allow":["GET"]}}],"collection":[{"href":"https:\/\/www.iphone-ticker.de\/apiv2\/wp\/v2\/posts"}],"about":[{"href":"https:\/\/www.iphone-ticker.de\/apiv2\/wp\/v2\/types\/post"}],"author":[{"embeddable":true,"href":"https:\/\/www.iphone-ticker.de\/apiv2\/wp\/v2\/users\/1"}],"replies":[{"embeddable":true,"href":"https:\/\/www.iphone-ticker.de\/apiv2\/wp\/v2\/comments?post=15885"}],"version-history":[{"count":12,"href":"https:\/\/www.iphone-ticker.de\/apiv2\/wp\/v2\/posts\/15885\/revisions"}],"predecessor-version":[{"id":16496,"href":"https:\/\/www.iphone-ticker.de\/apiv2\/wp\/v2\/posts\/15885\/revisions\/16496"}],"wp:featuredmedia":[{"embeddable":true,"href":"https:\/\/www.iphone-ticker.de\/apiv2\/wp\/v2\/media\/15921"}],"wp:attachment":[{"href":"https:\/\/www.iphone-ticker.de\/apiv2\/wp\/v2\/media?parent=15885"}],"wp:term":[{"taxonomy":"category","embeddable":true,"href":"https:\/\/www.iphone-ticker.de\/apiv2\/wp\/v2\/categories?post=15885"},{"taxonomy":"post_tag","embeddable":true,"href":"https:\/\/www.iphone-ticker.de\/apiv2\/wp\/v2\/tags?post=15885"}],"curies":[{"name":"wp","href":"https:\/\/api.w.org\/{rel}","templated":true}]}}