{"id":158846,"date":"2020-06-16T15:25:21","date_gmt":"2020-06-16T13:25:21","guid":{"rendered":"https:\/\/www.iphone-ticker.de\/?p=158846"},"modified":"2020-06-16T15:26:43","modified_gmt":"2020-06-16T13:26:43","slug":"mit-akku-sonos-move-jetzt-auch-in-weiss-erhaeltlich","status":"publish","type":"post","link":"https:\/\/www.iphone-ticker.de\/mit-akku-sonos-move-jetzt-auch-in-weiss-erhaeltlich-158846\/","title":{"rendered":"Mit Akku: Sonos Move jetzt auch in Wei\u00df erh\u00e4ltlich"},"content":{"rendered":"<p>Sonos bietet den tragbaren Lautsprecher <a href=\"http:\/\/www.kqzyfj.com\/click-7465401-13080786?url=https%3A%2F%2Fwww.sonos.com%2Fde-de%2Fshop%2Fmove.html\" title=\"Move\">Sonos Move<\/a> jetzt auch in Wei\u00df an. Beim Hersteller kann man die neue Farbvariante ab heute vorbestellen, vom 7. Juli an soll ausgeliefert werden.<\/p>\n<p><a href=\"https:\/\/images.iphone-ticker.de\/wp-content\/uploads\/2020\/06\/sonos-move-weiss-und-schwarz.jpg\"><img loading=\"lazy\" decoding=\"async\" src=\"https:\/\/images.iphone-ticker.de\/wp-content\/uploads\/2020\/06\/sonos-move-weiss-und-schwarz-500x422.jpg\" alt=\"Sonos Move Weiss Und Schwarz\" width=\"500\" height=\"422\" class=\"alignnone size-medium wp-image-158848\" srcset=\"https:\/\/images.iphone-ticker.de\/wp-content\/uploads\/2020\/06\/sonos-move-weiss-und-schwarz-500x422.jpg 500w, https:\/\/images.iphone-ticker.de\/wp-content\/uploads\/2020\/06\/sonos-move-weiss-und-schwarz-700x591.jpg 700w, https:\/\/images.iphone-ticker.de\/wp-content\/uploads\/2020\/06\/sonos-move-weiss-und-schwarz.jpg 1200w\" sizes=\"auto, (max-width: 500px) 100vw, 500px\" \/><\/a><\/p>\n<p>Wir haben den Sonos Move bei seiner Ver\u00f6ffentlichung im vergangenen Jahr <a href=\"https:\/\/www.ifun.de\/sonos-move-ausprobiert-drinnen-ein-traum-fuer-draussen-zu-teuer-143325\/\" title=\"Sonos Move ausprobiert: Drinnen ein Traum, f\u00fcr drau\u00dfen zu teuer\">getestet<\/a>. Der Lautsprecher kann vollumf\u00e4nglich in ein bestehendes Sonos-System integriert und \u00fcber einen mitgelieferten Ladest\u00e4nder mit Strom versorgt werden. Zus\u00e4tzlich l\u00e4sst sich der Sonos Move auch bis zu elf Stunden lang im Akku-Betrieb nutzen, wahlweise \u00fcber WLAN oder als Bluetooth-Lautsprecher. Den Au\u00dfeneinsatz im Auge, hat Sonos den Move auch nach IP56 gegen St\u00fcrze, Staub und Feuchtigkeit gesch\u00fctzt. Die neue Farbvariante \u201eLunar White\u201c ist ebenso wie das bisher schon erh\u00e4ltliche \u201eShadow Black\u201c zudem besonders resistent gegen UV-Strahlung.<\/p>\n<p>Der Sonos Move kann neben der Einbindung in Sonos-Systeme und seiner Funktion als Bluetooth-Lautsprecher auch \u00fcber AirPlay 2 angesprochen werden. Ebenso werden die Sprachassistenten Google Assistant und Amazon Alexa unterst\u00fctzt. Der Kaufpreis f\u00fcr den Lautsprecher liegt unabh\u00e4ngig von der gew\u00e4hlten Farbvariante bei 399 Euro.<\/p>\n<p><div class=\"responsive-video\"><iframe loading=\"lazy\" width=\"700\" height=\"371\" src=\"https:\/\/www.youtube-nocookie.com\/embed\/A01hPNKPxiw\" frameborder=\"0\" allowfullscreen><\/iframe><\/div><\/p>\n","protected":false},"excerpt":{"rendered":"<a href=\"https:\/\/www.iphone-ticker.de\/mit-akku-sonos-move-jetzt-auch-in-weiss-erhaeltlich-158846\/\"><img width=\"150\" height=\"150\" src=\"https:\/\/images.iphone-ticker.de\/wp-content\/uploads\/2020\/06\/sonos-move-feature-150x150.jpg\" class=\"alignright tfe wp-post-image\" alt=\"Sonos Move Feature\" decoding=\"async\" loading=\"lazy\" \/><\/a><p>Sonos bietet den tragbaren Lautsprecher Sonos Move jetzt auch in Wei\u00df an. Beim Hersteller kann man die neue Farbvariante ab heute vorbestellen, vom 7. Juli an soll ausgeliefert werden. Wir haben den Sonos Move bei seiner Ver\u00f6ffentlichung im vergangenen Jahr getestet. Der Lautsprecher kann vollumf\u00e4nglich in ein bestehendes Sonos-System integriert und \u00fcber einen mitgelieferten Ladest\u00e4nder [&hellip;]<\/p>\n","protected":false},"author":2,"featured_media":158849,"comment_status":"open","ping_status":"closed","sticky":false,"template":"","format":"standard","meta":{"footnotes":""},"categories":[1],"tags":[713],"class_list":["post-158846","post","type-post","status-publish","format-standard","has-post-thumbnail","hentry","category-news","tag-sonos"],"aioseo_notices":[],"subheadline":["Drahtloser WLAN\/Bluetooth-Lautsprecher"],"featured_image":["https:\/\/images.iphone-ticker.de\/wp-content\/uploads\/2020\/06\/sonos-move-feature.jpg"],"rest_api_enabler":{"subheadline":"Drahtloser WLAN\/Bluetooth-Lautsprecher","featured_image":"https:\/\/images.iphone-ticker.de\/wp-content\/uploads\/2020\/06\/sonos-move-feature.jpg"},"_links":{"self":[{"href":"https:\/\/www.iphone-ticker.de\/apiv2\/wp\/v2\/posts\/158846","targetHints":{"allow":["GET"]}}],"collection":[{"href":"https:\/\/www.iphone-ticker.de\/apiv2\/wp\/v2\/posts"}],"about":[{"href":"https:\/\/www.iphone-ticker.de\/apiv2\/wp\/v2\/types\/post"}],"author":[{"embeddable":true,"href":"https:\/\/www.iphone-ticker.de\/apiv2\/wp\/v2\/users\/2"}],"replies":[{"embeddable":true,"href":"https:\/\/www.iphone-ticker.de\/apiv2\/wp\/v2\/comments?post=158846"}],"version-history":[{"count":5,"href":"https:\/\/www.iphone-ticker.de\/apiv2\/wp\/v2\/posts\/158846\/revisions"}],"predecessor-version":[{"id":158853,"href":"https:\/\/www.iphone-ticker.de\/apiv2\/wp\/v2\/posts\/158846\/revisions\/158853"}],"wp:featuredmedia":[{"embeddable":true,"href":"https:\/\/www.iphone-ticker.de\/apiv2\/wp\/v2\/media\/158849"}],"wp:attachment":[{"href":"https:\/\/www.iphone-ticker.de\/apiv2\/wp\/v2\/media?parent=158846"}],"wp:term":[{"taxonomy":"category","embeddable":true,"href":"https:\/\/www.iphone-ticker.de\/apiv2\/wp\/v2\/categories?post=158846"},{"taxonomy":"post_tag","embeddable":true,"href":"https:\/\/www.iphone-ticker.de\/apiv2\/wp\/v2\/tags?post=158846"}],"curies":[{"name":"wp","href":"https:\/\/api.w.org\/{rel}","templated":true}]}}