{"id":158419,"date":"2020-06-08T07:28:06","date_gmt":"2020-06-08T05:28:06","guid":{"rendered":"https:\/\/www.iphone-ticker.de\/?p=158419"},"modified":"2020-06-08T07:31:25","modified_gmt":"2020-06-08T05:31:25","slug":"spahn-corona-warn-app-kommt-in-wenigen-tagen","status":"publish","type":"post","link":"https:\/\/www.iphone-ticker.de\/spahn-corona-warn-app-kommt-in-wenigen-tagen-158419\/","title":{"rendered":"Spahn: Corona-Warn-App kommt in wenigen Tagen"},"content":{"rendered":"<p><a href=\"https:\/\/rp-online.de\/panorama\/coronavirus\/gesundheitsminister-jens-spahn-kuendigt-corona-app-fuer-kommende-woche-an_aid-51528981\">Im Interview<\/a> mit der &#8222;Rheinischen Post&#8220; hat Bundesgesundheitsminister Jens Spahn angek\u00fcndigt, dass die deutsche Corona-Warn-App im Laufe der kommenden Woche vorgestellt werden soll und damit den bislang eher vage formulierten Termin der App-Ver\u00f6ffentlichung &#8222;zur Monatsmitte&#8220; best\u00e4tigt. <\/p>\n<p><a href=\"https:\/\/images.iphone-ticker.de\/wp-content\/uploads\/2020\/06\/Corona-warn-app-screen-1-scaled.jpg\"><img loading=\"lazy\" decoding=\"async\" class=\"aligncenter size-medium wp-image-158162\" src=\"https:\/\/images.iphone-ticker.de\/wp-content\/uploads\/2020\/06\/Corona-warn-app-screen-1-500x479.jpg\" alt=\"Corona Warn App Screen 1\" width=\"500\" height=\"479\" srcset=\"https:\/\/images.iphone-ticker.de\/wp-content\/uploads\/2020\/06\/Corona-warn-app-screen-1-500x479.jpg 500w, https:\/\/images.iphone-ticker.de\/wp-content\/uploads\/2020\/06\/Corona-warn-app-screen-1-700x671.jpg 700w, https:\/\/images.iphone-ticker.de\/wp-content\/uploads\/2020\/06\/Corona-warn-app-screen-1-1536x1473.jpg 1536w, https:\/\/images.iphone-ticker.de\/wp-content\/uploads\/2020\/06\/Corona-warn-app-screen-1-2048x1964.jpg 2048w\" sizes=\"auto, (max-width: 500px) 100vw, 500px\" \/><\/a><\/p>\n<h6>Erste Bilder: So wird sich der Download pr\u00e4sentieren<\/h6>\n<p>Besonderes Augenmerk h\u00e4tten die Entwickler auf eine geringe Beeinflussung der Smartphone-Akkus gelegt, da man keine App verteilen wolle, die wegen ihrer Auswirkungen auf die Batterielaufzeit wieder deinstalliert werde.<\/p>\n<p>Spahn geht von einer gro\u00dfen Nachfrage auf das freiwillige Angebot aus: &#8222;Wenn wir in den kommenden Wochen einige Millionen B\u00fcrger von der App \u00fcberzeugen, dann bin ich schon zufrieden.&#8220;<\/p>\n<p>Die an der offiziellen deutschen Corona-Warn-App arbeitenden Entwickler von Telekom und SAP haben uns erst Anfang des Monats einen ersten offiziellen <a href=\"https:\/\/www.iphone-ticker.de\/?p=158160\">Blick auf die Anwendung<\/a> gew\u00e4hrt. <\/p>\n<p><a href=\"https:\/\/images.iphone-ticker.de\/wp-content\/uploads\/2020\/06\/Corona-warn-app-screen-2-scaled.jpg\"><img loading=\"lazy\" decoding=\"async\" class=\"aligncenter size-large wp-image-158163\" src=\"https:\/\/images.iphone-ticker.de\/wp-content\/uploads\/2020\/06\/Corona-warn-app-screen-2-700x671.jpg\" alt=\"Corona Warn App Screen 2\" width=\"700\" height=\"671\" srcset=\"https:\/\/images.iphone-ticker.de\/wp-content\/uploads\/2020\/06\/Corona-warn-app-screen-2-700x671.jpg 700w, https:\/\/images.iphone-ticker.de\/wp-content\/uploads\/2020\/06\/Corona-warn-app-screen-2-500x479.jpg 500w, https:\/\/images.iphone-ticker.de\/wp-content\/uploads\/2020\/06\/Corona-warn-app-screen-2-1536x1473.jpg 1536w, https:\/\/images.iphone-ticker.de\/wp-content\/uploads\/2020\/06\/Corona-warn-app-screen-2-2048x1964.jpg 2048w\" sizes=\"auto, (max-width: 700px) 100vw, 700px\" \/><\/a><\/p>\n","protected":false},"excerpt":{"rendered":"<a href=\"https:\/\/www.iphone-ticker.de\/spahn-corona-warn-app-kommt-in-wenigen-tagen-158419\/\"><img decoding=\"async\" width=\"150\" src=\"https:\/\/images.iphone-ticker.de\/wp-content\/uploads\/2020\/06\/Corona-warn-app-screen-1-500x479.jpg\" class=\"alignright wp-post-image tfe\" alt=\"Corona Warn App Screen 1\" title=\"\" \/><\/a><p>Im Interview mit der &#8222;Rheinischen Post&#8220; hat Bundesgesundheitsminister Jens Spahn angek\u00fcndigt, dass die deutsche Corona-Warn-App im Laufe der kommenden Woche vorgestellt werden soll und damit den bislang eher vage formulierten Termin der App-Ver\u00f6ffentlichung &#8222;zur Monatsmitte&#8220; best\u00e4tigt. Erste Bilder: So wird sich der Download pr\u00e4sentieren Besonderes Augenmerk h\u00e4tten die Entwickler auf eine geringe Beeinflussung der Smartphone-Akkus [&hellip;]<\/p>\n","protected":false},"author":1,"featured_media":0,"comment_status":"open","ping_status":"closed","sticky":false,"template":"","format":"standard","meta":{"footnotes":""},"categories":[1],"tags":[3914,5055,394,3871,363],"class_list":["post-158419","post","type-post","status-publish","format-standard","hentry","category-news","tag-apps","tag-coronavirus","tag-gesundheit","tag-sap","tag-telekom"],"aioseo_notices":[],"featured_image":["https:\/\/images.iphone-ticker.de\/wp-content\/uploads\/2020\/06\/corona-warn-app-feature.jpg"],"subheadline":["Ver\u00f6ffentlichung Mitte Juni"],"rest_api_enabler":{"featured_image":"https:\/\/images.iphone-ticker.de\/wp-content\/uploads\/2020\/06\/corona-warn-app-feature.jpg","subheadline":"Ver\u00f6ffentlichung Mitte Juni"},"_links":{"self":[{"href":"https:\/\/www.iphone-ticker.de\/apiv2\/wp\/v2\/posts\/158419","targetHints":{"allow":["GET"]}}],"collection":[{"href":"https:\/\/www.iphone-ticker.de\/apiv2\/wp\/v2\/posts"}],"about":[{"href":"https:\/\/www.iphone-ticker.de\/apiv2\/wp\/v2\/types\/post"}],"author":[{"embeddable":true,"href":"https:\/\/www.iphone-ticker.de\/apiv2\/wp\/v2\/users\/1"}],"replies":[{"embeddable":true,"href":"https:\/\/www.iphone-ticker.de\/apiv2\/wp\/v2\/comments?post=158419"}],"version-history":[{"count":4,"href":"https:\/\/www.iphone-ticker.de\/apiv2\/wp\/v2\/posts\/158419\/revisions"}],"predecessor-version":[{"id":158423,"href":"https:\/\/www.iphone-ticker.de\/apiv2\/wp\/v2\/posts\/158419\/revisions\/158423"}],"wp:attachment":[{"href":"https:\/\/www.iphone-ticker.de\/apiv2\/wp\/v2\/media?parent=158419"}],"wp:term":[{"taxonomy":"category","embeddable":true,"href":"https:\/\/www.iphone-ticker.de\/apiv2\/wp\/v2\/categories?post=158419"},{"taxonomy":"post_tag","embeddable":true,"href":"https:\/\/www.iphone-ticker.de\/apiv2\/wp\/v2\/tags?post=158419"}],"curies":[{"name":"wp","href":"https:\/\/api.w.org\/{rel}","templated":true}]}}