{"id":157336,"date":"2020-05-13T07:23:39","date_gmt":"2020-05-13T05:23:39","guid":{"rendered":"https:\/\/www.iphone-ticker.de\/?p=157336"},"modified":"2020-05-13T07:25:02","modified_gmt":"2020-05-13T05:25:02","slug":"podcast-tipp-swr2-forum-was-bringt-die-corona-app","status":"publish","type":"post","link":"https:\/\/www.iphone-ticker.de\/podcast-tipp-swr2-forum-was-bringt-die-corona-app-157336\/","title":{"rendered":"Podcast-Tipp: SWR2 Forum &#8211; Was bringt die Corona-App?"},"content":{"rendered":"<p>Statt aufgeregtem Geschnatter, liefert die aktuelle Episode <a href=\"https:\/\/www.swr.de\/swr2\/programm\/podcast-swr2-forum-100.html\">des SWR2 Forums<\/a> einen qualifizierten, zivilisierten Diskurs um das F\u00fcr und Wider der geplanten Corona-App.<\/p>\n<p>Im Gespr\u00e4ch <a href=\"https:\/\/www.swr.de\/swr2\/leben-und-gesellschaft\/was-bringt-die-corona-app-100.html\">Was bringt die Corona-App?<\/a> gehen die teilnehmenden Diskutanten auf Vorz\u00fcge und Nachteile von zentraler und dezentraler L\u00f6sung ein, blicken nach Korea und reiben sich an Detailfragen ohne dabei pers\u00f6nlich zu werden. <\/p>\n<p>Angenehm unaufgeregte 45 Minuten, die direkt geh\u00f6rt (<a href=\"https:\/\/avdlswr-a.akamaihd.net\/swr\/swr2\/forum\/leben-und-gesellschaft\/swr2-forum-20200512-1705-was-bringt-die-corona-app.m.mp3\">MP3-Download<\/a>) oder als Podcast abonniert (<a href=\"https:\/\/www.swr.de\/~podcast\/swr2\/programm\/podcast-swr2-forum-100.xml\">RSS-Link<\/a>) werden k\u00f6nnen.<\/p>\n<p>Es diskutieren: Anke Domscheit-Berg &#8211; Netzaktivistin und Bundestagsabgeordnete (Fraktion &#8222;Die Linke&#8220;), Prof. Dr. Jeanette Hofmann &#8211; Politikwissenschaftlerin, Wissenschaftszentrum Berlin, Dr. Kay Ruge &#8211; Deutscher Landkreistag, Moderation: Michael Risel.<\/p>\n<p><div class=\"responsive-video\"><iframe loading=\"lazy\" src=\"https:\/\/www.swr.de\/~embed\/swr2\/leben-und-gesellschaft\/was-bringt-die-corona-app-100.html\" width=\"700\" height=\"390\" frameborder=\"0\" webkitallowfullscreen mozallowfullscreen allowfullscreen><\/iframe><\/div><\/p>\n","protected":false},"excerpt":{"rendered":"<a href=\"https:\/\/www.iphone-ticker.de\/podcast-tipp-swr2-forum-was-bringt-die-corona-app-157336\/\"><img width=\"150\" height=\"150\" src=\"https:\/\/images.iphone-ticker.de\/wp-content\/uploads\/2020\/05\/corona-app-feature-150x150.jpg\" class=\"alignright tfe wp-post-image\" alt=\"Corona App Feature\" decoding=\"async\" loading=\"lazy\" \/><\/a><p>Statt aufgeregtem Geschnatter, liefert die aktuelle Episode des SWR2 Forums einen qualifizierten, zivilisierten Diskurs um das F\u00fcr und Wider der geplanten Corona-App. Im Gespr\u00e4ch Was bringt die Corona-App? gehen die teilnehmenden Diskutanten auf Vorz\u00fcge und Nachteile von zentraler und dezentraler L\u00f6sung ein, blicken nach Korea und reiben sich an Detailfragen ohne dabei pers\u00f6nlich zu werden. [&hellip;]<\/p>\n","protected":false},"author":1,"featured_media":157338,"comment_status":"open","ping_status":"closed","sticky":false,"template":"","format":"standard","meta":{"footnotes":""},"categories":[39],"tags":[3914,5055,165,74],"class_list":["post-157336","post","type-post","status-publish","format-standard","has-post-thumbnail","hentry","category-apps","tag-apps","tag-coronavirus","tag-podcast","tag-tipp"],"aioseo_notices":[],"subheadline":["45 Minuten zum Thema"],"featured_image":["https:\/\/images.iphone-ticker.de\/wp-content\/uploads\/2020\/05\/corona-app-feature.jpg"],"rest_api_enabler":{"subheadline":"45 Minuten zum Thema","featured_image":"https:\/\/images.iphone-ticker.de\/wp-content\/uploads\/2020\/05\/corona-app-feature.jpg"},"_links":{"self":[{"href":"https:\/\/www.iphone-ticker.de\/apiv2\/wp\/v2\/posts\/157336","targetHints":{"allow":["GET"]}}],"collection":[{"href":"https:\/\/www.iphone-ticker.de\/apiv2\/wp\/v2\/posts"}],"about":[{"href":"https:\/\/www.iphone-ticker.de\/apiv2\/wp\/v2\/types\/post"}],"author":[{"embeddable":true,"href":"https:\/\/www.iphone-ticker.de\/apiv2\/wp\/v2\/users\/1"}],"replies":[{"embeddable":true,"href":"https:\/\/www.iphone-ticker.de\/apiv2\/wp\/v2\/comments?post=157336"}],"version-history":[{"count":3,"href":"https:\/\/www.iphone-ticker.de\/apiv2\/wp\/v2\/posts\/157336\/revisions"}],"predecessor-version":[{"id":157341,"href":"https:\/\/www.iphone-ticker.de\/apiv2\/wp\/v2\/posts\/157336\/revisions\/157341"}],"wp:featuredmedia":[{"embeddable":true,"href":"https:\/\/www.iphone-ticker.de\/apiv2\/wp\/v2\/media\/157338"}],"wp:attachment":[{"href":"https:\/\/www.iphone-ticker.de\/apiv2\/wp\/v2\/media?parent=157336"}],"wp:term":[{"taxonomy":"category","embeddable":true,"href":"https:\/\/www.iphone-ticker.de\/apiv2\/wp\/v2\/categories?post=157336"},{"taxonomy":"post_tag","embeddable":true,"href":"https:\/\/www.iphone-ticker.de\/apiv2\/wp\/v2\/tags?post=157336"}],"curies":[{"name":"wp","href":"https:\/\/api.w.org\/{rel}","templated":true}]}}