{"id":156630,"date":"2020-04-27T09:05:15","date_gmt":"2020-04-27T07:05:15","guid":{"rendered":"https:\/\/www.iphone-ticker.de\/?p=156630"},"modified":"2020-04-28T14:25:48","modified_gmt":"2020-04-28T12:25:48","slug":"corona-warn-app-deutschland-lenkt-ein","status":"publish","type":"post","link":"https:\/\/www.iphone-ticker.de\/corona-warn-app-deutschland-lenkt-ein-156630\/","title":{"rendered":"Corona-Warn-App: Deutschland lenkt ein"},"content":{"rendered":"<p>Dass es so schnell gehen w\u00fcrde, h\u00e4tten wir dann doch nicht erwartet. Noch am Sonntag haben Kanzleramtsschef Helge Braun und Bundesgesundheitsminister Jens Spahn <a href=\"https:\/\/www.iphone-ticker.de\/corona-warn-app-ccc-kritisiert-plaene-der-regierung-scharf-156627\/\">auf die Kritik<\/a> an der geplanten Corona-Warn-App reagiert und eine dezentrale Tracing-App in Aussicht gestellt.<\/p>\n<p><a href=\"https:\/\/images.iphone-ticker.de\/wp-content\/uploads\/2020\/04\/Wirbleibenzuhause.jpg\"><img loading=\"lazy\" decoding=\"async\" class=\"aligncenter size-full wp-image-156632\" src=\"https:\/\/images.iphone-ticker.de\/wp-content\/uploads\/2020\/04\/Wirbleibenzuhause.jpg\" alt=\"Wirbleibenzuhause\" width=\"500\" height=\"334\" \/><\/a><\/p>\n<p>In einer gemeinsamen Erkl\u00e4rung k\u00fcndigten die beiden Politiker an, &#8222;den Einsatz einer konsequent dezentralen Softwarearchitektur&#8220; f\u00fcr die Anwendung einer Corona-App in Deutschland vorantreiben zu wollen. Ziel sei es, dass angesichts der derzeitigen Lockerungen der Kontaktbeschr\u00e4nkungen &#8222;sehr bald die Tracing-App einsatzbereit ist und in der Bev\u00f6lkerung sowie der Zivilgesellschaft eine breite Akzeptanz findet&#8220;. Die Nutzung der App soll auf Freiwilligkeit beruhen. Gleichzeitig sind Datenschutz und IT-Sicherheit zu gew\u00e4hrleisten.<\/p>\n<p>Die gesamte Erkl\u00e4rung von Kanzleramtsminister Helge Braun und Bundesgesundheitsminister Jens Spahn zur Tracing-App <a href=\"https:\/\/www.bundesgesundheitsministerium.de\/presse\/pressemitteilungen\/2020\/2-quartal\/tracing-app.html\">l\u00e4sst sich hier einsehen<\/a>. In wiefern die Gespr\u00e4che mit Apple und Google die Entscheidung beeinflusst haben ist unklar, fest steht nun jedoch, dass man auf die Schnittstelle der beiden Smartphone-Anbieter setzen wird.<\/p>\n<blockquote><p>Um Kontaktpersonen von Corona-Infizierten schnell und einfach warnen zu k\u00f6nnen, setzt die Bundesregierung auf die Entwicklung einer Tracing-App, die auf Freiwilligkeit beruht, datenschutzkonform ist und ein hohes Ma\u00df an IT-Sicherheit gew\u00e4hrleistet.<\/p>\n<p>Dazu erkl\u00e4ren Kanzleramtsminister Helge Braun und Bundesgesundheitsminister Jens Spahn:<\/p>\n<p>\u201eWir verfolgen als Bundesregierung bei der Entwicklung einer Tracing-App einen Ansatz, der auf Freiwilligkeit beruht, datenschutzkonform ist und ein hohes Ma\u00df an IT-Sicherheit gew\u00e4hrleistet. Hauptziel aus epidemiologischer Sicht ist es, Infektionsketten m\u00f6glichst fr\u00fchzeitig zu erkennen und zu unterbrechen.<\/p>\n<p>Um diese Anforderungen zu erf\u00fcllen, sollen zwischen zwei oder mehreren Nutzern der Anwendung, die sich \u00fcber einen l\u00e4ngeren Zeitraum in kritischer N\u00e4he zueinander aufhalten, tempor\u00e4re verschl\u00fcsselte Identit\u00e4ten ausgetauscht werden. Im Infektionsfall wird ohne Identifikation der Kontaktpersonen der infizierten Nutzer eine Benachrichtigung veranlasst. Die Kontaktperson erh\u00e4lt so eine entsprechende Warnung.<\/p>\n<p>Unser Ziel ist es, dass angesichts der bereits erfolgenden \u00d6ffnungen nach den umfangreichen Kontaktbeschr\u00e4nkungen sehr bald die Tracing-App einsatzbereit ist und in der Bev\u00f6lkerung sowie der Zivilgesellschaft eine breite Akzeptanz findet. Die Nutzung der App durch m\u00f6glichst gro\u00dfe Teile der Bev\u00f6lkerung ist die Grundlage ihres Erfolges.<\/p>\n<p>Um dieses Ziel zu erreichen, setzt die Bundesregierung auf eine dezentrale Softwarearchitektur, die die in K\u00fcrze zur Verf\u00fcgung stehenden Programmierschnittstellen der wesentlichen Anbieter von mobilen Betriebssystemen nutzt und gleichzeitig die epidemiologische Qualit\u00e4tssicherung bestm\u00f6glich integriert. Das bedeutet konkret, dass wir den Einsatz einer konsequent dezentralen Softwarearchitektur f\u00fcr die Anwendung in Deutschland vorantreiben werden. Darin soll auch die M\u00f6glichkeit integriert werden, dass B\u00fcrgerinnen und B\u00fcrger freiwillig in pseudonymisierter Form Daten zur epidemiologischen Forschung und Qualit\u00e4tssicherung an das Robert Koch-Institut \u00fcbermitteln k\u00f6nnen.<\/p>\n<p>Die Bundesregierung wird f\u00fcr die Nutzung dieser M\u00f6glichkeit werben, weil es wichtig ist, eine ausreichende Datenlage zu generieren, mit der Aussagen zum Infektionsgeschehen m\u00f6glich sind und die epidemiologische Relevanz von Kontakten bewerten zu k\u00f6nnen, um perspektivisch m\u00f6glichst zielgenaue Quarant\u00e4ne auszul\u00f6sen. Durch die Einbindung von Testlaboren k\u00f6nnte dar\u00fcber hinaus eine m\u00f6glichst fr\u00fchzeitige Warnung an kritische Kontakte von positiv getesteten Patienten erfolgen.\u201c<\/p><\/blockquote>\n<p>Update von 9:15 Uhr &#8211; Um Unklarheiten vorzubeugen haben wir im Beitrag jetzt die gesamte Erkl\u00e4rung abgedruckt.<\/p>\n","protected":false},"excerpt":{"rendered":"<a href=\"https:\/\/www.iphone-ticker.de\/corona-warn-app-deutschland-lenkt-ein-156630\/\"><img width=\"150\" height=\"150\" src=\"https:\/\/images.iphone-ticker.de\/wp-content\/uploads\/2020\/04\/Wirbleibenzuhause-150x150.jpg\" class=\"alignright tfe wp-post-image\" alt=\"Wirbleibenzuhause\" decoding=\"async\" loading=\"lazy\" \/><\/a><p>Dass es so schnell gehen w\u00fcrde, h\u00e4tten wir dann doch nicht erwartet. Noch am Sonntag haben Kanzleramtsschef Helge Braun und Bundesgesundheitsminister Jens Spahn auf die Kritik an der geplanten Corona-Warn-App reagiert und eine dezentrale Tracing-App in Aussicht gestellt. In einer gemeinsamen Erkl\u00e4rung k\u00fcndigten die beiden Politiker an, &#8222;den Einsatz einer konsequent dezentralen Softwarearchitektur&#8220; f\u00fcr die [&hellip;]<\/p>\n","protected":false},"author":1,"featured_media":156632,"comment_status":"open","ping_status":"closed","sticky":false,"template":"","format":"standard","meta":{"footnotes":""},"categories":[39,1975],"tags":[5055,672,64,32],"class_list":["post-156630","post","type-post","status-publish","format-standard","has-post-thumbnail","hentry","category-apps","category-feature","tag-coronavirus","tag-datenschutz","tag-deutschland","tag-kritik"],"aioseo_notices":[],"featured_image":["https:\/\/images.iphone-ticker.de\/wp-content\/uploads\/2020\/04\/corona-app-feature-unsplash.jpg"],"subheadline":["Doch kein App-Alleingang"],"rest_api_enabler":{"featured_image":"https:\/\/images.iphone-ticker.de\/wp-content\/uploads\/2020\/04\/corona-app-feature-unsplash.jpg","subheadline":"Doch kein App-Alleingang"},"_links":{"self":[{"href":"https:\/\/www.iphone-ticker.de\/apiv2\/wp\/v2\/posts\/156630","targetHints":{"allow":["GET"]}}],"collection":[{"href":"https:\/\/www.iphone-ticker.de\/apiv2\/wp\/v2\/posts"}],"about":[{"href":"https:\/\/www.iphone-ticker.de\/apiv2\/wp\/v2\/types\/post"}],"author":[{"embeddable":true,"href":"https:\/\/www.iphone-ticker.de\/apiv2\/wp\/v2\/users\/1"}],"replies":[{"embeddable":true,"href":"https:\/\/www.iphone-ticker.de\/apiv2\/wp\/v2\/comments?post=156630"}],"version-history":[{"count":8,"href":"https:\/\/www.iphone-ticker.de\/apiv2\/wp\/v2\/posts\/156630\/revisions"}],"predecessor-version":[{"id":156736,"href":"https:\/\/www.iphone-ticker.de\/apiv2\/wp\/v2\/posts\/156630\/revisions\/156736"}],"wp:featuredmedia":[{"embeddable":true,"href":"https:\/\/www.iphone-ticker.de\/apiv2\/wp\/v2\/media\/156632"}],"wp:attachment":[{"href":"https:\/\/www.iphone-ticker.de\/apiv2\/wp\/v2\/media?parent=156630"}],"wp:term":[{"taxonomy":"category","embeddable":true,"href":"https:\/\/www.iphone-ticker.de\/apiv2\/wp\/v2\/categories?post=156630"},{"taxonomy":"post_tag","embeddable":true,"href":"https:\/\/www.iphone-ticker.de\/apiv2\/wp\/v2\/tags?post=156630"}],"curies":[{"name":"wp","href":"https:\/\/api.w.org\/{rel}","templated":true}]}}