{"id":156621,"date":"2020-04-24T20:32:05","date_gmt":"2020-04-24T18:32:05","guid":{"rendered":"https:\/\/www.iphone-ticker.de\/?p=156621"},"modified":"2020-04-24T20:32:05","modified_gmt":"2020-04-24T18:32:05","slug":"die-apple-watch-ist-seit-5-jahren-erhaeltlich","status":"publish","type":"post","link":"https:\/\/www.iphone-ticker.de\/die-apple-watch-ist-seit-5-jahren-erhaeltlich-156621\/","title":{"rendered":"Die Apple Watch ist seit 5 Jahren erh\u00e4ltlich"},"content":{"rendered":"<p>Heute vor exakt f\u00fcnf Jahren wurde die Apple Watch erstmals verkauft. Vorgestellt hat Apple die Uhr schon ein halbes Jahr fr\u00fcher, im September 2014. Die lange Vorlaufzeit war damals eben so ungew\u00f6hnlich wie die anf\u00e4ngliche Vermarktungsstrategie. Statt in direkte Konkurrenz zu den bereits zahlreichen Fitness-Trackern und Sportuhren zu treten, die teils ebenfalls schon \u00fcber \u201esmarte\u201c Funktionen verf\u00fcgten, wollte Apple die Uhr als Mode-Accessoire und Statussymbol platzieren. Die Kr\u00f6nung war die zu Preisen ab 11.000 Euro erh\u00e4ltliche <a href=\"https:\/\/www.iphone-ticker.de\/gold-edition-der-apple-watch-wird-ausgeliefert-82019\/\">Apple Watch Edition<\/a> aus massivem Gold.<\/p>\n<p>Es hat zwar ein paar Jahre gedauert, doch erfreulicherweise hat Apple am Ende doch noch die Kurve gekriegt und erkannt, dass nicht alles, was die Konkurrenz vorlegt, auch zwangsl\u00e4ufig schlecht ist. Mit watchOS 4 hat Apple im Herbst 2017 damit begonnen, die Apple Watch mit jenen Gesundheits- und Fitness-Funktionen auszustatten, die heute nicht nur einen wesentlichen Teil von Apples Marketing f\u00fcr die Uhr ausmachen, sondern auch bei den Besitzern der Uhr auf gro\u00dfen Anklang sto\u00dfen.<\/p>\n<p><a href=\"https:\/\/images.iphone-ticker.de\/wp-content\/uploads\/2016\/07\/apple-watch-im-apple-store.jpg\"><img loading=\"lazy\" decoding=\"async\" src=\"https:\/\/images.iphone-ticker.de\/wp-content\/uploads\/2016\/07\/apple-watch-im-apple-store.jpg\" alt=\"Apple Watch Im Apple Store\" width=\"700\" height=\"467\" class=\"alignnone size-full wp-image-99429\" srcset=\"https:\/\/images.iphone-ticker.de\/wp-content\/uploads\/2016\/07\/apple-watch-im-apple-store.jpg 700w, https:\/\/images.iphone-ticker.de\/wp-content\/uploads\/2016\/07\/apple-watch-im-apple-store-300x200.jpg 300w\" sizes=\"auto, (max-width: 700px) 100vw, 700px\" \/><\/a><\/p>\n<p>Kaum noch jemand erinnert sich dagegen heute noch an anfangs prominent beworbene Funktionen wie das \u201eAntippen\u201c anderer Apple-Watch-Besitzer oder das Versenden des eigenen Herzschlags. Daf\u00fcr bieten die neusten Modelle der Uhr umfassende Funktionen zur \u00dcberwachung desselben und k\u00f6nnen unter bestimmten Umst\u00e4nden tats\u00e4chlich dazu beitragen, gesundheitliche Probleme fr\u00fchzeitig zu erkennen.<\/p>\n<p>Die Apple Watch ist f\u00fcnf Jahre nach ihrem Start auf Kurs. Niemand kann erwarten, dass eine Uhr am Handgelenk heute schon das Smartphone oder gar einen Computer ersetzt, doch schafft die Apple Watch zunehmend Situationen, in denen beides verzichtbarer ist. In sechs Monaten sehen wir die n\u00e4chste Generation der Smartwatch und d\u00fcrfen uns einmal mehr nicht nur auf neue Hardware-Features, sondern mit watchOS 7 auch auf Funktionserweiterungen freuen, von denen auch die \u00e4lteren Modelle der Uhr noch profitieren.<img loading=\"lazy\" decoding=\"async\" src=\"https:\/\/vg07.met.vgwort.de\/na\/9e219471cfe84c1cb207ee7c74b3862f\" width=\"1\" height=\"1\" class=\"tracking\"><\/p>\n<h2>Joni Ive pr\u00e4sentiert die Apple Watch (2014)<\/h2>\n<p><div class=\"responsive-video\"><iframe loading=\"lazy\" width=\"700\" height=\"371\" src=\"https:\/\/www.youtube-nocookie.com\/embed\/N2n3LL8ekWg\" frameborder=\"0\" allowfullscreen><\/iframe><\/div><\/p>\n","protected":false},"excerpt":{"rendered":"<a href=\"https:\/\/www.iphone-ticker.de\/die-apple-watch-ist-seit-5-jahren-erhaeltlich-156621\/\"><img decoding=\"async\" width=\"150\" src=\"https:\/\/images.iphone-ticker.de\/wp-content\/uploads\/2016\/07\/apple-watch-im-apple-store.jpg\" class=\"alignright wp-post-image tfe\" alt=\"Apple Watch Im Apple Store\" title=\"\" \/><\/a><p>Heute vor exakt f\u00fcnf Jahren wurde die Apple Watch erstmals verkauft. Vorgestellt hat Apple die Uhr schon ein halbes Jahr fr\u00fcher, im September 2014. Die lange Vorlaufzeit war damals eben so ungew\u00f6hnlich wie die anf\u00e4ngliche Vermarktungsstrategie. Statt in direkte Konkurrenz zu den bereits zahlreichen Fitness-Trackern und Sportuhren zu treten, die teils ebenfalls schon \u00fcber \u201esmarte\u201c [&hellip;]<\/p>\n","protected":false},"author":2,"featured_media":0,"comment_status":"open","ping_status":"closed","sticky":false,"template":"","format":"standard","meta":{"footnotes":""},"categories":[1],"tags":[2759],"class_list":["post-156621","post","type-post","status-publish","format-standard","hentry","category-news","tag-apple-watch"],"aioseo_notices":[],"subheadline":["Mittlerweile solider Alltagsbegleiter"],"featured_image":["https:\/\/images.iphone-ticker.de\/wp-content\/uploads\/2019\/09\/apple-watch-gold.jpg"],"rest_api_enabler":{"subheadline":"Mittlerweile solider Alltagsbegleiter","featured_image":"https:\/\/images.iphone-ticker.de\/wp-content\/uploads\/2019\/09\/apple-watch-gold.jpg"},"_links":{"self":[{"href":"https:\/\/www.iphone-ticker.de\/apiv2\/wp\/v2\/posts\/156621","targetHints":{"allow":["GET"]}}],"collection":[{"href":"https:\/\/www.iphone-ticker.de\/apiv2\/wp\/v2\/posts"}],"about":[{"href":"https:\/\/www.iphone-ticker.de\/apiv2\/wp\/v2\/types\/post"}],"author":[{"embeddable":true,"href":"https:\/\/www.iphone-ticker.de\/apiv2\/wp\/v2\/users\/2"}],"replies":[{"embeddable":true,"href":"https:\/\/www.iphone-ticker.de\/apiv2\/wp\/v2\/comments?post=156621"}],"version-history":[{"count":5,"href":"https:\/\/www.iphone-ticker.de\/apiv2\/wp\/v2\/posts\/156621\/revisions"}],"predecessor-version":[{"id":156626,"href":"https:\/\/www.iphone-ticker.de\/apiv2\/wp\/v2\/posts\/156621\/revisions\/156626"}],"wp:attachment":[{"href":"https:\/\/www.iphone-ticker.de\/apiv2\/wp\/v2\/media?parent=156621"}],"wp:term":[{"taxonomy":"category","embeddable":true,"href":"https:\/\/www.iphone-ticker.de\/apiv2\/wp\/v2\/categories?post=156621"},{"taxonomy":"post_tag","embeddable":true,"href":"https:\/\/www.iphone-ticker.de\/apiv2\/wp\/v2\/tags?post=156621"}],"curies":[{"name":"wp","href":"https:\/\/api.w.org\/{rel}","templated":true}]}}