{"id":156278,"date":"2020-04-17T09:58:56","date_gmt":"2020-04-17T07:58:56","guid":{"rendered":"https:\/\/www.iphone-ticker.de\/?p=156278"},"modified":"2020-04-17T10:03:33","modified_gmt":"2020-04-17T08:03:33","slug":"so-in-etwa-das-neue-design-des-iphone-12","status":"publish","type":"post","link":"https:\/\/www.iphone-ticker.de\/so-in-etwa-das-neue-design-des-iphone-12-156278\/","title":{"rendered":"So in etwa: Das neue Design des iPhone 12"},"content":{"rendered":"<p>Interessante Kooperation: Die YouTube-Pers\u00f6nlichkeit <a href=\"https:\/\/www.youtube.com\/channel\/UCj34AOIMl_k1fF7hcBkD_dw\">Filip Koroy<\/a> und der f\u00fcr das Smartphone-Portal XDA aktive Blogger Max Weinbach pr\u00e4sentieren heute einen ersten Blick auf Apples diesj\u00e4hriges iPhone-Modell.<\/p>\n<blockquote class=\"twitter-tweet\" data-conversation=\"none\" data-cards=\"hidden\">\n<p lang=\"en\" dir=\"ltr\">I managed to get (unfinished) iPhone 12 Pro Max CADs. These renders are based off those CADs! <a href=\"https:\/\/t.co\/gABuPYsV2p\">https:\/\/t.co\/gABuPYsV2p<\/a><\/p>\n<p>&mdash; Max Weinbach (@MaxWinebach) <a href=\"https:\/\/twitter.com\/MaxWinebach\/status\/1251018387112824833?ref_src=twsrc%5Etfw\">April 17, 2020<\/a><\/p><\/blockquote>\n<p> <script async src=\"https:\/\/platform.twitter.com\/widgets.js\" charset=\"utf-8\"><\/script><\/p>\n<p>Die Eckdaten kennt ihr bereits: Der schon l\u00e4nger recht eindeutigen Ger\u00fcchtelage nach, soll sich die Form des iPhone 12 ja am aktuellen iPad Pro orientieren und damit wieder zur flachen Kante zur\u00fcckkehren, die zuletzt das iPhone 5S und das iPhone SE (1. Generation) schm\u00fcckte.<\/p>\n<p>Zudem soll der Notch, also der Display-Ausschnitt f\u00fcr Kamera und Face ID-Sensoren kleiner ausfallen. Das Ger\u00e4t wird mit einem Smart Connector, versetzten Antennen und einem ebenfalls neu platziertem SIM-Slot erwartet. <\/p>\n<p><a href=\"https:\/\/images.iphone-ticker.de\/wp-content\/uploads\/2020\/04\/iPhone-12-scaled.jpg\"><img loading=\"lazy\" decoding=\"async\" src=\"https:\/\/images.iphone-ticker.de\/wp-content\/uploads\/2020\/04\/iPhone-12-700x229.jpg\" alt=\"IPhone 12\" width=\"700\" height=\"229\" class=\"aligncenter size-large wp-image-156280\" srcset=\"https:\/\/images.iphone-ticker.de\/wp-content\/uploads\/2020\/04\/iPhone-12-700x229.jpg 700w, https:\/\/images.iphone-ticker.de\/wp-content\/uploads\/2020\/04\/iPhone-12-500x164.jpg 500w, https:\/\/images.iphone-ticker.de\/wp-content\/uploads\/2020\/04\/iPhone-12-1536x503.jpg 1536w, https:\/\/images.iphone-ticker.de\/wp-content\/uploads\/2020\/04\/iPhone-12-2048x670.jpg 2048w\" sizes=\"auto, (max-width: 700px) 100vw, 700px\" \/><\/a><\/p>\n<p>Nach eigenen Angaben haben Weinbach und Koroy nun erste Renderings aus den CAD-Zeichnungen der n\u00e4chsten Ger\u00e4te-Generation erstellt und zeigen das sowohl digitale Visualisierungen als auch erste 1-:1-Modelle aus dem 3D-Drucker im Video. <\/p>\n<p>Die Echtheit der CAD-Zeichnungen wurden zudem von <a href=\"https:\/\/twitter.com\/jon_prosser\">Jon Prosser<\/a> &#8222;best\u00e4tigt&#8220;, der Termin, Eckdaten, Preise und des am Mittwoch neu vorgestellten iPhone SE (2. Generation) mehrere Wochen vor der Markteinf\u00fchrung kommunizierte. <\/p>\n<p><div class=\"responsive-video\"><iframe loading=\"lazy\" width=\"700\" height=\"371\" src=\"https:\/\/www.youtube-nocookie.com\/embed\/ZUXwDpGylpw\" frameborder=\"0\" allowfullscreen><\/iframe><\/div><\/p>\n","protected":false},"excerpt":{"rendered":"<a href=\"https:\/\/www.iphone-ticker.de\/so-in-etwa-das-neue-design-des-iphone-12-156278\/\"><img width=\"150\" height=\"150\" src=\"https:\/\/images.iphone-ticker.de\/wp-content\/uploads\/2020\/04\/iPhone-12-150x150.jpg\" class=\"alignright tfe wp-post-image\" alt=\"IPhone 12\" decoding=\"async\" loading=\"lazy\" \/><\/a><p>Interessante Kooperation: Die YouTube-Pers\u00f6nlichkeit Filip Koroy und der f\u00fcr das Smartphone-Portal XDA aktive Blogger Max Weinbach pr\u00e4sentieren heute einen ersten Blick auf Apples diesj\u00e4hriges iPhone-Modell. I managed to get (unfinished) iPhone 12 Pro Max CADs. These renders are based off those CADs! https:\/\/t.co\/gABuPYsV2p &mdash; Max Weinbach (@MaxWinebach) April 17, 2020 Die Eckdaten kennt ihr bereits: [&hellip;]<\/p>\n","protected":false},"author":1,"featured_media":156280,"comment_status":"open","ping_status":"closed","sticky":false,"template":"","format":"standard","meta":{"footnotes":""},"categories":[489],"tags":[78,2064,4946,3910,8],"class_list":["post-156278","post","type-post","status-publish","format-standard","has-post-thumbnail","hentry","category-videos","tag-design","tag-geruechte","tag-iphone-12","tag-rumors","tag-video"],"aioseo_notices":[],"featured_image":["https:\/\/images.iphone-ticker.de\/wp-content\/uploads\/2020\/04\/iphone-12-rendering.jpg"],"subheadline":["Flache Kante und Smart Connector"],"rest_api_enabler":{"featured_image":"https:\/\/images.iphone-ticker.de\/wp-content\/uploads\/2020\/04\/iphone-12-rendering.jpg","subheadline":"Flache Kante und Smart Connector"},"_links":{"self":[{"href":"https:\/\/www.iphone-ticker.de\/apiv2\/wp\/v2\/posts\/156278","targetHints":{"allow":["GET"]}}],"collection":[{"href":"https:\/\/www.iphone-ticker.de\/apiv2\/wp\/v2\/posts"}],"about":[{"href":"https:\/\/www.iphone-ticker.de\/apiv2\/wp\/v2\/types\/post"}],"author":[{"embeddable":true,"href":"https:\/\/www.iphone-ticker.de\/apiv2\/wp\/v2\/users\/1"}],"replies":[{"embeddable":true,"href":"https:\/\/www.iphone-ticker.de\/apiv2\/wp\/v2\/comments?post=156278"}],"version-history":[{"count":1,"href":"https:\/\/www.iphone-ticker.de\/apiv2\/wp\/v2\/posts\/156278\/revisions"}],"predecessor-version":[{"id":156281,"href":"https:\/\/www.iphone-ticker.de\/apiv2\/wp\/v2\/posts\/156278\/revisions\/156281"}],"wp:featuredmedia":[{"embeddable":true,"href":"https:\/\/www.iphone-ticker.de\/apiv2\/wp\/v2\/media\/156280"}],"wp:attachment":[{"href":"https:\/\/www.iphone-ticker.de\/apiv2\/wp\/v2\/media?parent=156278"}],"wp:term":[{"taxonomy":"category","embeddable":true,"href":"https:\/\/www.iphone-ticker.de\/apiv2\/wp\/v2\/categories?post=156278"},{"taxonomy":"post_tag","embeddable":true,"href":"https:\/\/www.iphone-ticker.de\/apiv2\/wp\/v2\/tags?post=156278"}],"curies":[{"name":"wp","href":"https:\/\/api.w.org\/{rel}","templated":true}]}}