{"id":156036,"date":"2020-04-14T06:30:10","date_gmt":"2020-04-14T04:30:10","guid":{"rendered":"https:\/\/www.iphone-ticker.de\/?p=156036"},"modified":"2020-04-14T06:30:51","modified_gmt":"2020-04-14T04:30:51","slug":"iphone-se-diese-woche-iphone-12-verspaetet","status":"publish","type":"post","link":"https:\/\/www.iphone-ticker.de\/iphone-se-diese-woche-iphone-12-verspaetet-156036\/","title":{"rendered":"iPhone SE diese Woche, iPhone 12 versp\u00e4tet?"},"content":{"rendered":"<p>Zun\u00e4chst einmal wollen wir daran erinnern, dass wir in dieser Woche ganz gute Chancen auf die Vorstellung eines neuen iPhone SE (vielleicht auch iPhone 9 genannt) haben. Apple hat die urspr\u00fcnglich f\u00fcr Ende M\u00e4rz geplante Ank\u00fcndigung des Ger\u00e4ts <a href=\"https:\/\/www.iphone-ticker.de\/iphone-9-apple-verschiebt-ankuendigung-auf-den-15-april-155605\/\">verschoben<\/a>. Als bestm\u00f6glicher neuer Termin wird Mittwoch, der 15. April gehandelt, allerdings sei auch nicht ausgeschlossen, dass Apple das neue iPhone heute schon vorstellt.<\/p>\n<p><a href=\"https:\/\/images.iphone-ticker.de\/wp-content\/uploads\/2019\/10\/groesse-iphone-8.jpg\"><img loading=\"lazy\" decoding=\"async\" class=\"aligncenter size-medium wp-image-147847\" src=\"https:\/\/images.iphone-ticker.de\/wp-content\/uploads\/2019\/10\/groesse-iphone-8-500x293.jpg\" alt=\"Groesse Iphone 8\" width=\"500\" height=\"293\" \/><\/a><\/p>\n<h6>iPhone 8 Abmessungen<\/h6>\n<p>Es wird erwartet, dass Apple das \u201eiPhone SE 2\u201c in das mehr oder weniger unver\u00e4nderte Geh\u00e4use des iPhone 8 packt, neben mit dem aktuellen und leistungsf\u00e4higen A13-Prozessor ausstattet und vergleichsweise g\u00fcnstig anbietet.<\/p>\n<h2>iPhone 12 mit LiDAR und 5G wohl versp\u00e4tet<\/h2>\n<p>Das iPhone 12 wird infolge der Auswirkungen der Corona-Krise wohl ebenfalls versp\u00e4tet erscheinen. Statt dem sonst \u00fcblichen Termin in der ersten Septemberh\u00e4lfte k\u00f6nne es zumindest bei einem Teil der f\u00fcr dieses Jahr erwarteten Modelle zu einer Verschiebung von mehreren Wochen kommen. Doch sollen die Verz\u00f6gerungen nicht \u00fcber den Herbst hinausgehen. Dies berichtet das Wirtschaftsmagazin <a href=\"https:\/\/www.bloomberg.com\/news\/articles\/2020-04-13\/apple-plans-ipad-like-design-for-next-iphone-smaller-homepod\">Bloomberg<\/a> und beruft sich dabei auf mit der Angelegenheit vertraute Personen.<\/p>\n<p>Bloomberg liefert auch ein paar neue Details zu den f\u00fcr Herbst erwarteten iPhone-12-Modellen. Dem zufolge soll sich das Design der Ger\u00e4te am kantigen Geh\u00e4use des iPad Pro orientieren, man kann sich das Ganze also auch als d\u00fcnneres und gr\u00f6\u00dferes iPhone 5 vorstellen. Bei der technischen Ausstattung sind neben den \u00fcblichen Verbesserungen im Prozessorbereich wie von uns erwartet teils der urspr\u00fcnglich mit dem iPad Pro eingef\u00fchrte <a href=\"https:\/\/www.ifun.de\/ipad-pro-2020-so-sieht-der-integrierte-lidar-scanner-aus-151952\/\" title=\"iPad Pro 2020: So sieht der integrierte LiDAR-Scanner aus\">LiDAR-Sensor<\/a> und 5G-Unterst\u00fctzung zu erw\u00e4hnen.<\/p>\n<p>Apple wird in diesem Herbst voraussichtlich <a href=\"https:\/\/www.iphone-ticker.de\/experten-ausblick-2020-bringt-fuenf-neue-iphone-modelle-150768\/\">vier neue iPhone-Modelle<\/a> auf den Markt werfen. Die beiden Ger\u00e4te in der Pro-Reihe kommen mit unterschiedlichen Bildschirmgr\u00f6\u00dfen und voraussichtlich dem oben erw\u00e4hnten neuen, kantigen Design und LiDAR-Scanner. Dazu kommen den Erwartungen zufolge zwei Standard-Modelle mit einfacherer Kameratechnik und ebenfalls zwei verschiedenen Bildschirmgr\u00f6\u00dfen.<\/p>\n<p><a href=\"https:\/\/images.iphone-ticker.de\/wp-content\/uploads\/2019\/12\/kuo-iphone-2020-2021-800x460.jpg\"><img loading=\"lazy\" decoding=\"async\" src=\"https:\/\/images.iphone-ticker.de\/wp-content\/uploads\/2019\/12\/kuo-iphone-2020-2021-800x460-700x403.jpg\" alt=\"Kuo Iphone 2020 2021 800x460\" width=\"700\" height=\"403\" class=\"alignnone size-large wp-image-150773\" srcset=\"https:\/\/images.iphone-ticker.de\/wp-content\/uploads\/2019\/12\/kuo-iphone-2020-2021-800x460-700x403.jpg 700w, https:\/\/images.iphone-ticker.de\/wp-content\/uploads\/2019\/12\/kuo-iphone-2020-2021-800x460-500x288.jpg 500w, https:\/\/images.iphone-ticker.de\/wp-content\/uploads\/2019\/12\/kuo-iphone-2020-2021-800x460.jpg 800w\" sizes=\"auto, (max-width: 700px) 100vw, 700px\" \/><\/a><\/p>\n<h6>Bild: TF Securities \/ <a href=\"https:\/\/www.macrumors.com\/2019\/12\/05\/kuo-five-iphones-2020\/\">MacRumors<\/a><img loading=\"lazy\" decoding=\"async\" src=\"https:\/\/vg06.met.vgwort.de\/na\/66df18c1e4f64014a3f4979c9d3ca40a\" width=\"1\" height=\"1\" class=\"tracking\"><\/h6>\n","protected":false},"excerpt":{"rendered":"<a href=\"https:\/\/www.iphone-ticker.de\/iphone-se-diese-woche-iphone-12-verspaetet-156036\/\"><img width=\"150\" height=\"150\" src=\"https:\/\/images.iphone-ticker.de\/wp-content\/uploads\/2020\/04\/tim-cook-zeigt-ein-iphone-150x150.jpg\" class=\"alignright tfe wp-post-image\" alt=\"Tim Cook Zeigt Ein Iphone\" decoding=\"async\" loading=\"lazy\" \/><\/a><p>Zun\u00e4chst einmal wollen wir daran erinnern, dass wir in dieser Woche ganz gute Chancen auf die Vorstellung eines neuen iPhone SE (vielleicht auch iPhone 9 genannt) haben. Apple hat die urspr\u00fcnglich f\u00fcr Ende M\u00e4rz geplante Ank\u00fcndigung des Ger\u00e4ts verschoben. Als bestm\u00f6glicher neuer Termin wird Mittwoch, der 15. April gehandelt, allerdings sei auch nicht ausgeschlossen, dass [&hellip;]<\/p>\n","protected":false},"author":2,"featured_media":156040,"comment_status":"open","ping_status":"closed","sticky":false,"template":"","format":"standard","meta":{"footnotes":""},"categories":[749],"tags":[],"class_list":["post-156036","post","type-post","status-publish","format-standard","has-post-thumbnail","hentry","category-iphone-2"],"aioseo_notices":[],"featured_image":["https:\/\/images.iphone-ticker.de\/wp-content\/uploads\/2020\/04\/tim-cook-zeigt-ein-iphone.jpg"],"subheadline":["Ank\u00fcndigung heute oder morgen?"],"rest_api_enabler":{"featured_image":"https:\/\/images.iphone-ticker.de\/wp-content\/uploads\/2020\/04\/tim-cook-zeigt-ein-iphone.jpg","subheadline":"Ank\u00fcndigung heute oder morgen?"},"_links":{"self":[{"href":"https:\/\/www.iphone-ticker.de\/apiv2\/wp\/v2\/posts\/156036","targetHints":{"allow":["GET"]}}],"collection":[{"href":"https:\/\/www.iphone-ticker.de\/apiv2\/wp\/v2\/posts"}],"about":[{"href":"https:\/\/www.iphone-ticker.de\/apiv2\/wp\/v2\/types\/post"}],"author":[{"embeddable":true,"href":"https:\/\/www.iphone-ticker.de\/apiv2\/wp\/v2\/users\/2"}],"replies":[{"embeddable":true,"href":"https:\/\/www.iphone-ticker.de\/apiv2\/wp\/v2\/comments?post=156036"}],"version-history":[{"count":4,"href":"https:\/\/www.iphone-ticker.de\/apiv2\/wp\/v2\/posts\/156036\/revisions"}],"predecessor-version":[{"id":156041,"href":"https:\/\/www.iphone-ticker.de\/apiv2\/wp\/v2\/posts\/156036\/revisions\/156041"}],"wp:featuredmedia":[{"embeddable":true,"href":"https:\/\/www.iphone-ticker.de\/apiv2\/wp\/v2\/media\/156040"}],"wp:attachment":[{"href":"https:\/\/www.iphone-ticker.de\/apiv2\/wp\/v2\/media?parent=156036"}],"wp:term":[{"taxonomy":"category","embeddable":true,"href":"https:\/\/www.iphone-ticker.de\/apiv2\/wp\/v2\/categories?post=156036"},{"taxonomy":"post_tag","embeddable":true,"href":"https:\/\/www.iphone-ticker.de\/apiv2\/wp\/v2\/tags?post=156036"}],"curies":[{"name":"wp","href":"https:\/\/api.w.org\/{rel}","templated":true}]}}