{"id":155935,"date":"2020-04-08T12:50:04","date_gmt":"2020-04-08T10:50:04","guid":{"rendered":"https:\/\/www.iphone-ticker.de\/?p=155935"},"modified":"2020-04-08T12:50:04","modified_gmt":"2020-04-08T10:50:04","slug":"airpods-pro-und-airpods-2-generation-guenstiger-und-lieferbar","status":"publish","type":"post","link":"https:\/\/www.iphone-ticker.de\/airpods-pro-und-airpods-2-generation-guenstiger-und-lieferbar-155935\/","title":{"rendered":"AirPods Pro und AirPods 2. Generation g\u00fcnstiger und lieferbar"},"content":{"rendered":"<p>Amazon hat die <a rel=\"noindex, nofollow\" href=\"http:\/\/www.ifun.de\/amzn\/B07ZPML7NP\">AirPods Pro<\/a> gerade wieder auf Lager und bietet die neusten Apple-Ohrh\u00f6rer zudem f\u00fcr 269 Euro und damit 10 Euro g\u00fcnstiger an als Apple selbst. Preisabzug und kurzfristige Verf\u00fcgbarkeit sind bei den vergangenen Herbst vorgestellten Ohrh\u00f6rern immer noch die Ausnahme.<\/p>\n<p><a href=\"https:\/\/images.iphone-ticker.de\/wp-content\/uploads\/2020\/03\/airpods-generationen.jpg\"><img loading=\"lazy\" decoding=\"async\" src=\"https:\/\/images.iphone-ticker.de\/wp-content\/uploads\/2020\/03\/airpods-generationen-500x254.jpg\" alt=\"Airpods Generationen\" width=\"500\" height=\"254\" class=\"alignnone size-medium wp-image-154767\" srcset=\"https:\/\/images.iphone-ticker.de\/wp-content\/uploads\/2020\/03\/airpods-generationen-500x254.jpg 500w, https:\/\/images.iphone-ticker.de\/wp-content\/uploads\/2020\/03\/airpods-generationen-700x355.jpg 700w, https:\/\/images.iphone-ticker.de\/wp-content\/uploads\/2020\/03\/airpods-generationen.jpg 1000w\" sizes=\"auto, (max-width: 500px) 100vw, 500px\" \/><\/a><\/p>\n<p>Ebenfalls erw\u00e4hnenswert ist der aktuelle Amazon-Preis f\u00fcr die gew\u00f6hnlichen <a rel=\"noindex, nofollow\" href=\"http:\/\/www.ifun.de\/amzn\/B07PZR3PVB\">AirPods der 2. Generation<\/a>. Wenn ihr auf das kabellose Ladecase verzichten k\u00f6nnt, seid ihr hier bereits mit 137,90 Euro dabei. Apple selbst berechnet hier weiterhin stolze 179 Euro.<\/p>\n<h2>Neue Over-Ear- und Sport-AirPods sollen kommen<\/h2>\n<p>Neue AirPods im klassischen Format sind in K\u00fcrze eher nicht zu erwarten. Daf\u00fcr scheint uns das aktuelle Line-up von Apple noch zu aktuell. Wer allerdings auf \u201eechte\u201c Kopfh\u00f6rer mit dem Apfel-Logo hofft, k\u00f6nnte seine W\u00fcnsche in K\u00fcrze erf\u00fcllt sehen. Der mit gute Kontakten zu Apple ausgestattete Analyst und Blogger <a href=\"https:\/\/twitter.com\/jon_prosser\/status\/1247498140468547585\">Jon Prosser<\/a> wettet auf eine Vorstellung zur <a href=\"https:\/\/www.ifun.de\/teil-absage-der-wwdc-die-konferenz-findet-nur-online-statt-151172\/\" title=\"Teil-Absage der WWDC: Die Konferenz findet nur online statt\">WWDC<\/a>. Apple plane hier mit den <a href=\"https:\/\/www.bose.de\/de_de\/products\/headphones\/noise_cancelling_headphones\/noise-cancelling-headphones-700.html#v=noise_cancelling_headphones_700_soapstone\">Bose 700<\/a> vergleichbare Over-Ear-Kopfh\u00f6rer in der Preisklasse um die 350 Dollar. Zudem st\u00fcnde f\u00fcr Herbst der Verkaufsstart von \u201eAirPods X\u201c an, hier ist die Rede von einem Sportohrh\u00f6rer \u00e4hnlich den <a href=\"https:\/\/www.beatsbydre.com\/de\/earphones\/beats-x\">Beats X<\/a> im Preisbereich von 200 Dollar.<\/p>\n","protected":false},"excerpt":{"rendered":"<a href=\"https:\/\/www.iphone-ticker.de\/airpods-pro-und-airpods-2-generation-guenstiger-und-lieferbar-155935\/\"><img decoding=\"async\" width=\"150\" src=\"https:\/\/images.iphone-ticker.de\/wp-content\/uploads\/2020\/03\/airpods-generationen-500x254.jpg\" class=\"alignright wp-post-image tfe\" alt=\"Airpods Generationen\" title=\"\" \/><\/a><p>Amazon hat die AirPods Pro gerade wieder auf Lager und bietet die neusten Apple-Ohrh\u00f6rer zudem f\u00fcr 269 Euro und damit 10 Euro g\u00fcnstiger an als Apple selbst. Preisabzug und kurzfristige Verf\u00fcgbarkeit sind bei den vergangenen Herbst vorgestellten Ohrh\u00f6rern immer noch die Ausnahme. Ebenfalls erw\u00e4hnenswert ist der aktuelle Amazon-Preis f\u00fcr die gew\u00f6hnlichen AirPods der 2. Generation. [&hellip;]<\/p>\n","protected":false},"author":2,"featured_media":0,"comment_status":"open","ping_status":"closed","sticky":false,"template":"","format":"standard","meta":{"footnotes":""},"categories":[1],"tags":[3567],"class_list":["post-155935","post","type-post","status-publish","format-standard","hentry","category-news","tag-airpods"],"aioseo_notices":[],"subheadline":["Neue Modelle im Sommer und Herbst?"],"featured_image":["https:\/\/images.iphone-ticker.de\/wp-content\/uploads\/2019\/11\/airpods-pro-feature.jpg"],"rest_api_enabler":{"subheadline":"Neue Modelle im Sommer und Herbst?","featured_image":"https:\/\/images.iphone-ticker.de\/wp-content\/uploads\/2019\/11\/airpods-pro-feature.jpg"},"_links":{"self":[{"href":"https:\/\/www.iphone-ticker.de\/apiv2\/wp\/v2\/posts\/155935","targetHints":{"allow":["GET"]}}],"collection":[{"href":"https:\/\/www.iphone-ticker.de\/apiv2\/wp\/v2\/posts"}],"about":[{"href":"https:\/\/www.iphone-ticker.de\/apiv2\/wp\/v2\/types\/post"}],"author":[{"embeddable":true,"href":"https:\/\/www.iphone-ticker.de\/apiv2\/wp\/v2\/users\/2"}],"replies":[{"embeddable":true,"href":"https:\/\/www.iphone-ticker.de\/apiv2\/wp\/v2\/comments?post=155935"}],"version-history":[{"count":3,"href":"https:\/\/www.iphone-ticker.de\/apiv2\/wp\/v2\/posts\/155935\/revisions"}],"predecessor-version":[{"id":155938,"href":"https:\/\/www.iphone-ticker.de\/apiv2\/wp\/v2\/posts\/155935\/revisions\/155938"}],"wp:attachment":[{"href":"https:\/\/www.iphone-ticker.de\/apiv2\/wp\/v2\/media?parent=155935"}],"wp:term":[{"taxonomy":"category","embeddable":true,"href":"https:\/\/www.iphone-ticker.de\/apiv2\/wp\/v2\/categories?post=155935"},{"taxonomy":"post_tag","embeddable":true,"href":"https:\/\/www.iphone-ticker.de\/apiv2\/wp\/v2\/tags?post=155935"}],"curies":[{"name":"wp","href":"https:\/\/api.w.org\/{rel}","templated":true}]}}