{"id":154404,"date":"2020-03-06T08:25:02","date_gmt":"2020-03-06T07:25:02","guid":{"rendered":"https:\/\/www.iphone-ticker.de\/?p=154404"},"modified":"2020-03-09T20:36:00","modified_gmt":"2020-03-09T19:36:00","slug":"wwdc-2020-wackelt-regionalverwaltung-empfiehlt-absage","status":"publish","type":"post","link":"https:\/\/www.iphone-ticker.de\/wwdc-2020-wackelt-regionalverwaltung-empfiehlt-absage-154404\/","title":{"rendered":"WWDC 2020 wackelt: Regionalverwaltung empfiehlt Absage"},"content":{"rendered":"<p>Die Regionalverwaltung des <a href=\"https:\/\/de.wikipedia.org\/wiki\/Santa_Clara_County\">Santa Clara County<\/a>, dem am st\u00e4rksten besiedelten Landkreis in Kalifornien, der auch Apples Firmenzentrale in die WWDC-Veranstaltungsorte in San Jos\u00e9 beherbergt, informiert \u00fcber das Auftreten sechs neuer Coronavirus-F\u00e4lle.<\/p>\n<p>Im gleichen Atemzug hat die Regionalverwaltung <a href=\"https:\/\/www.sccgov.org\/sites\/phd\/news\/Pages\/new-guidance-new-covid-19-3-5-2020.aspx\">neue Pr\u00e4ventiv-Empfehlung<\/a> ausgesprochen und r\u00e4t unter anderem davon ab, Massenveranstaltungen zu organisieren. In dem nun ver\u00f6ffentlichtem &#8222;Leitfaden f\u00fcr Personen, die Massenversammlungen und gro\u00dfe Gemeinschaftsveranstaltungen ausrichten&#8220; hei\u00dft es jetzt:<\/p>\n<blockquote><p>Aktuell empfehlen wir, Massenversammlungen und gro\u00dfe Gemeindeveranstaltungen, bei denen viele Menschen in Armesl\u00e4nge voneinander entfernt sind, zu verschieben oder abzusagen. Wenn Sie es nicht vermeiden k\u00f6nnen, Gruppen von Menschen zusammenzubringen:<\/p>\n<ul>\n<li>Dr\u00e4ngen Sie jeden, der krank ist, nicht daran teilzunehmen.<\/li>\n<li>Ermutigen Sie diejenigen, die ein h\u00f6heres Risiko f\u00fcr eine schwere Krankheit haben, nicht daran teilzunehmen.<\/li>\n<li>Versuchen Sie, Wege zu finden, um den Menschen mehr Raum zu geben, damit sie so wenig wie m\u00f6glich in engem Kontakt miteinander stehen.<\/li>\n<\/ul>\n<p><b>Ermutigen Sie die Teilnehmer zu mehr Hygiene, z.B:<\/b><\/p>\n<ul>\n<li>Waschen Sie ihre H\u00e4nde h\u00e4ufig mindestens 20 Sekunden lang mit Wasser und Seife.<\/li>\n<li>Wenn keine Seife und kein Wasser zur Verf\u00fcgung stehen, kann im Notfall ein alkoholisches H\u00e4ndedesinfektionsmittel verwendet werden.<\/li>\n<li>Vermeiden Sie engen Kontakt mit anderen Menschen<\/li>\n<li>Vermeiden Sie es, Ihre Augen, Nase und Mund zu ber\u00fchren.<\/li>\n<li>Bedecken ihres Hustens oder Niesens mit einem Gewebe &#8211; falls vorhanden &#8211; oder in den Ellenbogen<\/li>\n<li>Reinigen Sie die Oberfl\u00e4chen mit handels\u00fcblichen Reinigungsmitteln.<\/li>\n<\/ul>\n<\/blockquote>\n<p>W\u00e4hrend Facebook und Google ihre Entwickler-Konferenzen bereits abgesagt haben, hat Apple sich zum Schicksal der WWDC 2020 noch nicht ge\u00e4u\u00dfert. Auf der Entwickler-Konferenz werden f\u00fcr gew\u00f6hnlich die neuen macOS- und iOS-Betriebssysteme vorgestellt.<\/p>\n<p>Branchenbeobachter gehen derzeit davon aus, dass Apple das Event streichen und die Entwickler-Sessions als Video-Aufzeichnungen bereitstellen wird.<\/p>\n","protected":false},"excerpt":{"rendered":"<p>Die Regionalverwaltung des Santa Clara County, dem am st\u00e4rksten besiedelten Landkreis in Kalifornien, der auch Apples Firmenzentrale in die WWDC-Veranstaltungsorte in San Jos\u00e9 beherbergt, informiert \u00fcber das Auftreten sechs neuer Coronavirus-F\u00e4lle. Im gleichen Atemzug hat die Regionalverwaltung neue Pr\u00e4ventiv-Empfehlung ausgesprochen und r\u00e4t unter anderem davon ab, Massenveranstaltungen zu organisieren. In dem nun ver\u00f6ffentlichtem &#8222;Leitfaden f\u00fcr [&hellip;]<\/p>\n","protected":false},"author":1,"featured_media":0,"comment_status":"open","ping_status":"closed","sticky":false,"template":"","format":"standard","meta":{"footnotes":""},"categories":[14,1975],"tags":[3912,5055,105],"class_list":["post-154404","post","type-post","status-publish","format-standard","hentry","category-apple","category-feature","tag-apple","tag-coronavirus","tag-wwdc"],"aioseo_notices":[],"featured_image":["https:\/\/images.iphone-ticker.de\/wp-content\/uploads\/2020\/02\/ios-14.jpg"],"subheadline":["Apple bislang ohne Kommentar"],"rest_api_enabler":{"featured_image":"https:\/\/images.iphone-ticker.de\/wp-content\/uploads\/2020\/02\/ios-14.jpg","subheadline":"Apple bislang ohne Kommentar"},"_links":{"self":[{"href":"https:\/\/www.iphone-ticker.de\/apiv2\/wp\/v2\/posts\/154404","targetHints":{"allow":["GET"]}}],"collection":[{"href":"https:\/\/www.iphone-ticker.de\/apiv2\/wp\/v2\/posts"}],"about":[{"href":"https:\/\/www.iphone-ticker.de\/apiv2\/wp\/v2\/types\/post"}],"author":[{"embeddable":true,"href":"https:\/\/www.iphone-ticker.de\/apiv2\/wp\/v2\/users\/1"}],"replies":[{"embeddable":true,"href":"https:\/\/www.iphone-ticker.de\/apiv2\/wp\/v2\/comments?post=154404"}],"version-history":[{"count":1,"href":"https:\/\/www.iphone-ticker.de\/apiv2\/wp\/v2\/posts\/154404\/revisions"}],"predecessor-version":[{"id":154405,"href":"https:\/\/www.iphone-ticker.de\/apiv2\/wp\/v2\/posts\/154404\/revisions\/154405"}],"wp:attachment":[{"href":"https:\/\/www.iphone-ticker.de\/apiv2\/wp\/v2\/media?parent=154404"}],"wp:term":[{"taxonomy":"category","embeddable":true,"href":"https:\/\/www.iphone-ticker.de\/apiv2\/wp\/v2\/categories?post=154404"},{"taxonomy":"post_tag","embeddable":true,"href":"https:\/\/www.iphone-ticker.de\/apiv2\/wp\/v2\/tags?post=154404"}],"curies":[{"name":"wp","href":"https:\/\/api.w.org\/{rel}","templated":true}]}}