{"id":154307,"date":"2020-03-04T10:39:29","date_gmt":"2020-03-04T09:39:29","guid":{"rendered":"https:\/\/www.iphone-ticker.de\/?p=154307"},"modified":"2020-03-04T10:39:57","modified_gmt":"2020-03-04T09:39:57","slug":"sachsen-anhalt-afd-will-allgemeines-handyverbot-an-schulen","status":"publish","type":"post","link":"https:\/\/www.iphone-ticker.de\/sachsen-anhalt-afd-will-allgemeines-handyverbot-an-schulen-154307\/","title":{"rendered":"Sachsen-Anhalt: AfD will allgemeines Handyverbot an Schulen"},"content":{"rendered":"<p>W\u00e4re die AfD-Fraktion in Sachsen-Anhalt <a href=\"https:\/\/www.afdfraktion-lsa.de\/afd-handyverbot-an-schulen-sehr-sinnvoll\/\">mit ihrer Forderung<\/a> erfolgreich gewesen, h\u00e4tten Sch\u00fcler in Magdeburg, Halle (Saale) und Umgebung ihre Handys direkt zu Hause lassen k\u00f6nnen.<\/p>\n<p><a href=\"https:\/\/images.iphone-ticker.de\/wp-content\/uploads\/2020\/03\/afd_Tillschneider.jpg\"><img loading=\"lazy\" decoding=\"async\" class=\"aligncenter size-medium wp-image-154308\" src=\"https:\/\/images.iphone-ticker.de\/wp-content\/uploads\/2020\/03\/afd_Tillschneider-500x334.jpg\" alt=\"Afd Tillschneider\" width=\"500\" height=\"334\" srcset=\"https:\/\/images.iphone-ticker.de\/wp-content\/uploads\/2020\/03\/afd_Tillschneider-500x334.jpg 500w, https:\/\/images.iphone-ticker.de\/wp-content\/uploads\/2020\/03\/afd_Tillschneider-700x468.jpg 700w, https:\/\/images.iphone-ticker.de\/wp-content\/uploads\/2020\/03\/afd_Tillschneider.jpg 1000w\" sizes=\"auto, (max-width: 500px) 100vw, 500px\" \/><\/a><\/p>\n<h6>F\u00fcr das Verbot: Der AfD-Abgeordnete Tillschneider<\/h6>\n<p>So forderte die AfD nicht nur ein allgemeines Handyverbot an Schulen in Sachsen-Anhalt, sondern rief gleichzeitig auch dazu auf, das Konzept der &#8222;digitalen Bildung&#8220; grundlegend zu hinterfragen. Der AfD-Abgeordnete Hans-Thomas Tillschneider, Sprecher f\u00fcr Bildung, Kultur und Wissenschaft der AfD-Fraktion Sachsen-Anhalt, erkl\u00e4rte dazu:<\/p>\n<blockquote><p>&#8222;Die beste Vorbereitung, auch und gerade auf die digitale Welt, ist immer noch eine solide Bildung nach althergebrachten Methoden.\u201c<\/p><\/blockquote>\n<p>Ziel der AfD-Kritik war Sachsen-Anhalts Bildungsminister Tullner, der ein <a href=\"https:\/\/www.iphone-ticker.de\/ab-herbst-frankreich-verbannt-handys-aus-kitas-und-schulen-120275\/\">\u00e4hnlich gelagertes Verbot<\/a> in Frankreich bereits vor Jahren <a href=\"https:\/\/www.volksstimme.de\/sachsen-anhalt\/bildung-tullner-lehnt-handyverbot-an-schulen-ab\">kritisiert hatte<\/a>.<\/p>\n<p>Bis auf Weiteres k\u00f6nnen die Sch\u00fcler ihre Ger\u00e4te jedoch behalten, am vergangenen Donnerstag lehnte der Landtag den Antrag mit Stimmen von CDU, Linken, SPD und Gr\u00fcnen ab. <a href=\"https:\/\/www.mdr.de\/video\/mdr-videos\/a\/video-386564.html\">Der MDR berichtet<\/a>:<\/p>\n<p><video poster=\"https:\/\/cdn.mdr.de\/sachsen-anhalt-heute\/sah-14514_v-variantBig16x9_wm-true_zc-ecbbafc6.jpg\" preload=\"auto\" controls=\"controls\" width=\"700\" height=\"390\"><source src=\"https:\/\/odmdr-a.akamaihd.net\/mp4dyn2\/a\/FCMS-abc3333d-0909-4c91-8f4a-6a1b6d1aa367-be7c2950aac6_ab.mp4\" \/><\/video><\/p>\n<h2>Zum Nachlesen:<\/h2>\n<ul>\n<li><a title=\"Deutschland: Generelles Handy-Verbot an jeder 6. Schule\" href=\"https:\/\/www.iphone-ticker.de\/deutschland-generelles-handy-verbot-an-jeder-6-schule-140212\/\">Deutschland: Generelles Handy-Verbot an jeder 6. Schule<\/a><\/li>\n<li><a title=\"Generelles Handyverbot an Schulen in Deutschland unwahrscheinlich\" href=\"https:\/\/www.iphone-ticker.de\/generelles-handyverbot-an-schulen-in-deutschland-unwahrscheinlich-129383\/\">Generelles Handyverbot an Schulen in Deutschland unwahrscheinlich<\/a><\/li>\n<li><a title=\"CDU fordert \u201eSmartphone-Verbot f\u00fcr Klasse 1 bis 4\u201c\" href=\"https:\/\/www.iphone-ticker.de\/cdu-fordert-smartphone-verbot-fuer-klasse-1-bis-4-125057\/\">CDU fordert \u201eSmartphone-Verbot f\u00fcr Klasse 1 bis 4\u201c<\/a><\/li>\n<li><a title=\"Ab Herbst: Frankreich verbannt Handys aus Kitas und Schulen\" href=\"https:\/\/www.iphone-ticker.de\/ab-herbst-frankreich-verbannt-handys-aus-kitas-und-schulen-120275\/\">Ab Herbst: Frankreich verbannt Handys aus Kitas und Schulen<\/a><\/li>\n<\/ul>\n","protected":false},"excerpt":{"rendered":"<a href=\"https:\/\/www.iphone-ticker.de\/sachsen-anhalt-afd-will-allgemeines-handyverbot-an-schulen-154307\/\"><img width=\"150\" height=\"150\" src=\"https:\/\/images.iphone-ticker.de\/wp-content\/uploads\/2020\/03\/afd_Tillschneider-150x150.jpg\" class=\"alignright tfe wp-post-image\" alt=\"Afd Tillschneider\" decoding=\"async\" loading=\"lazy\" \/><\/a><p>W\u00e4re die AfD-Fraktion in Sachsen-Anhalt mit ihrer Forderung erfolgreich gewesen, h\u00e4tten Sch\u00fcler in Magdeburg, Halle (Saale) und Umgebung ihre Handys direkt zu Hause lassen k\u00f6nnen. F\u00fcr das Verbot: Der AfD-Abgeordnete Tillschneider So forderte die AfD nicht nur ein allgemeines Handyverbot an Schulen in Sachsen-Anhalt, sondern rief gleichzeitig auch dazu auf, das Konzept der &#8222;digitalen Bildung&#8220; [&hellip;]<\/p>\n","protected":false},"author":1,"featured_media":154308,"comment_status":"closed","ping_status":"closed","sticky":false,"template":"","format":"standard","meta":{"footnotes":""},"categories":[749],"tags":[158,61,32,412,147,456,3276],"class_list":["post-154307","post","type-post","status-publish","format-standard","has-post-thumbnail","hentry","category-iphone-2","tag-frankreich","tag-kinder","tag-kritik","tag-politik","tag-recht","tag-schule","tag-sucht"],"aioseo_notices":[],"featured_image":["https:\/\/images.iphone-ticker.de\/wp-content\/uploads\/2017\/12\/kinder-handy.jpg"],"subheadline":["Landtag lehnt Antrag ab"],"rest_api_enabler":{"featured_image":"https:\/\/images.iphone-ticker.de\/wp-content\/uploads\/2017\/12\/kinder-handy.jpg","subheadline":"Landtag lehnt Antrag ab"},"_links":{"self":[{"href":"https:\/\/www.iphone-ticker.de\/apiv2\/wp\/v2\/posts\/154307","targetHints":{"allow":["GET"]}}],"collection":[{"href":"https:\/\/www.iphone-ticker.de\/apiv2\/wp\/v2\/posts"}],"about":[{"href":"https:\/\/www.iphone-ticker.de\/apiv2\/wp\/v2\/types\/post"}],"author":[{"embeddable":true,"href":"https:\/\/www.iphone-ticker.de\/apiv2\/wp\/v2\/users\/1"}],"replies":[{"embeddable":true,"href":"https:\/\/www.iphone-ticker.de\/apiv2\/wp\/v2\/comments?post=154307"}],"version-history":[{"count":1,"href":"https:\/\/www.iphone-ticker.de\/apiv2\/wp\/v2\/posts\/154307\/revisions"}],"predecessor-version":[{"id":154309,"href":"https:\/\/www.iphone-ticker.de\/apiv2\/wp\/v2\/posts\/154307\/revisions\/154309"}],"wp:featuredmedia":[{"embeddable":true,"href":"https:\/\/www.iphone-ticker.de\/apiv2\/wp\/v2\/media\/154308"}],"wp:attachment":[{"href":"https:\/\/www.iphone-ticker.de\/apiv2\/wp\/v2\/media?parent=154307"}],"wp:term":[{"taxonomy":"category","embeddable":true,"href":"https:\/\/www.iphone-ticker.de\/apiv2\/wp\/v2\/categories?post=154307"},{"taxonomy":"post_tag","embeddable":true,"href":"https:\/\/www.iphone-ticker.de\/apiv2\/wp\/v2\/tags?post=154307"}],"curies":[{"name":"wp","href":"https:\/\/api.w.org\/{rel}","templated":true}]}}