{"id":153527,"date":"2020-02-14T14:27:39","date_gmt":"2020-02-14T13:27:39","guid":{"rendered":"https:\/\/www.iphone-ticker.de\/?p=153527"},"modified":"2020-02-14T14:27:39","modified_gmt":"2020-02-14T13:27:39","slug":"glacier-eindrucksvolle-videoaufnahmen-mit-dem-iphone-xs-max","status":"publish","type":"post","link":"https:\/\/www.iphone-ticker.de\/glacier-eindrucksvolle-videoaufnahmen-mit-dem-iphone-xs-max-153527\/","title":{"rendered":"Glacier: Eindrucksvolle Videoaufnahmen mit dem iPhone XS Max"},"content":{"rendered":"<p>Wenn ihr dieser Tage eines der rund 500 Apple-Ladengesch\u00e4fte weltweit besucht, stehen die Chancen gut, dass dort das unten eingebettete Video mit Titel \u201eGlacier\u201c \u00fcber die Bildschirme flimmert. Das Duo <a href=\"https:\/\/valleeduhamel.com\">Julien Vall\u00e9e und Eve Duhamel<\/a> hat den Film exklusiv f\u00fcr Apple produziert.<\/p>\n<p>Die Idee entstand im Rahmen von Apples \u201eToday at Apple\u201c-Sessions. Ma\u00dfgabe war es, das Video komplett mit dem iPhone zu drehen. Zum Einsatz kam hierf\u00fcr dann ein iPhone XS Max, verst\u00e4rkt durch Zusatzobjektive von <a href=\"https:\/\/www.shopmoment.com\/shop\/categories\/lenses\">Moment<\/a> und die Kamera-App <a href=\"https:\/\/www.filmicpro.com\">FiLMiC Pro<\/a>.<\/p>\n<p>Erg\u00e4nzend h\u00e4ngt unten auch noch ein \u201eBehind the Scenes\u201c-Video an, das euch die Gelegenheit bietet, ein paar zus\u00e4tzliche Sekunden hinter die Kulissen der Produktion zu blicken.<\/p>\n<p><div class=\"responsive-video\"><iframe loading=\"lazy\" src=\"https:\/\/player.vimeo.com\/video\/391139791\" width=\"700\" height=\"394\" frameborder=\"0\" allow=\"autoplay; fullscreen\" allowfullscreen><\/iframe><\/div><\/p>\n<p><div class=\"responsive-video\"><iframe loading=\"lazy\" src=\"https:\/\/player.vimeo.com\/video\/391142864\" width=\"700\" height=\"394\" frameborder=\"0\" allow=\"autoplay; fullscreen\" allowfullscreen><\/iframe><\/div><\/p>\n","protected":false},"excerpt":{"rendered":"<a href=\"https:\/\/www.iphone-ticker.de\/glacier-eindrucksvolle-videoaufnahmen-mit-dem-iphone-xs-max-153527\/\"><img width=\"150\" height=\"150\" src=\"https:\/\/images.iphone-ticker.de\/wp-content\/uploads\/2020\/02\/glacier-video-apple-iphone-xs-max-150x150.jpg\" class=\"alignright tfe wp-post-image\" alt=\"Glacier Video Apple Iphone Xs Max\" decoding=\"async\" loading=\"lazy\" \/><\/a><p>Wenn ihr dieser Tage eines der rund 500 Apple-Ladengesch\u00e4fte weltweit besucht, stehen die Chancen gut, dass dort das unten eingebettete Video mit Titel \u201eGlacier\u201c \u00fcber die Bildschirme flimmert. Das Duo Julien Vall\u00e9e und Eve Duhamel hat den Film exklusiv f\u00fcr Apple produziert. Die Idee entstand im Rahmen von Apples \u201eToday at Apple\u201c-Sessions. Ma\u00dfgabe war es, [&hellip;]<\/p>\n","protected":false},"author":2,"featured_media":153528,"comment_status":"open","ping_status":"closed","sticky":false,"template":"","format":"standard","meta":{"footnotes":""},"categories":[489],"tags":[344,139,8],"class_list":["post-153527","post","type-post","status-publish","format-standard","has-post-thumbnail","hentry","category-videos","tag-iphone","tag-kamera","tag-video"],"aioseo_notices":[],"subheadline":["\"Shot on iPhone\""],"featured_image":["https:\/\/images.iphone-ticker.de\/wp-content\/uploads\/2020\/02\/glacier-video-apple-iphone-xs-max.jpg"],"rest_api_enabler":{"subheadline":"\"Shot on iPhone\"","featured_image":"https:\/\/images.iphone-ticker.de\/wp-content\/uploads\/2020\/02\/glacier-video-apple-iphone-xs-max.jpg"},"_links":{"self":[{"href":"https:\/\/www.iphone-ticker.de\/apiv2\/wp\/v2\/posts\/153527","targetHints":{"allow":["GET"]}}],"collection":[{"href":"https:\/\/www.iphone-ticker.de\/apiv2\/wp\/v2\/posts"}],"about":[{"href":"https:\/\/www.iphone-ticker.de\/apiv2\/wp\/v2\/types\/post"}],"author":[{"embeddable":true,"href":"https:\/\/www.iphone-ticker.de\/apiv2\/wp\/v2\/users\/2"}],"replies":[{"embeddable":true,"href":"https:\/\/www.iphone-ticker.de\/apiv2\/wp\/v2\/comments?post=153527"}],"version-history":[{"count":2,"href":"https:\/\/www.iphone-ticker.de\/apiv2\/wp\/v2\/posts\/153527\/revisions"}],"predecessor-version":[{"id":153530,"href":"https:\/\/www.iphone-ticker.de\/apiv2\/wp\/v2\/posts\/153527\/revisions\/153530"}],"wp:featuredmedia":[{"embeddable":true,"href":"https:\/\/www.iphone-ticker.de\/apiv2\/wp\/v2\/media\/153528"}],"wp:attachment":[{"href":"https:\/\/www.iphone-ticker.de\/apiv2\/wp\/v2\/media?parent=153527"}],"wp:term":[{"taxonomy":"category","embeddable":true,"href":"https:\/\/www.iphone-ticker.de\/apiv2\/wp\/v2\/categories?post=153527"},{"taxonomy":"post_tag","embeddable":true,"href":"https:\/\/www.iphone-ticker.de\/apiv2\/wp\/v2\/tags?post=153527"}],"curies":[{"name":"wp","href":"https:\/\/api.w.org\/{rel}","templated":true}]}}