{"id":153223,"date":"2020-02-10T06:35:00","date_gmt":"2020-02-10T05:35:00","guid":{"rendered":"https:\/\/www.iphone-ticker.de\/?p=153223"},"modified":"2020-02-10T07:33:49","modified_gmt":"2020-02-10T06:33:49","slug":"fuer-139-euro-die-airpods-starten-beim-discounter","status":"publish","type":"post","link":"https:\/\/www.iphone-ticker.de\/fuer-139-euro-die-airpods-starten-beim-discounter-153223\/","title":{"rendered":"F\u00fcr 139 Euro: Die AirPods starten beim Discounter"},"content":{"rendered":"<p>139 Euro ist f\u00fcr die &#8222;einfachen&#8220; AirPods mittlerweile ja ein Standardpreis (solange man nicht bei Apple direkt bestellt), die Tatsache, dass die Ohrh\u00f6rer nun auch beim Discounter erh\u00e4ltlich sind, allerdings eine Erw\u00e4hnung wert. <a href=\"https:\/\/www.lidl.de\/de\/apple-headset-airpods-2-generation\/p332032\">Lidl Online<\/a> bietet die AirPods der zweiten Generation mit Standard-Ladecase von heute an zu diesem Preis an.<\/p>\n<p><a href=\"https:\/\/images.iphone-ticker.de\/wp-content\/uploads\/2020\/02\/airpods-bei-lidl.jpg\"><img loading=\"lazy\" decoding=\"async\" src=\"https:\/\/images.iphone-ticker.de\/wp-content\/uploads\/2020\/02\/airpods-bei-lidl-500x288.jpg\" alt=\"Airpods Bei Lidl\" width=\"500\" height=\"288\" class=\"alignnone size-medium wp-image-153226\" srcset=\"https:\/\/images.iphone-ticker.de\/wp-content\/uploads\/2020\/02\/airpods-bei-lidl-500x288.jpg 500w, https:\/\/images.iphone-ticker.de\/wp-content\/uploads\/2020\/02\/airpods-bei-lidl-700x403.jpg 700w, https:\/\/images.iphone-ticker.de\/wp-content\/uploads\/2020\/02\/airpods-bei-lidl.jpg 1000w\" sizes=\"auto, (max-width: 500px) 100vw, 500px\" \/><\/a><\/p>\n<p>Bemerkenswert ist in diesem Zusammenhang auch die Tatsache, dass Lidl eigenen Angaben zufolge kurzfristig liefern kann. Bei allen AirPods-Modellen empfiehlt es sich mittlerweile, neben dem Preis auch auf die Lieferzeit zu achten.<\/p>\n<p>Lidl listet auch die <a href=\"https:\/\/www.lidl.de\/de\/apple-headset-airpods-2-generation-inkl-kabelloses-ladecase\/p305918\">AirPods mit kabellosem Ladecase<\/a> als kurzfristig Verf\u00fcgbarkeit. Allerdings liegt der Preis mit 199 Euro hier vergleichsweise hoch. Apple selbst bietet die Ohrh\u00f6rer dagegen weiterhin zum urspr\u00fcnglich genannten Verkaufspreis von 179 bzw. 229 Euro an. Hier habt ihr dann immerhin die M\u00f6glichkeit einer pers\u00f6nlichen Gravur auf dem Case im Preis inbegriffen.<\/p>\n<p><h8>Vielen Dank f\u00fcr eure Mails<\/h8><\/p>\n","protected":false},"excerpt":{"rendered":"<a href=\"https:\/\/www.iphone-ticker.de\/fuer-139-euro-die-airpods-starten-beim-discounter-153223\/\"><img width=\"150\" height=\"150\" src=\"https:\/\/images.iphone-ticker.de\/wp-content\/uploads\/2020\/02\/airpods-bei-lidl-150x150.jpg\" class=\"alignright tfe wp-post-image\" alt=\"Airpods Bei Lidl\" decoding=\"async\" loading=\"lazy\" \/><\/a><p>139 Euro ist f\u00fcr die &#8222;einfachen&#8220; AirPods mittlerweile ja ein Standardpreis (solange man nicht bei Apple direkt bestellt), die Tatsache, dass die Ohrh\u00f6rer nun auch beim Discounter erh\u00e4ltlich sind, allerdings eine Erw\u00e4hnung wert. Lidl Online bietet die AirPods der zweiten Generation mit Standard-Ladecase von heute an zu diesem Preis an. Bemerkenswert ist in diesem Zusammenhang [&hellip;]<\/p>\n","protected":false},"author":2,"featured_media":153226,"comment_status":"open","ping_status":"closed","sticky":false,"template":"","format":"standard","meta":{"footnotes":""},"categories":[1],"tags":[3567,3382],"class_list":["post-153223","post","type-post","status-publish","format-standard","has-post-thumbnail","hentry","category-news","tag-airpods","tag-lidl"],"aioseo_notices":[],"subheadline":["Bei Lidl online erh\u00e4ltlich"],"featured_image":["https:\/\/images.iphone-ticker.de\/wp-content\/uploads\/2019\/03\/airpods-2-generation.jpg"],"rest_api_enabler":{"subheadline":"Bei Lidl online erh\u00e4ltlich","featured_image":"https:\/\/images.iphone-ticker.de\/wp-content\/uploads\/2019\/03\/airpods-2-generation.jpg"},"_links":{"self":[{"href":"https:\/\/www.iphone-ticker.de\/apiv2\/wp\/v2\/posts\/153223","targetHints":{"allow":["GET"]}}],"collection":[{"href":"https:\/\/www.iphone-ticker.de\/apiv2\/wp\/v2\/posts"}],"about":[{"href":"https:\/\/www.iphone-ticker.de\/apiv2\/wp\/v2\/types\/post"}],"author":[{"embeddable":true,"href":"https:\/\/www.iphone-ticker.de\/apiv2\/wp\/v2\/users\/2"}],"replies":[{"embeddable":true,"href":"https:\/\/www.iphone-ticker.de\/apiv2\/wp\/v2\/comments?post=153223"}],"version-history":[{"count":3,"href":"https:\/\/www.iphone-ticker.de\/apiv2\/wp\/v2\/posts\/153223\/revisions"}],"predecessor-version":[{"id":153227,"href":"https:\/\/www.iphone-ticker.de\/apiv2\/wp\/v2\/posts\/153223\/revisions\/153227"}],"wp:featuredmedia":[{"embeddable":true,"href":"https:\/\/www.iphone-ticker.de\/apiv2\/wp\/v2\/media\/153226"}],"wp:attachment":[{"href":"https:\/\/www.iphone-ticker.de\/apiv2\/wp\/v2\/media?parent=153223"}],"wp:term":[{"taxonomy":"category","embeddable":true,"href":"https:\/\/www.iphone-ticker.de\/apiv2\/wp\/v2\/categories?post=153223"},{"taxonomy":"post_tag","embeddable":true,"href":"https:\/\/www.iphone-ticker.de\/apiv2\/wp\/v2\/tags?post=153223"}],"curies":[{"name":"wp","href":"https:\/\/api.w.org\/{rel}","templated":true}]}}