{"id":152996,"date":"2020-02-04T16:15:23","date_gmt":"2020-02-04T15:15:23","guid":{"rendered":"https:\/\/www.iphone-ticker.de\/?p=152996"},"modified":"2020-02-06T18:51:28","modified_gmt":"2020-02-06T17:51:28","slug":"zdf-de-und-zdf-app-unterschiedliche-untertitel-und-tonspuren","status":"publish","type":"post","link":"https:\/\/www.iphone-ticker.de\/zdf-de-und-zdf-app-unterschiedliche-untertitel-und-tonspuren-152996\/","title":{"rendered":"ZDF.de und ZDF-App: Unterschiedliche Untertitel und Tonspuren"},"content":{"rendered":"<p>Die im folgenden beschriebene Eigenart der ZDF-Mediathek ist keine weltbewegende Neuigkeit, aber ein Umstand der es uns wert scheint, kurz notiert zu werden. Im besten Fall lassen sich die geschilderten Beobachtungen auch auf Mediatheken anderer Sender und Anbieter \u00fcbertragen.<\/p>\n<p>Worum geht es? Wir haben unsere Abende k\u00fcrzlich von der hervorragenden, achtteiligen Serie &#8222;Das Boot&#8220; begleiten lassen, uns hier jedoch \u00fcber die Entscheidung der Macher ge\u00e4rgert, alle Dialoge in der deutschen Fassung konsequent zu synchronisieren.<\/p>\n<p><a href=\"https:\/\/images.iphone-ticker.de\/wp-content\/uploads\/2020\/02\/doppelt-untertitelt.jpg\"><img loading=\"lazy\" decoding=\"async\" src=\"https:\/\/images.iphone-ticker.de\/wp-content\/uploads\/2020\/02\/doppelt-untertitelt-500x284.jpg\" alt=\"Doppelt Untertitelt\" width=\"500\" height=\"284\" class=\"aligncenter size-medium wp-image-152998\" srcset=\"https:\/\/images.iphone-ticker.de\/wp-content\/uploads\/2020\/02\/doppelt-untertitelt-500x284.jpg 500w, https:\/\/images.iphone-ticker.de\/wp-content\/uploads\/2020\/02\/doppelt-untertitelt-700x398.jpg 700w, https:\/\/images.iphone-ticker.de\/wp-content\/uploads\/2020\/02\/doppelt-untertitelt.jpg 1125w\" sizes=\"auto, (max-width: 500px) 100vw, 500px\" \/><\/a><\/p>\n<h6>W\u00e4re eigentlich so einfach: Fremde Sprache, untertitelt<\/h6>\n<p>Statt kurze Englisch- und Franz\u00f6sich-Passagen der Protagonisten schlicht zu untertiteln, mussten sich diese in der Nachproduktion selbst synchronisieren. Ein deutsche Unsitte, die sich teils auch negativ auf den Plot auswirkt. Wird dem nichts-ahnenden Zuschauer doch unterschlagen, was bei der Ausstrahlung in anderen L\u00e4ndern problemlos beobachtet werden kann.<\/p>\n<p>So wissen deutsche Zuschauer erst mal nicht, dass im Widerstand mehrere Sprachen gesprochen werden, m\u00fcssen sich die besondere N\u00e4he zwischen Passagieren und englisch sprechenden Funkern selbst herbeidenken und d\u00fcrfen irritiert den Kopf sch\u00fctteln, wenn es mitunter doch zwei franz\u00f6sische S\u00e4tze in die deutsche Fassung geschafft haben, da in der Szene eine \u00dcbersetzerin aktiv ist und die Synchronisation hier mehr verwirren als helfen w\u00fcrde.<\/p>\n<h2>Untertitel zur Hilfe!<\/h2>\n<p>Da Mediatheken wie die des ZDF heutzutage jedoch zus\u00e4tzliche Untertitel und Tonspuren bereithalten, braucht man sich eigentlich nicht lang zu \u00e4rgern sonder muss lediglich die Ger\u00e4uschkulisse aktivieren, in der man das TV-Angebot gerne konsumieren w\u00fcrde.<\/p>\n<p>Und hier wird es in der ZDF-Mediathek etwas kompliziert. Wie eingangs erw\u00e4hnt w\u00fcrden wir &#8222;Das Boot&#8220; gerne so schauen, dass keine Synchronisation zum Einsatz kommt. Deutsche sollen Deutsch, Franzosen Franz\u00f6sisch und Amerikaner (und englisch sprechende Deutsche) eben Englisch sprechen.<\/p>\n<p><a href=\"https:\/\/images.iphone-ticker.de\/wp-content\/uploads\/2020\/02\/ipad-app.jpeg\"><img loading=\"lazy\" decoding=\"async\" src=\"https:\/\/images.iphone-ticker.de\/wp-content\/uploads\/2020\/02\/ipad-app-700x489.jpeg\" alt=\"Ipad App\" width=\"700\" height=\"489\" class=\"aligncenter size-large wp-image-152999\" srcset=\"https:\/\/images.iphone-ticker.de\/wp-content\/uploads\/2020\/02\/ipad-app-700x489.jpeg 700w, https:\/\/images.iphone-ticker.de\/wp-content\/uploads\/2020\/02\/ipad-app-500x349.jpeg 500w, https:\/\/images.iphone-ticker.de\/wp-content\/uploads\/2020\/02\/ipad-app-1536x1073.jpeg 1536w, https:\/\/images.iphone-ticker.de\/wp-content\/uploads\/2020\/02\/ipad-app-2048x1431.jpeg 2048w\" sizes=\"auto, (max-width: 700px) 100vw, 700px\" \/><\/a><\/p>\n<h6>Auf dem iPad lassen sich Untertitel nur an- und ausschalten<\/h6>\n<p>Das ZDF bietet in der <a rel=\"noindex, nofollow\" href=\"http:\/\/www.ifun.de\/app\/437025413\">ZDF Mediathek-App<\/a> hier den &#8222;TV-Ton&#8220;, den &#8222;Originalton Franz\u00f6sisch&#8220; und die sogenannte &#8222;Audiodeskription&#8220; an. Zur Erkl\u00e4rung:<\/p>\n<ul>\n<li><b>TV-Ton<\/b>: Alles ist Deutsch synchronisiert<\/li>\n<li><b>Originalton Franz\u00f6sisch<\/b>: Franzosen sprechen Franz\u00f6sisch, Deutsche Deutsch, Engl\u00e4nder Englisch.<\/li>\n<li><b>Audiodeskription<\/b>: Wie TV-Ton mit zus\u00e4tzlich erkl\u00e4renden Inhalten f\u00fcr sehbehinderte.<\/li>\n<\/ul>\n<p>Hier w\u00fcrden wir also den &#8222;Originalton Franz\u00f6sisch&#8220; und uns \u00fcber eine Synchronsprecher-freie Originaltonspur freuen. Was unsere nur mittelm\u00e4\u00dfigen Franz\u00f6sischkenntnisse angeht, k\u00f6nnen wir ja einfach auf die angebotenen Untertitel zugreifen; oder etwa nicht?<\/p>\n<p>Fast. Das ZDF stellt eigentlich mehrere Untertitel zur Verf\u00fcgung. Neben den klassischen deutschen Untertiteln stehen zudem auch deutsche Untertitel f\u00fcr Personen mit eingeschr\u00e4nktem H\u00f6rverm\u00f6gen zur Verf\u00fcgung, zudem werden manche Passen im franz\u00f6sischen Original untertitelt &#8211; forced subs, die sich nicht ausschalten lassen.<\/p>\n<p><a href=\"https:\/\/images.iphone-ticker.de\/wp-content\/uploads\/2020\/02\/iphone-app-zdf.jpg\"><img loading=\"lazy\" decoding=\"async\" src=\"https:\/\/images.iphone-ticker.de\/wp-content\/uploads\/2020\/02\/iphone-app-zdf-700x323.jpg\" alt=\"Iphone App Zdf\" width=\"700\" height=\"323\" class=\"aligncenter size-large wp-image-153000\" srcset=\"https:\/\/images.iphone-ticker.de\/wp-content\/uploads\/2020\/02\/iphone-app-zdf-700x323.jpg 700w, https:\/\/images.iphone-ticker.de\/wp-content\/uploads\/2020\/02\/iphone-app-zdf-500x231.jpg 500w, https:\/\/images.iphone-ticker.de\/wp-content\/uploads\/2020\/02\/iphone-app-zdf.jpg 1500w\" sizes=\"auto, (max-width: 700px) 100vw, 700px\" \/><\/a><\/p>\n<h6>ZDF-Mediathek-App: Auf dem iPhone ohne Untertitel<\/h6>\n<p><a href=\"https:\/\/images.iphone-ticker.de\/wp-content\/uploads\/2020\/02\/iphone-app-zdf-2.jpg\"><img loading=\"lazy\" decoding=\"async\" src=\"https:\/\/images.iphone-ticker.de\/wp-content\/uploads\/2020\/02\/iphone-app-zdf-2-700x323.jpg\" alt=\"Iphone App Zdf 2\" width=\"700\" height=\"323\" class=\"aligncenter size-large wp-image-153001\" srcset=\"https:\/\/images.iphone-ticker.de\/wp-content\/uploads\/2020\/02\/iphone-app-zdf-2-700x323.jpg 700w, https:\/\/images.iphone-ticker.de\/wp-content\/uploads\/2020\/02\/iphone-app-zdf-2-500x231.jpg 500w, https:\/\/images.iphone-ticker.de\/wp-content\/uploads\/2020\/02\/iphone-app-zdf-2.jpg 1500w\" sizes=\"auto, (max-width: 700px) 100vw, 700px\" \/><\/a><\/p>\n<h6>ZDF-Mediathek-App: Auf dem iPhone ohne Untertitel<\/h6>\n<h2>Und nun aufgepasst:<\/h2>\n<p>W\u00e4hrend sich in Safari auf dem iPhone (im Vollbild und nur \u00fcber die iOS-Kontroll-Elemente) zwischen allen angebotenen Untertiteln w\u00e4hlen l\u00e4sst, bietet die iPhone-App der Mediathek gar keinen Untertitel an.<\/p>\n<p>Auf dem iPad wird in Safari ein Untertitel angeboten, dieser kann jedoch nur an und ausgeschaltet werden und zeigt, stellenweise nur den franz\u00f6sischen, nicht aber den deutschen Text an.<\/p>\n<p>Uns ist es weder am Apple TV noch am iPad bzw. am iPhone gelungen, durchg\u00e4ngig den Original-Ton mit deutschem Untertitel zu schauen. Die Tatsache, dass sich die auf den Plattformen, in Safari und in der App angebotenen Untertitel jedoch erheblich unterscheiden, war uns so nicht bewusst und hilft vielleicht auch euch in Zukunft aus der Audio-Patsche.<\/p>\n<p><a href=\"https:\/\/images.iphone-ticker.de\/wp-content\/uploads\/2020\/02\/iphone-safari-zdf.jpg\"><img loading=\"lazy\" decoding=\"async\" src=\"https:\/\/images.iphone-ticker.de\/wp-content\/uploads\/2020\/02\/iphone-safari-zdf-700x323.jpg\" alt=\"Iphone Safari Zdf\" width=\"700\" height=\"323\" class=\"aligncenter size-large wp-image-153002\" srcset=\"https:\/\/images.iphone-ticker.de\/wp-content\/uploads\/2020\/02\/iphone-safari-zdf-700x323.jpg 700w, https:\/\/images.iphone-ticker.de\/wp-content\/uploads\/2020\/02\/iphone-safari-zdf-500x231.jpg 500w, https:\/\/images.iphone-ticker.de\/wp-content\/uploads\/2020\/02\/iphone-safari-zdf.jpg 1500w\" sizes=\"auto, (max-width: 700px) 100vw, 700px\" \/><\/a><\/p>\n<h6>In Safari auf dem iPhone: Alle Untertitel zur Wahl<\/h6>\n<p><a href=\"https:\/\/images.iphone-ticker.de\/wp-content\/uploads\/2020\/02\/iphone-safari-zdf-2.jpg\"><img loading=\"lazy\" decoding=\"async\" src=\"https:\/\/images.iphone-ticker.de\/wp-content\/uploads\/2020\/02\/iphone-safari-zdf-2-700x323.jpg\" alt=\"Iphone Safari Zdf 2\" width=\"700\" height=\"323\" class=\"aligncenter size-large wp-image-153003\" srcset=\"https:\/\/images.iphone-ticker.de\/wp-content\/uploads\/2020\/02\/iphone-safari-zdf-2-700x323.jpg 700w, https:\/\/images.iphone-ticker.de\/wp-content\/uploads\/2020\/02\/iphone-safari-zdf-2-500x231.jpg 500w, https:\/\/images.iphone-ticker.de\/wp-content\/uploads\/2020\/02\/iphone-safari-zdf-2.jpg 1500w\" sizes=\"auto, (max-width: 700px) 100vw, 700px\" \/><\/a><\/p>\n<h6>In Safari auf dem iPhone: Alle Untertitel zur Wahl<\/h6>\n<p><img loading=\"lazy\" decoding=\"async\" src=\"https:\/\/vg01.met.vgwort.de\/na\/1e28de05b7904222b3f03fc02308f1b8\" width=\"1\" height=\"1\" class=\"tracking\"><\/p>\n","protected":false},"excerpt":{"rendered":"<a href=\"https:\/\/www.iphone-ticker.de\/zdf-de-und-zdf-app-unterschiedliche-untertitel-und-tonspuren-152996\/\"><img width=\"150\" height=\"150\" src=\"https:\/\/images.iphone-ticker.de\/wp-content\/uploads\/2020\/02\/untertitel-app-mediathe-zdf-150x150.jpg\" class=\"alignright tfe wp-post-image\" alt=\"Untertitel App Mediathe Zdf\" decoding=\"async\" loading=\"lazy\" \/><\/a><p>Die im folgenden beschriebene Eigenart der ZDF-Mediathek ist keine weltbewegende Neuigkeit, aber ein Umstand der es uns wert scheint, kurz notiert zu werden. Im besten Fall lassen sich die geschilderten Beobachtungen auch auf Mediatheken anderer Sender und Anbieter \u00fcbertragen. Worum geht es? Wir haben unsere Abende k\u00fcrzlich von der hervorragenden, achtteiligen Serie &#8222;Das Boot&#8220; begleiten [&hellip;]<\/p>\n","protected":false},"author":1,"featured_media":153004,"comment_status":"open","ping_status":"closed","sticky":false,"template":"","format":"standard","meta":{"footnotes":""},"categories":[1,1975],"tags":[52,2256,434,5037],"class_list":["post-152996","post","type-post","status-publish","format-standard","has-post-thumbnail","hentry","category-news","category-feature","tag-safari","tag-untertitel","tag-zdf","tag-zdf-mediathek"],"aioseo_notices":[],"subheadline":["Synchronsprecherfreies Fernsehen"],"featured_image":["https:\/\/images.iphone-ticker.de\/wp-content\/uploads\/2020\/02\/untertitel-zdf.jpg"],"rest_api_enabler":{"subheadline":"Synchronsprecherfreies Fernsehen","featured_image":"https:\/\/images.iphone-ticker.de\/wp-content\/uploads\/2020\/02\/untertitel-zdf.jpg"},"_links":{"self":[{"href":"https:\/\/www.iphone-ticker.de\/apiv2\/wp\/v2\/posts\/152996","targetHints":{"allow":["GET"]}}],"collection":[{"href":"https:\/\/www.iphone-ticker.de\/apiv2\/wp\/v2\/posts"}],"about":[{"href":"https:\/\/www.iphone-ticker.de\/apiv2\/wp\/v2\/types\/post"}],"author":[{"embeddable":true,"href":"https:\/\/www.iphone-ticker.de\/apiv2\/wp\/v2\/users\/1"}],"replies":[{"embeddable":true,"href":"https:\/\/www.iphone-ticker.de\/apiv2\/wp\/v2\/comments?post=152996"}],"version-history":[{"count":3,"href":"https:\/\/www.iphone-ticker.de\/apiv2\/wp\/v2\/posts\/152996\/revisions"}],"predecessor-version":[{"id":153007,"href":"https:\/\/www.iphone-ticker.de\/apiv2\/wp\/v2\/posts\/152996\/revisions\/153007"}],"wp:featuredmedia":[{"embeddable":true,"href":"https:\/\/www.iphone-ticker.de\/apiv2\/wp\/v2\/media\/153004"}],"wp:attachment":[{"href":"https:\/\/www.iphone-ticker.de\/apiv2\/wp\/v2\/media?parent=152996"}],"wp:term":[{"taxonomy":"category","embeddable":true,"href":"https:\/\/www.iphone-ticker.de\/apiv2\/wp\/v2\/categories?post=152996"},{"taxonomy":"post_tag","embeddable":true,"href":"https:\/\/www.iphone-ticker.de\/apiv2\/wp\/v2\/tags?post=152996"}],"curies":[{"name":"wp","href":"https:\/\/api.w.org\/{rel}","templated":true}]}}