{"id":152985,"date":"2020-02-04T13:35:54","date_gmt":"2020-02-04T12:35:54","guid":{"rendered":"https:\/\/www.iphone-ticker.de\/?p=152985"},"modified":"2020-02-06T18:51:06","modified_gmt":"2020-02-06T17:51:06","slug":"ikea-frekvens-kollektion-startet-in-den-verkauf","status":"publish","type":"post","link":"https:\/\/www.iphone-ticker.de\/ikea-frekvens-kollektion-startet-in-den-verkauf-152985\/","title":{"rendered":"IKEA: Limitierte FREKVENS-Kollektion startet in den Verkauf"},"content":{"rendered":"<p>\u00dcber IKEAs Idee eines modularen Party-Soundsystems f\u00fcr die Generation \u201eerste-eigene-Wohnung\u201c haben wir im laufenden Jahr schon zwei Mal berichtet. Jetzt sind die Bluetooth-Lautsprecher, die sich kombinieren und bei Bedarf um zus\u00e4tzliche Lichtmodule erg\u00e4nzen lassen <a href=\"http:\/\/clkde.tradedoubler.com\/click?p(290994)a(747172)g(24311716)url(https:\/\/www.ikea.com\/de\/de\/search\/products\/?q=frekvens&amp;facetfilter=online_sellable%3Atrue)\">im Online-Shop<\/a> der Schweden erh\u00e4ltlich.<\/p>\n<p><a href=\"https:\/\/images.iphone-ticker.de\/wp-content\/uploads\/2020\/01\/ikea-FREKVENS-rot.jpg\"><img loading=\"lazy\" decoding=\"async\" class=\"aligncenter size-medium wp-image-152387\" src=\"https:\/\/images.iphone-ticker.de\/wp-content\/uploads\/2020\/01\/ikea-FREKVENS-rot-500x375.jpg\" alt=\"Ikea FREKVENS Rot\" width=\"500\" height=\"375\" srcset=\"https:\/\/images.iphone-ticker.de\/wp-content\/uploads\/2020\/01\/ikea-FREKVENS-rot-500x375.jpg 500w, https:\/\/images.iphone-ticker.de\/wp-content\/uploads\/2020\/01\/ikea-FREKVENS-rot-700x525.jpg 700w, https:\/\/images.iphone-ticker.de\/wp-content\/uploads\/2020\/01\/ikea-FREKVENS-rot-1536x1152.jpg 1536w, https:\/\/images.iphone-ticker.de\/wp-content\/uploads\/2020\/01\/ikea-FREKVENS-rot.jpg 2000w\" sizes=\"auto, (max-width: 500px) 100vw, 500px\" \/><\/a><\/p>\n<p>Zur Erinnerung: Die LED-Beleuchtung und die Lautsprecher der Kollektion sind nur online verf\u00fcgbar. Alle weiteren Produkte der Kollektion, etwa der Bartisch und der Stuhl, sind in den IKEA Einrichtungsh\u00e4usern erh\u00e4ltlich.<\/p>\n<p>Neben drei unterschiedlichen Bluetooth-Lautsprechern f\u00fcr euer iPhone &#8211; ein Modell mit mit Subwoofer (20&#215;30 cm), ein Modell ohne Subwoofer (10&#215;20 cm) und tragbarer Lautsprecher (6&#215;10 cm) &#8211; bietet IKEA einen LED-Spot, eine beleuchtete Lautsprecherplatte, eine LED-Multibeleuchtung und zwei Zubeh\u00f6r-Sets f\u00fcr die LED-Spots an, f\u00fcr die zudem auch ein Stativ bereitsteht.<\/p>\n<p><div class=\"responsive-video\"><iframe loading=\"lazy\" src=\"https:\/\/www.youtube-nocookie.com\/embed\/SM_T1EwrJDY\" width=\"700\" height=\"371\" frameborder=\"0\" allowfullscreen=\"allowfullscreen\"><\/iframe><\/div><\/p>\n<h2>Lautsprecher<\/h2>\n<ul>\n<li><b>FREKVENS<\/b> <a href=\"http:\/\/clkde.tradedoubler.com\/click?p(290994)a(747172)g(24311716)url(https:\/\/www.ikea.com\/de\/de\/p\/frekvens-lautsprecher-mit-subwoofer-schwarz-80422647\/)\">Lautsprecher mit Subwoofer, 20&#215;30 cm &#8211; 99,99 Euro<\/a><br \/>\n<b><\/b><\/li>\n<li><b>FREKVENS<\/b> <a href=\"http:\/\/clkde.tradedoubler.com\/click?p(290994)a(747172)g(24311716)url(https:\/\/www.ikea.com\/de\/de\/p\/frekvens-lautsprecher-schwarz-rot-40428335\/)\">Lautsprecher, 10&#215;20 cm Rot &#8211; 69,99 Euro<\/a><br \/>\n<b><\/b><\/li>\n<li><b>FREKVENS<\/b> <a href=\"http:\/\/clkde.tradedoubler.com\/click?p(290994)a(747172)g(24311716)url(https:\/\/www.ikea.com\/de\/de\/p\/frekvens-lautsprecher-schwarz-gelb-50422620\/)\">Lautsprecher, 10&#215;20 cm Gelb &#8211; 69,99 Euro<\/a><br \/>\n<b><\/b><\/li>\n<li><b>FREKVENS<\/b> <a href=\"http:\/\/clkde.tradedoubler.com\/click?p(290994)a(747172)g(24311716)url(https:\/\/www.ikea.com\/de\/de\/p\/frekvens-lautsprecher-tragbar-schwarz-40422593\/)\">Lautsprecher, tragbar, 6&#215;10 cm &#8211; 19,99 Euro<\/a><\/li>\n<\/ul>\n<p><a href=\"https:\/\/images.iphone-ticker.de\/wp-content\/uploads\/2020\/02\/lautsprecher.jpg\"><img loading=\"lazy\" decoding=\"async\" class=\"aligncenter size-large wp-image-152986\" src=\"https:\/\/images.iphone-ticker.de\/wp-content\/uploads\/2020\/02\/lautsprecher-700x233.jpg\" alt=\"Lautsprecher\" width=\"700\" height=\"233\" srcset=\"https:\/\/images.iphone-ticker.de\/wp-content\/uploads\/2020\/02\/lautsprecher-700x233.jpg 700w, https:\/\/images.iphone-ticker.de\/wp-content\/uploads\/2020\/02\/lautsprecher-500x167.jpg 500w, https:\/\/images.iphone-ticker.de\/wp-content\/uploads\/2020\/02\/lautsprecher.jpg 1500w\" sizes=\"auto, (max-width: 700px) 100vw, 700px\" \/><\/a><\/p>\n<h2>Beleuchtung<\/h2>\n<ul>\n<li><b>FREKVENS<\/b> <a href=\"http:\/\/clkde.tradedoubler.com\/click?p(290994)a(747172)g(24311716)url(https:\/\/www.ikea.com\/de\/de\/p\/frekvens-spot-led-schwarz-weiss-60420362\/)\">Spot, LED &#8211; 29,99 Euro<\/a><br \/>\n<b><\/b><\/li>\n<li><b>FREKVENS<\/b> <a href=\"http:\/\/clkde.tradedoubler.com\/click?p(290994)a(747172)g(24311716)url(https:\/\/www.ikea.com\/de\/de\/p\/frekvens-multibeleuchtung-led-schwarz-30420354\/)\">Multibeleuchtung, LED &#8211; 39,99 Euro<\/a><br \/>\n<b><\/b><\/li>\n<li><b>FREKVENS<\/b> <a href=\"http:\/\/clkde.tradedoubler.com\/click?p(290994)a(747172)g(24311716)url(https:\/\/www.ikea.com\/de\/de\/p\/frekvens-lautsprecherplatte-beleuchtet-weiss-60422629\/)\">Lautsprecherplatte beleuchtet, 5&#215;10 cm &#8211; 9,99 Euro<\/a><\/li>\n<\/ul>\n<p><a href=\"https:\/\/images.iphone-ticker.de\/wp-content\/uploads\/2020\/02\/spots.jpg\"><img loading=\"lazy\" decoding=\"async\" class=\"aligncenter size-large wp-image-152987\" src=\"https:\/\/images.iphone-ticker.de\/wp-content\/uploads\/2020\/02\/spots-700x233.jpg\" alt=\"Spots\" width=\"700\" height=\"233\" srcset=\"https:\/\/images.iphone-ticker.de\/wp-content\/uploads\/2020\/02\/spots-700x233.jpg 700w, https:\/\/images.iphone-ticker.de\/wp-content\/uploads\/2020\/02\/spots-500x167.jpg 500w, https:\/\/images.iphone-ticker.de\/wp-content\/uploads\/2020\/02\/spots.jpg 1500w\" sizes=\"auto, (max-width: 700px) 100vw, 700px\" \/><\/a><\/p>\n<h2>Zubeh\u00f6r<\/h2>\n<ul>\n<li><b>FREKVENS<\/b> <a href=\"http:\/\/clkde.tradedoubler.com\/click?p(290994)a(747172)g(24311716)url(https:\/\/www.ikea.com\/de\/de\/p\/frekvens-zubehoer-fuer-led-spot-4-tlg-rot-70428310\/)\">Zubeh\u00f6r f\u00fcr LED-Spot Rot &#8211; 16,99 Euro<\/a><br \/>\n<b><\/b><\/li>\n<li><b>FREKVENS<\/b> <a href=\"http:\/\/clkde.tradedoubler.com\/click?p(290994)a(747172)g(24311716)url(https:\/\/www.ikea.com\/de\/de\/p\/frekvens-zubehoer-fuer-led-spot-4-tlg-gelb-40422574\/)\">Zubeh\u00f6r f\u00fcr LED-Spot Gelb &#8211; 16,99 Euro<\/a><br \/>\n<b><\/b><\/li>\n<li><b>FREKVENS<\/b> <a href=\"http:\/\/clkde.tradedoubler.com\/click?p(290994)a(747172)g(24311716)url(https:\/\/www.ikea.com\/de\/de\/p\/frekvens-stativ-schwarz-10428346\/)\">Stativ &#8211; 59,99 Euro<\/a><\/li>\n<\/ul>\n<p><a href=\"https:\/\/images.iphone-ticker.de\/wp-content\/uploads\/2020\/02\/frekvens-accessories-led-spotlight-set-of-4-yellow__0807995_PE770640_S5-1.jpg\"><img loading=\"lazy\" decoding=\"async\" class=\"aligncenter size-large wp-image-152988\" src=\"https:\/\/images.iphone-ticker.de\/wp-content\/uploads\/2020\/02\/frekvens-accessories-led-spotlight-set-of-4-yellow__0807995_PE770640_S5-1-700x379.jpg\" alt=\"Frekvens Accessories Led Spotlight Set Of 4 Yellow 0807995 PE770640 S5 1\" width=\"700\" height=\"379\" srcset=\"https:\/\/images.iphone-ticker.de\/wp-content\/uploads\/2020\/02\/frekvens-accessories-led-spotlight-set-of-4-yellow__0807995_PE770640_S5-1-700x379.jpg 700w, https:\/\/images.iphone-ticker.de\/wp-content\/uploads\/2020\/02\/frekvens-accessories-led-spotlight-set-of-4-yellow__0807995_PE770640_S5-1-500x270.jpg 500w, https:\/\/images.iphone-ticker.de\/wp-content\/uploads\/2020\/02\/frekvens-accessories-led-spotlight-set-of-4-yellow__0807995_PE770640_S5-1.jpg 1100w\" sizes=\"auto, (max-width: 700px) 100vw, 700px\" \/><\/a><\/p>\n","protected":false},"excerpt":{"rendered":"<a href=\"https:\/\/www.iphone-ticker.de\/ikea-frekvens-kollektion-startet-in-den-verkauf-152985\/\"><img width=\"150\" height=\"150\" src=\"https:\/\/images.iphone-ticker.de\/wp-content\/uploads\/2020\/02\/frekvens-accessories-led-spotlight-set-of-4-yellow__0807995_PE770640_S5-1-150x150.jpg\" class=\"alignright tfe wp-post-image\" alt=\"Frekvens Accessories Led Spotlight Set Of 4 Yellow 0807995 PE770640 S5 1\" decoding=\"async\" loading=\"lazy\" \/><\/a><p>\u00dcber IKEAs Idee eines modularen Party-Soundsystems f\u00fcr die Generation \u201eerste-eigene-Wohnung\u201c haben wir im laufenden Jahr schon zwei Mal berichtet. Jetzt sind die Bluetooth-Lautsprecher, die sich kombinieren und bei Bedarf um zus\u00e4tzliche Lichtmodule erg\u00e4nzen lassen im Online-Shop der Schweden erh\u00e4ltlich. Zur Erinnerung: Die LED-Beleuchtung und die Lautsprecher der Kollektion sind nur online verf\u00fcgbar. Alle weiteren Produkte [&hellip;]<\/p>\n","protected":false},"author":1,"featured_media":152988,"comment_status":"open","ping_status":"closed","sticky":false,"template":"","format":"standard","meta":{"footnotes":""},"categories":[24,1975],"tags":[341,515,5239],"class_list":["post-152985","post","type-post","status-publish","format-standard","has-post-thumbnail","hentry","category-zubehor","category-feature","tag-ikea","tag-lautsprecher","tag-zubehoer"],"aioseo_notices":[],"subheadline":["Exklusiv im Online Store"],"featured_image":["https:\/\/images.iphone-ticker.de\/wp-content\/uploads\/2020\/01\/ikea-FREKVENS-feature.jpg"],"rest_api_enabler":{"subheadline":"Exklusiv im Online Store","featured_image":"https:\/\/images.iphone-ticker.de\/wp-content\/uploads\/2020\/01\/ikea-FREKVENS-feature.jpg"},"_links":{"self":[{"href":"https:\/\/www.iphone-ticker.de\/apiv2\/wp\/v2\/posts\/152985","targetHints":{"allow":["GET"]}}],"collection":[{"href":"https:\/\/www.iphone-ticker.de\/apiv2\/wp\/v2\/posts"}],"about":[{"href":"https:\/\/www.iphone-ticker.de\/apiv2\/wp\/v2\/types\/post"}],"author":[{"embeddable":true,"href":"https:\/\/www.iphone-ticker.de\/apiv2\/wp\/v2\/users\/1"}],"replies":[{"embeddable":true,"href":"https:\/\/www.iphone-ticker.de\/apiv2\/wp\/v2\/comments?post=152985"}],"version-history":[{"count":2,"href":"https:\/\/www.iphone-ticker.de\/apiv2\/wp\/v2\/posts\/152985\/revisions"}],"predecessor-version":[{"id":152990,"href":"https:\/\/www.iphone-ticker.de\/apiv2\/wp\/v2\/posts\/152985\/revisions\/152990"}],"wp:featuredmedia":[{"embeddable":true,"href":"https:\/\/www.iphone-ticker.de\/apiv2\/wp\/v2\/media\/152988"}],"wp:attachment":[{"href":"https:\/\/www.iphone-ticker.de\/apiv2\/wp\/v2\/media?parent=152985"}],"wp:term":[{"taxonomy":"category","embeddable":true,"href":"https:\/\/www.iphone-ticker.de\/apiv2\/wp\/v2\/categories?post=152985"},{"taxonomy":"post_tag","embeddable":true,"href":"https:\/\/www.iphone-ticker.de\/apiv2\/wp\/v2\/tags?post=152985"}],"curies":[{"name":"wp","href":"https:\/\/api.w.org\/{rel}","templated":true}]}}