{"id":152849,"date":"2020-01-31T15:23:11","date_gmt":"2020-01-31T14:23:11","guid":{"rendered":"https:\/\/www.iphone-ticker.de\/?p=152849"},"modified":"2020-01-31T15:23:11","modified_gmt":"2020-01-31T14:23:11","slug":"mazda-mx-5-2020-kommt-ab-werk-mit-carplay-integration","status":"publish","type":"post","link":"https:\/\/www.iphone-ticker.de\/mazda-mx-5-2020-kommt-ab-werk-mit-carplay-integration-152849\/","title":{"rendered":"Mazda: MX-5 2020 kommt ab Werk mit CarPlay-Integration"},"content":{"rendered":"<p>Mazda stattet den <a href=\"https:\/\/www.mazda.de\/modelle\/mazda-mx-5\">MX-5<\/a> fortan ab Werk mit CarPlay aus. In Deutschland wird die neue Modellreihe 2020 zu Preisen ab 29.990 Euro angeboten. <\/p>\n<p>Der neue MX-5 2020 kommt mit einem integrierten Au\u00addio-Sys\u00adtem vom Typ Mazda Con\u00adnect mit AUX- und zwei USB-An\u00adschl\u00fcs\u00adsen sowie einem 7-Zoll-Touch\u00adscre\u00aden. CarPlay erfordert eine Kabelverbindung, alternativ sind gew\u00f6hnliche Bluetooth-Verbindungen m\u00f6glich.<\/p>\n<p><a href=\"https:\/\/images.iphone-ticker.de\/wp-content\/uploads\/2020\/01\/mazda-mx-5-2020-mit-carplay.jpg\"><img loading=\"lazy\" decoding=\"async\" src=\"https:\/\/images.iphone-ticker.de\/wp-content\/uploads\/2020\/01\/mazda-mx-5-2020-mit-carplay-500x238.jpg\" alt=\"Mazda Mx 5 2020 Mit Carplay\" width=\"500\" height=\"238\" class=\"alignnone size-medium wp-image-152852\" srcset=\"https:\/\/images.iphone-ticker.de\/wp-content\/uploads\/2020\/01\/mazda-mx-5-2020-mit-carplay-500x238.jpg 500w, https:\/\/images.iphone-ticker.de\/wp-content\/uploads\/2020\/01\/mazda-mx-5-2020-mit-carplay-700x333.jpg 700w, https:\/\/images.iphone-ticker.de\/wp-content\/uploads\/2020\/01\/mazda-mx-5-2020-mit-carplay.jpg 907w\" sizes=\"auto, (max-width: 500px) 100vw, 500px\" \/><\/a><\/p>\n<p>Mazda steht Apple CarPlay schon seit mehreren Jahren sehr aufgeschlossen gegen\u00fcber, haben die Japaner doch als einer der ersten Hersteller fr\u00fchzeitig eigene <a href=\"https:\/\/www.iphone-ticker.de\/carplay-bei-mazda-vorbildliche-nachruestung-von-altmodellen-128536\/\">Nachr\u00fcst-L\u00f6sungen<\/a> f\u00fcr \u00e4ltere Fahrzeuge angeboten.<\/p>\n<h2>MX-5 schon 2006 mit iPod-Unterst\u00fctzung<\/h2>\n<p>Wenn wir noch ein paar Jahre weiter zur\u00fcck blicken, landen wir bei der bereits 2006 als Sonderzubeh\u00f6r verf\u00fcgbaren iPod-Integration des Herstellers. Mazda machte damals zudem mit einer Sonderedition des MX-5 von sich Reden, im Kaufpreis der wahlweise in Wei\u00df oder Schwarz erh\u00e4ltlichen Roadster war nicht nur das Anschlusskabel im Handschuhfach, sondern auch ein farblich passender iPod mini erhalten.<\/p>\n<p><a href=\"https:\/\/images.iphone-ticker.de\/wp-content\/uploads\/2020\/01\/mazda-black-white.jpg\"><img loading=\"lazy\" decoding=\"async\" src=\"https:\/\/images.iphone-ticker.de\/wp-content\/uploads\/2020\/01\/mazda-black-white.jpg\" alt=\"Mazda Black White\" width=\"700\" height=\"400\" class=\"alignnone size-full wp-image-152854\" srcset=\"https:\/\/images.iphone-ticker.de\/wp-content\/uploads\/2020\/01\/mazda-black-white.jpg 700w, https:\/\/images.iphone-ticker.de\/wp-content\/uploads\/2020\/01\/mazda-black-white-500x286.jpg 500w\" sizes=\"auto, (max-width: 700px) 100vw, 700px\" \/><\/a><\/p>\n<blockquote>\n<p>Im Mazda MX-5 Black &amp; White haben Sie Ihre Lieblingssongs auch beim Cruisen immer dabei. Ein trendiger iPod nano mit 2 GB Speicher in Wei\u00df (f\u00fcr die schwarze Version) geh\u00f6rt ebenso zur Ausstattung wie der integrierte iPod Adapter. <\/p>\n<\/blockquote>\n","protected":false},"excerpt":{"rendered":"<a href=\"https:\/\/www.iphone-ticker.de\/mazda-mx-5-2020-kommt-ab-werk-mit-carplay-integration-152849\/\"><img width=\"150\" height=\"150\" src=\"https:\/\/images.iphone-ticker.de\/wp-content\/uploads\/2020\/01\/mazda-black-white-150x150.jpg\" class=\"alignright tfe wp-post-image\" alt=\"Mazda Black White\" decoding=\"async\" loading=\"lazy\" \/><\/a><p>Mazda stattet den MX-5 fortan ab Werk mit CarPlay aus. In Deutschland wird die neue Modellreihe 2020 zu Preisen ab 29.990 Euro angeboten. Der neue MX-5 2020 kommt mit einem integrierten Au\u00addio-Sys\u00adtem vom Typ Mazda Con\u00adnect mit AUX- und zwei USB-An\u00adschl\u00fcs\u00adsen sowie einem 7-Zoll-Touch\u00adscre\u00aden. CarPlay erfordert eine Kabelverbindung, alternativ sind gew\u00f6hnliche Bluetooth-Verbindungen m\u00f6glich. Mazda steht [&hellip;]<\/p>\n","protected":false},"author":2,"featured_media":152854,"comment_status":"open","ping_status":"closed","sticky":false,"template":"","format":"standard","meta":{"footnotes":""},"categories":[1],"tags":[2463,3853],"class_list":["post-152849","post","type-post","status-publish","format-standard","has-post-thumbnail","hentry","category-news","tag-carplay","tag-mazda"],"aioseo_notices":[],"featured_image":["https:\/\/images.iphone-ticker.de\/wp-content\/uploads\/2020\/01\/mazda-mx-5-2020.jpg"],"subheadline":["Neues Modell jetzt erh\u00e4ltlich"],"rest_api_enabler":{"featured_image":"https:\/\/images.iphone-ticker.de\/wp-content\/uploads\/2020\/01\/mazda-mx-5-2020.jpg","subheadline":"Neues Modell jetzt erh\u00e4ltlich"},"_links":{"self":[{"href":"https:\/\/www.iphone-ticker.de\/apiv2\/wp\/v2\/posts\/152849","targetHints":{"allow":["GET"]}}],"collection":[{"href":"https:\/\/www.iphone-ticker.de\/apiv2\/wp\/v2\/posts"}],"about":[{"href":"https:\/\/www.iphone-ticker.de\/apiv2\/wp\/v2\/types\/post"}],"author":[{"embeddable":true,"href":"https:\/\/www.iphone-ticker.de\/apiv2\/wp\/v2\/users\/2"}],"replies":[{"embeddable":true,"href":"https:\/\/www.iphone-ticker.de\/apiv2\/wp\/v2\/comments?post=152849"}],"version-history":[{"count":3,"href":"https:\/\/www.iphone-ticker.de\/apiv2\/wp\/v2\/posts\/152849\/revisions"}],"predecessor-version":[{"id":152855,"href":"https:\/\/www.iphone-ticker.de\/apiv2\/wp\/v2\/posts\/152849\/revisions\/152855"}],"wp:featuredmedia":[{"embeddable":true,"href":"https:\/\/www.iphone-ticker.de\/apiv2\/wp\/v2\/media\/152854"}],"wp:attachment":[{"href":"https:\/\/www.iphone-ticker.de\/apiv2\/wp\/v2\/media?parent=152849"}],"wp:term":[{"taxonomy":"category","embeddable":true,"href":"https:\/\/www.iphone-ticker.de\/apiv2\/wp\/v2\/categories?post=152849"},{"taxonomy":"post_tag","embeddable":true,"href":"https:\/\/www.iphone-ticker.de\/apiv2\/wp\/v2\/tags?post=152849"}],"curies":[{"name":"wp","href":"https:\/\/api.w.org\/{rel}","templated":true}]}}