{"id":152745,"date":"2020-01-29T16:04:03","date_gmt":"2020-01-29T15:04:03","guid":{"rendered":"https:\/\/www.iphone-ticker.de\/?p=152745"},"modified":"2020-01-31T11:32:15","modified_gmt":"2020-01-31T10:32:15","slug":"einheitliche-ladegeraete-eu-kommission-will-umsetzung-im-q3-2020","status":"publish","type":"post","link":"https:\/\/www.iphone-ticker.de\/einheitliche-ladegeraete-eu-kommission-will-umsetzung-im-q3-2020-152745\/","title":{"rendered":"Einheitliche Ladeger\u00e4te: EU-Kommission will Umsetzung im Q3 2020"},"content":{"rendered":"<p>Die Europ\u00e4ische Kommission hat heute ihr Arbeitsprogramm f\u00fcr 2020 vorgestellt. Es enth\u00e4lt die Ma\u00dfnahmen, die die Kommission im laufenden Jahr zur Umsetzung der politischen Leitlinien von Pr\u00e4sidentin von der Leyen ergreifen will.<\/p>\n<p><a href=\"https:\/\/images.iphone-ticker.de\/wp-content\/uploads\/2020\/01\/eu-kommission.jpg\"><img loading=\"lazy\" decoding=\"async\" class=\"aligncenter size-medium wp-image-152747\" src=\"https:\/\/images.iphone-ticker.de\/wp-content\/uploads\/2020\/01\/eu-kommission-500x329.jpg\" alt=\"Eu Kommission\" width=\"500\" height=\"329\" srcset=\"https:\/\/images.iphone-ticker.de\/wp-content\/uploads\/2020\/01\/eu-kommission-500x329.jpg 500w, https:\/\/images.iphone-ticker.de\/wp-content\/uploads\/2020\/01\/eu-kommission.jpg 639w\" sizes=\"auto, (max-width: 500px) 100vw, 500px\" \/><\/a><\/p>\n<h6>Familienfoto der Kommission von der Leyen | Bild: EU-Kommission<\/h6>\n<p>Das erste Arbeitsprogramm unter von der Leyen setzt einen besonderen Fokus auf \u00f6kologischen und digitalen Wandel und wirft in diesem Zusammenhang auch die seit 2009 diskutierten, und k\u00fcrzlich wieder aufgew\u00e4rmten Pl\u00e4ne zur Durchsetzung eines einheitlichen Ladeger\u00e4tes erneut in den Ring.<\/p>\n<p>Dieses wird im Anhang 1 (&#8222;Neue Initiativen&#8220;) des Arbeitsprogramms als eine von acht Initiativen in der Kategorie &#8222;Ein Europa f\u00fcr das digitale Zeitalter&#8220; angef\u00fchrt. Neben der \u00dcberpr\u00fcfung der Roamingverordnung stehen die einheitlichen Ladeger\u00e4te f\u00fcr Juli bis September auf dem Programm der Kommission:<\/p>\n<ul>\n<li><b>Gemeinsame Ladeger\u00e4te f\u00fcr Mobiltelefone und \u00e4hnliche Ger\u00e4te<\/b> (legislativ, einschlie\u00dflich Folgenabsch\u00e4tzung, Artikel 114 AEUV, 3. Quartal 2020)<\/li>\n<\/ul>\n<p>Ursula von der Leyen, Pr\u00e4sidentin der Europ\u00e4ischen Kommission, kommentiert:<\/p>\n<blockquote><p>\u201eDie neue Kommission wird entschieden handeln, um die Herausforderungen unserer Zeit zu bew\u00e4ltigen und angemessene L\u00f6sungen f\u00fcr Klimawandel, Digitalisierung und Migration zu finden. Wir sind fest entschlossen, den europ\u00e4ischen Gr\u00fcnen Deal zu konkreten Ergebnissen zu f\u00fchren und die Chancen, die der digitale Wandel den europ\u00e4ischen B\u00fcrgerinnen und B\u00fcrger und Unternehmen bieten kann, zu verbessern. Dieses Arbeitsprogramm ist ein wichtiger Beitrag zu einer Union, die mehr erreichen will.\u201c<\/p><\/blockquote>\n<p><a href=\"https:\/\/images.iphone-ticker.de\/wp-content\/uploads\/2020\/01\/europa-digital.jpg\"><img loading=\"lazy\" decoding=\"async\" class=\"aligncenter size-large wp-image-152746\" src=\"https:\/\/images.iphone-ticker.de\/wp-content\/uploads\/2020\/01\/europa-digital-700x363.jpg\" alt=\"Europa Digital\" width=\"700\" height=\"363\" srcset=\"https:\/\/images.iphone-ticker.de\/wp-content\/uploads\/2020\/01\/europa-digital-700x363.jpg 700w, https:\/\/images.iphone-ticker.de\/wp-content\/uploads\/2020\/01\/europa-digital-500x259.jpg 500w, https:\/\/images.iphone-ticker.de\/wp-content\/uploads\/2020\/01\/europa-digital.jpg 1500w\" sizes=\"auto, (max-width: 700px) 100vw, 700px\" \/><\/a><\/p>\n<h2>Zum Nachlesen:<\/h2>\n<ul>\n<li><a title=\"Einheitliches Ladeger\u00e4t: Apple argumentiert gegen EU-Pl\u00e4ne\" href=\"https:\/\/www.iphone-ticker.de\/einheitliches-ladegeraet-apple-argumentiert-gegen-eu-plaene-152587\/\">Einheitliches Ladeger\u00e4t: Apple argumentiert gegen EU-Pl\u00e4ne<\/a><\/li>\n<li><a title=\"Endlich umsetzen: EU-Parlament fordert einheitlichen Ladeanschluss\" href=\"https:\/\/www.iphone-ticker.de\/endlich-umsetzen-eu-parlament-fordert-einheitlichen-ladeanschluss-152063\/\">Endlich umsetzen: EU-Parlament fordert einheitlichen Ladeanschluss<\/a><\/li>\n<li><a href=\"https:\/\/ec.europa.eu\/info\/sites\/info\/files\/cwp-2020_en.pdf\">Arbeitsprogramm EU-Kommission 2020 &#8211; PDF<\/a><\/li>\n<li><a href=\"https:\/\/ec.europa.eu\/info\/sites\/info\/files\/cwp-2020-annex-1_en.pdf\">Arbeitsprogramm Anhang 1 (&#8222;Neue Initiativen&#8220;) &#8211; PDF<\/a><\/li>\n<\/ul>\n","protected":false},"excerpt":{"rendered":"<a href=\"https:\/\/www.iphone-ticker.de\/einheitliche-ladegeraete-eu-kommission-will-umsetzung-im-q3-2020-152745\/\"><img width=\"150\" height=\"150\" src=\"https:\/\/images.iphone-ticker.de\/wp-content\/uploads\/2020\/01\/eu-kommission-150x150.jpg\" class=\"alignright tfe wp-post-image\" alt=\"Eu Kommission\" decoding=\"async\" loading=\"lazy\" \/><\/a><p>Die Europ\u00e4ische Kommission hat heute ihr Arbeitsprogramm f\u00fcr 2020 vorgestellt. Es enth\u00e4lt die Ma\u00dfnahmen, die die Kommission im laufenden Jahr zur Umsetzung der politischen Leitlinien von Pr\u00e4sidentin von der Leyen ergreifen will. Familienfoto der Kommission von der Leyen | Bild: EU-Kommission Das erste Arbeitsprogramm unter von der Leyen setzt einen besonderen Fokus auf \u00f6kologischen und [&hellip;]<\/p>\n","protected":false},"author":1,"featured_media":152747,"comment_status":"open","ping_status":"closed","sticky":false,"template":"","format":"standard","meta":{"footnotes":""},"categories":[1],"tags":[3912,1017,3597,258,32,147,508],"class_list":["post-152745","post","type-post","status-publish","format-standard","has-post-thumbnail","hentry","category-news","tag-apple","tag-eu","tag-eu-kommission","tag-kabel","tag-kritik","tag-recht","tag-umwelt"],"aioseo_notices":[],"subheadline":["Arbeitsprogramm ver\u00f6ffentlicht"],"featured_image":["https:\/\/images.iphone-ticker.de\/wp-content\/uploads\/2018\/08\/euro-stecker.jpg"],"rest_api_enabler":{"subheadline":"Arbeitsprogramm ver\u00f6ffentlicht","featured_image":"https:\/\/images.iphone-ticker.de\/wp-content\/uploads\/2018\/08\/euro-stecker.jpg"},"_links":{"self":[{"href":"https:\/\/www.iphone-ticker.de\/apiv2\/wp\/v2\/posts\/152745","targetHints":{"allow":["GET"]}}],"collection":[{"href":"https:\/\/www.iphone-ticker.de\/apiv2\/wp\/v2\/posts"}],"about":[{"href":"https:\/\/www.iphone-ticker.de\/apiv2\/wp\/v2\/types\/post"}],"author":[{"embeddable":true,"href":"https:\/\/www.iphone-ticker.de\/apiv2\/wp\/v2\/users\/1"}],"replies":[{"embeddable":true,"href":"https:\/\/www.iphone-ticker.de\/apiv2\/wp\/v2\/comments?post=152745"}],"version-history":[{"count":2,"href":"https:\/\/www.iphone-ticker.de\/apiv2\/wp\/v2\/posts\/152745\/revisions"}],"predecessor-version":[{"id":152749,"href":"https:\/\/www.iphone-ticker.de\/apiv2\/wp\/v2\/posts\/152745\/revisions\/152749"}],"wp:featuredmedia":[{"embeddable":true,"href":"https:\/\/www.iphone-ticker.de\/apiv2\/wp\/v2\/media\/152747"}],"wp:attachment":[{"href":"https:\/\/www.iphone-ticker.de\/apiv2\/wp\/v2\/media?parent=152745"}],"wp:term":[{"taxonomy":"category","embeddable":true,"href":"https:\/\/www.iphone-ticker.de\/apiv2\/wp\/v2\/categories?post=152745"},{"taxonomy":"post_tag","embeddable":true,"href":"https:\/\/www.iphone-ticker.de\/apiv2\/wp\/v2\/tags?post=152745"}],"curies":[{"name":"wp","href":"https:\/\/api.w.org\/{rel}","templated":true}]}}