{"id":151996,"date":"2020-01-11T00:53:01","date_gmt":"2020-01-10T23:53:01","guid":{"rendered":"https:\/\/www.iphone-ticker.de\/?p=151996"},"modified":"2020-01-14T14:44:59","modified_gmt":"2020-01-14T13:44:59","slug":"ladeprobleme-apple-ruft-smart-battery-case-zurueck","status":"publish","type":"post","link":"https:\/\/www.iphone-ticker.de\/ladeprobleme-apple-ruft-smart-battery-case-zurueck-151996\/","title":{"rendered":"Ladeprobleme: Apple ruft &#8222;Smart Battery Case&#8220; zur\u00fcck"},"content":{"rendered":"<p>Apple hat die \u00dcbersichtsseite seiner aktiven <a href=\"https:\/\/support.apple.com\/de-de\/exchange_repair\">Reparaturerweiterungs-Programme<\/a> um einen neuen Verbraucherhinweis erg\u00e4nzt: Ab sofort ruft Apple ausgew\u00e4hlte Modelle des sogenannten &#8222;Smart Battery Case&#8220; zur\u00fcck.<\/p>\n<p><a href=\"https:\/\/images.iphone-ticker.de\/wp-content\/uploads\/2020\/01\/smart-battery-all-black.jpg\"><img loading=\"lazy\" decoding=\"async\" class=\"aligncenter size-full wp-image-152007\" src=\"https:\/\/images.iphone-ticker.de\/wp-content\/uploads\/2020\/01\/smart-battery-all-black.jpg\" alt=\"Smart Battery All Black\" width=\"500\" height=\"392\" \/><\/a><\/p>\n<p>Der Zusatz-Akku in den Ausf\u00fchrungen f\u00fcr iPhone XS, iPhone XS Max und iPhone XR soll nach Angaben des Unternehmens Ladeprobleme haben und sich bei Anschluss an eine Stromquelle &#8222;nicht oder nur sporadisch&#8220; aufladen.<\/p>\n<p>Laut Apple wurden die betroffenen Ger\u00e4te <b>zwischen Januar 2019 und Oktober 2019<\/b> hergestellt und werden jetzt kostenlos von Apple und autorisierten Apple Service Providern ausgetauscht.<\/p>\n<p>Nutzer die eines der betroffenen Cases einsetzen sollen entweder einen Termin in einem Apple Store vereinbaren, einen autorisierten Apple Service Provider kontaktieren oder sich direkt an den Apple Support werden.<\/p>\n<p><a href=\"https:\/\/images.iphone-ticker.de\/wp-content\/uploads\/2020\/01\/small-rueckruf-smart-battery-case.jpg\"><img loading=\"lazy\" decoding=\"async\" class=\"aligncenter size-large wp-image-152008\" src=\"https:\/\/images.iphone-ticker.de\/wp-content\/uploads\/2020\/01\/small-rueckruf-smart-battery-case-700x276.jpg\" alt=\"Small Rueckruf Smart Battery Case\" width=\"700\" height=\"276\" srcset=\"https:\/\/images.iphone-ticker.de\/wp-content\/uploads\/2020\/01\/small-rueckruf-smart-battery-case-700x276.jpg 700w, https:\/\/images.iphone-ticker.de\/wp-content\/uploads\/2020\/01\/small-rueckruf-smart-battery-case-500x197.jpg 500w, https:\/\/images.iphone-ticker.de\/wp-content\/uploads\/2020\/01\/small-rueckruf-smart-battery-case.jpg 1499w\" sizes=\"auto, (max-width: 700px) 100vw, 700px\" \/><\/a><br \/>\nApple betont, dass die betroffenen Smart Battery Case-Modelle umweltfreundlich entsorgt werden, unterstreicht aber, dass der R\u00fcckruf zeitlich begrenzt ist:<\/p>\n<blockquote><p>Apple hat festgestellt, dass bei einigen Smart Battery Case-Modellen f\u00fcr das iPhone XS, iPhone XS Max und iPhone XR Ladeprobleme bestehen. [&#8230;] Das Programm ist f\u00fcr betroffene Smart Battery Case-Modelle zwei Jahre nach dem ersten Verkauf des Modells im Einzelhandel g\u00fcltig.<\/p><\/blockquote>\n<p>Ob die derzeit <a rel=\"noindex, nofollow\" href=\"https:\/\/www.amazon.de\/s\/ref=as_li_ss_tl?k=Smart+Battery+Case&amp;__mk_de_DE=%C3%85M%C3%85%C5%BD%C3%95%C3%91&amp;crid=14JVNH5R9F62A&amp;sprefix=brother+v,aps,173&amp;ref=nb_sb_ss_i_1_9&amp;linkCode=ll2&amp;tag=musicweb02&amp;linkId=50d58a80d576804c4376b9a8c4b24445&amp;language=de_DE\">im Handel erh\u00e4ltlichen Modelle<\/a> bereits nach Oktober 2019 gefertigt wurden, ist unklar.<\/p>\n","protected":false},"excerpt":{"rendered":"<a href=\"https:\/\/www.iphone-ticker.de\/ladeprobleme-apple-ruft-smart-battery-case-zurueck-151996\/\"><img width=\"150\" height=\"150\" src=\"https:\/\/images.iphone-ticker.de\/wp-content\/uploads\/2020\/01\/rueckruf-smart-battery-case-150x150.jpg\" class=\"alignright tfe wp-post-image\" alt=\"Rueckruf Smart Battery Case\" decoding=\"async\" loading=\"lazy\" \/><\/a><p>Apple hat die \u00dcbersichtsseite seiner aktiven Reparaturerweiterungs-Programme um einen neuen Verbraucherhinweis erg\u00e4nzt: Ab sofort ruft Apple ausgew\u00e4hlte Modelle des sogenannten &#8222;Smart Battery Case&#8220; zur\u00fcck. Der Zusatz-Akku in den Ausf\u00fchrungen f\u00fcr iPhone XS, iPhone XS Max und iPhone XR soll nach Angaben des Unternehmens Ladeprobleme haben und sich bei Anschluss an eine Stromquelle &#8222;nicht oder nur [&hellip;]<\/p>\n","protected":false},"author":1,"featured_media":152001,"comment_status":"open","ping_status":"closed","sticky":false,"template":"","format":"standard","meta":{"footnotes":""},"categories":[24,1975],"tags":[3912,618,3234,5239],"class_list":["post-151996","post","type-post","status-publish","format-standard","has-post-thumbnail","hentry","category-zubehor","category-feature","tag-apple","tag-defekt","tag-smart-battery-case","tag-zubehoer"],"aioseo_notices":[],"subheadline":["Modelle f\u00fcr iPhone XS, XS Max und XR betroffen"],"featured_image":["https:\/\/images.iphone-ticker.de\/wp-content\/uploads\/2020\/01\/smart-battery-feature.jpg"],"rest_api_enabler":{"subheadline":"Modelle f\u00fcr iPhone XS, XS Max und XR betroffen","featured_image":"https:\/\/images.iphone-ticker.de\/wp-content\/uploads\/2020\/01\/smart-battery-feature.jpg"},"_links":{"self":[{"href":"https:\/\/www.iphone-ticker.de\/apiv2\/wp\/v2\/posts\/151996","targetHints":{"allow":["GET"]}}],"collection":[{"href":"https:\/\/www.iphone-ticker.de\/apiv2\/wp\/v2\/posts"}],"about":[{"href":"https:\/\/www.iphone-ticker.de\/apiv2\/wp\/v2\/types\/post"}],"author":[{"embeddable":true,"href":"https:\/\/www.iphone-ticker.de\/apiv2\/wp\/v2\/users\/1"}],"replies":[{"embeddable":true,"href":"https:\/\/www.iphone-ticker.de\/apiv2\/wp\/v2\/comments?post=151996"}],"version-history":[{"count":7,"href":"https:\/\/www.iphone-ticker.de\/apiv2\/wp\/v2\/posts\/151996\/revisions"}],"predecessor-version":[{"id":152107,"href":"https:\/\/www.iphone-ticker.de\/apiv2\/wp\/v2\/posts\/151996\/revisions\/152107"}],"wp:featuredmedia":[{"embeddable":true,"href":"https:\/\/www.iphone-ticker.de\/apiv2\/wp\/v2\/media\/152001"}],"wp:attachment":[{"href":"https:\/\/www.iphone-ticker.de\/apiv2\/wp\/v2\/media?parent=151996"}],"wp:term":[{"taxonomy":"category","embeddable":true,"href":"https:\/\/www.iphone-ticker.de\/apiv2\/wp\/v2\/categories?post=151996"},{"taxonomy":"post_tag","embeddable":true,"href":"https:\/\/www.iphone-ticker.de\/apiv2\/wp\/v2\/tags?post=151996"}],"curies":[{"name":"wp","href":"https:\/\/api.w.org\/{rel}","templated":true}]}}