{"id":151854,"date":"2020-01-08T10:55:19","date_gmt":"2020-01-08T09:55:19","guid":{"rendered":"https:\/\/www.iphone-ticker.de\/?p=151854"},"modified":"2020-01-08T10:55:19","modified_gmt":"2020-01-08T09:55:19","slug":"satechi-trio-wireless-ab-maerz-in-deutschland","status":"publish","type":"post","link":"https:\/\/www.iphone-ticker.de\/satechi-trio-wireless-ab-maerz-in-deutschland-151854\/","title":{"rendered":"Satechi Trio Wireless: Ab M\u00e4rz in Deutschland"},"content":{"rendered":"<p>Im Rahmen der Elektronik-Messe CES hat der Zubeh\u00f6r-Anbieter Satechi eine neue Ladematte f\u00fcr Apple Watch, AirPods und iPhone vorgestellt: Das <a href=\"https:\/\/satechi.net\/collections\/whats-new\/products\/trio-wireless-charging-pad\">Trio Wireless Charging Pad<\/a>. <\/p>\n<p><a href=\"https:\/\/images.iphone-ticker.de\/wp-content\/uploads\/2020\/01\/satechi-pad.gif\"><img decoding=\"async\" src=\"https:\/\/images.iphone-ticker.de\/wp-content\/uploads\/2020\/01\/satechi-pad.gif\" alt=\"Satechi Pad\" width=\"500\" class=\"aligncenter size-full wp-image-151856\" \/><\/a><\/p>\n<p>Der deutsche Distributor hat uns jetzt mit ersten Zusatz-Informationen zur voraussichtlichen Verf\u00fcgbarkeit des QI-Accessoires versorgt. <\/p>\n<p>Demnach wird die Ladematte voraussichtlich ab Ende Februar im deutschen Fachhandel verf\u00fcgbar sein. Der hiesige Verkaufspreis wird sich auf 120 Euro betragen. Das Trio Wireless Charging Pad stellt sich mit seinen Produktinfos <a href=\"https:\/\/satechi.net\/collections\/whats-new\/products\/trio-wireless-charging-pad\">auf dieser Seite vor<\/a>.<\/p>\n<p>Das Pad wird mit einem 24W PD-Netzteils ausgeliefert, besitzt einen USB-C-Anschluss und sieht folgende Leistungsabgaben vor: iPhone: 7,5W. AirPods: Max 5W. Apple Watch: Max 2.5W<\/p>\n<p><div class=\"responsive-video\"><iframe loading=\"lazy\" width=\"700\" height=\"371\" src=\"https:\/\/www.youtube-nocookie.com\/embed\/P0uaV2a5k6w\" frameborder=\"0\" allowfullscreen><\/iframe><\/div><\/p>\n","protected":false},"excerpt":{"rendered":"<a href=\"https:\/\/www.iphone-ticker.de\/satechi-trio-wireless-ab-maerz-in-deutschland-151854\/\"><img width=\"150\" height=\"150\" src=\"https:\/\/images.iphone-ticker.de\/wp-content\/uploads\/2020\/01\/satechi-pad-150x150.gif\" class=\"alignright tfe wp-post-image\" alt=\"Satechi Pad\" decoding=\"async\" loading=\"lazy\" srcset=\"https:\/\/images.iphone-ticker.de\/wp-content\/uploads\/2020\/01\/satechi-pad-150x150.gif 150w, https:\/\/images.iphone-ticker.de\/wp-content\/uploads\/2020\/01\/satechi-pad-500x500.gif 500w, https:\/\/images.iphone-ticker.de\/wp-content\/uploads\/2020\/01\/satechi-pad-700x700.gif 700w\" sizes=\"auto, (max-width: 150px) 100vw, 150px\" \/><\/a><p>Im Rahmen der Elektronik-Messe CES hat der Zubeh\u00f6r-Anbieter Satechi eine neue Ladematte f\u00fcr Apple Watch, AirPods und iPhone vorgestellt: Das Trio Wireless Charging Pad. Der deutsche Distributor hat uns jetzt mit ersten Zusatz-Informationen zur voraussichtlichen Verf\u00fcgbarkeit des QI-Accessoires versorgt. Demnach wird die Ladematte voraussichtlich ab Ende Februar im deutschen Fachhandel verf\u00fcgbar sein. Der hiesige Verkaufspreis [&hellip;]<\/p>\n","protected":false},"author":1,"featured_media":151856,"comment_status":"open","ping_status":"closed","sticky":false,"template":"","format":"standard","meta":{"footnotes":""},"categories":[24],"tags":[3567,4991,2997,4936,5239],"class_list":["post-151854","post","type-post","status-publish","format-standard","has-post-thumbnail","hentry","category-zubehor","tag-airpods","tag-ladepad","tag-qi","tag-satechi","tag-zubehoer"],"aioseo_notices":[],"featured_image":["https:\/\/images.iphone-ticker.de\/wp-content\/uploads\/2020\/01\/satechi-trio.jpg"],"subheadline":["7,5 Watt f\u00fcr das iPhone"],"rest_api_enabler":{"featured_image":"https:\/\/images.iphone-ticker.de\/wp-content\/uploads\/2020\/01\/satechi-trio.jpg","subheadline":"7,5 Watt f\u00fcr das iPhone"},"_links":{"self":[{"href":"https:\/\/www.iphone-ticker.de\/apiv2\/wp\/v2\/posts\/151854","targetHints":{"allow":["GET"]}}],"collection":[{"href":"https:\/\/www.iphone-ticker.de\/apiv2\/wp\/v2\/posts"}],"about":[{"href":"https:\/\/www.iphone-ticker.de\/apiv2\/wp\/v2\/types\/post"}],"author":[{"embeddable":true,"href":"https:\/\/www.iphone-ticker.de\/apiv2\/wp\/v2\/users\/1"}],"replies":[{"embeddable":true,"href":"https:\/\/www.iphone-ticker.de\/apiv2\/wp\/v2\/comments?post=151854"}],"version-history":[{"count":1,"href":"https:\/\/www.iphone-ticker.de\/apiv2\/wp\/v2\/posts\/151854\/revisions"}],"predecessor-version":[{"id":151857,"href":"https:\/\/www.iphone-ticker.de\/apiv2\/wp\/v2\/posts\/151854\/revisions\/151857"}],"wp:featuredmedia":[{"embeddable":true,"href":"https:\/\/www.iphone-ticker.de\/apiv2\/wp\/v2\/media\/151856"}],"wp:attachment":[{"href":"https:\/\/www.iphone-ticker.de\/apiv2\/wp\/v2\/media?parent=151854"}],"wp:term":[{"taxonomy":"category","embeddable":true,"href":"https:\/\/www.iphone-ticker.de\/apiv2\/wp\/v2\/categories?post=151854"},{"taxonomy":"post_tag","embeddable":true,"href":"https:\/\/www.iphone-ticker.de\/apiv2\/wp\/v2\/tags?post=151854"}],"curies":[{"name":"wp","href":"https:\/\/api.w.org\/{rel}","templated":true}]}}