{"id":15167,"date":"2010-11-05T13:08:52","date_gmt":"2010-11-05T12:08:52","guid":{"rendered":"http:\/\/www.iphone-ticker.de\/?p=15167"},"modified":"2010-11-05T13:21:44","modified_gmt":"2010-11-05T12:21:44","slug":"prognosen-und-werbe-budgets-schlechte-laune-bei-e-plus","status":"publish","type":"post","link":"https:\/\/www.iphone-ticker.de\/prognosen-und-werbe-budgets-schlechte-laune-bei-e-plus-15167\/","title":{"rendered":"Prognosen und Werbe-Budgets: Schlechte Laune bei E-Plus"},"content":{"rendered":"<p><a href=\"http:\/\/www.iphone-ticker.de\/wp-content\/uploads\/2010\/11\/basenetz.jpg\"><img loading=\"lazy\" decoding=\"async\" src=\"http:\/\/www.iphone-ticker.de\/wp-content\/uploads\/2010\/11\/basenetz.jpg\" alt=\"\" title=\"basenetz\" width=\"239\" height=\"119\" class=\"alignright size-full wp-image-15168\" \/><\/a>Torsten Dirks, E-Plus Chef und Herr \u00fcber das &#8222;schlechteste aller vier deutschen Mobilfunknetze&#8220; kommt aktuell im Handelsblatt zu Wort. Um es kurz zu machen: Im iPhone-Gesch\u00e4ft nicht mitspielen zu k\u00f6nnen, scheint ein guter Garant f\u00fcr schlechte Laune und waghalsige Prognosen zu sein.<\/p>\n<p>Laut Dirks wird Apple &#8222;in zwei Jahren beim Marktanteil nicht mehr da sein, wo sie heute sind. Das iPhone wird im Markt f\u00fcr Smartphones an Bedeutung verlieren, Android w\u00e4chst viel schneller.&#8220; Dirks Aussagen d\u00fcrften sich im  knapp bemessenen Werbe-Budget des 20 Millionen Kunden starken Mobilfunk-Anbieters gr\u00fcnden.  So schreibt das Handelsblatt: <\/p>\n<blockquote><p><em>&#8222;In Konzernkreisen hei\u00dft es, den E-Plus-Chef h\u00e4tten die Bedingungen von Apple gest\u00f6rt. Der Innovator aus Cupertino schreibe den Netzbetreibern Mindestabnahmemengen und -werbebudgets f\u00fcr das Ger\u00e4t vor. Die Abnahmemengen seien angesichts der nachlassenden Nachfrage nach dem iPhone und des Preisbewusstseins der Kunden von E-Plus zu hoch, hei\u00dft es.<\/p>\n<p>Apple wollte sich zu den Bedingungen nicht \u00e4u\u00dfern, ebenso wenig Vodafone und Telef\u00f3nica, die das iPhone seit einigen Wochen in Deutschland unter eigener Marke vertreiben. E-Plus bietet seinen Kunden zwar auch iPhones an, kauft die Ger\u00e4te aber von unabh\u00e4ngigen H\u00e4ndlern.&#8220;<\/em><\/p><\/blockquote>\n<p>Dass E-Plus das iPhone \u00fcberhaupt vertreibt, l\u00e4sst sich zudem leicht \u00fcbersehen. Die im Online-Portal des Anbieters abgebildeten <a href=\"http:\/\/www.base.de\/Handys\/img\/iphone-4.png\">Ger\u00e4te-Fotos<\/a> zeigen eher einen iPod touch mit neuer Geh\u00e4useform. &#8211; Danke Julian.<\/p>\n","protected":false},"excerpt":{"rendered":"<a href=\"https:\/\/www.iphone-ticker.de\/prognosen-und-werbe-budgets-schlechte-laune-bei-e-plus-15167\/\"><img width=\"150\" height=\"119\" src=\"https:\/\/images.iphone-ticker.de\/wp-content\/uploads\/2010\/11\/basenetz-150x119.jpg\" class=\"alignright tfe wp-post-image\" alt=\"\" decoding=\"async\" loading=\"lazy\" \/><\/a><p>Torsten Dirks, E-Plus Chef und Herr \u00fcber das &#8222;schlechteste aller vier deutschen Mobilfunknetze&#8220; kommt aktuell im Handelsblatt zu Wort. Um es kurz zu machen: Im iPhone-Gesch\u00e4ft nicht mitspielen zu k\u00f6nnen, scheint ein guter Garant f\u00fcr schlechte Laune und waghalsige Prognosen zu sein. Laut Dirks wird Apple &#8222;in zwei Jahren beim Marktanteil nicht mehr da sein, [&hellip;]<\/p>\n","protected":false},"author":1,"featured_media":15168,"comment_status":"open","ping_status":"closed","sticky":false,"template":"","format":"standard","meta":{"footnotes":""},"categories":[1],"tags":[311,299,48,32,49],"class_list":["post-15167","post","type-post","status-publish","format-standard","has-post-thumbnail","hentry","category-news","tag-android","tag-eplus","tag-geld","tag-kritik","tag-zahlen"],"aioseo_notices":[],"rest_api_enabler":[],"_links":{"self":[{"href":"https:\/\/www.iphone-ticker.de\/apiv2\/wp\/v2\/posts\/15167","targetHints":{"allow":["GET"]}}],"collection":[{"href":"https:\/\/www.iphone-ticker.de\/apiv2\/wp\/v2\/posts"}],"about":[{"href":"https:\/\/www.iphone-ticker.de\/apiv2\/wp\/v2\/types\/post"}],"author":[{"embeddable":true,"href":"https:\/\/www.iphone-ticker.de\/apiv2\/wp\/v2\/users\/1"}],"replies":[{"embeddable":true,"href":"https:\/\/www.iphone-ticker.de\/apiv2\/wp\/v2\/comments?post=15167"}],"version-history":[{"count":2,"href":"https:\/\/www.iphone-ticker.de\/apiv2\/wp\/v2\/posts\/15167\/revisions"}],"predecessor-version":[{"id":15170,"href":"https:\/\/www.iphone-ticker.de\/apiv2\/wp\/v2\/posts\/15167\/revisions\/15170"}],"wp:featuredmedia":[{"embeddable":true,"href":"https:\/\/www.iphone-ticker.de\/apiv2\/wp\/v2\/media\/15168"}],"wp:attachment":[{"href":"https:\/\/www.iphone-ticker.de\/apiv2\/wp\/v2\/media?parent=15167"}],"wp:term":[{"taxonomy":"category","embeddable":true,"href":"https:\/\/www.iphone-ticker.de\/apiv2\/wp\/v2\/categories?post=15167"},{"taxonomy":"post_tag","embeddable":true,"href":"https:\/\/www.iphone-ticker.de\/apiv2\/wp\/v2\/tags?post=15167"}],"curies":[{"name":"wp","href":"https:\/\/api.w.org\/{rel}","templated":true}]}}