{"id":151574,"date":"2019-12-30T16:46:40","date_gmt":"2019-12-30T15:46:40","guid":{"rendered":"https:\/\/www.iphone-ticker.de\/?p=151574"},"modified":"2019-12-30T16:46:40","modified_gmt":"2019-12-30T15:46:40","slug":"zens-liberty-airpower-alternative-wird-im-januar-ausgeliefert","status":"publish","type":"post","link":"https:\/\/www.iphone-ticker.de\/zens-liberty-airpower-alternative-wird-im-januar-ausgeliefert-151574\/","title":{"rendered":"Zens Liberty: \u201eAirPower-Alternative\u201c wird im Januar ausgeliefert"},"content":{"rendered":"<p>Der niederl\u00e4ndische Hersteller <a href=\"https:\/\/www.makezens.com\/\" title=\"Zens\">Zens<\/a> will sein im Sommer angek\u00fcndigtes Qi-Ladepad <a href=\"https:\/\/www.makezens.com\/wireless-chargers\/liberty\/\">Zens Liberty<\/a> in K\u00fcrze ausliefern. Auf seiner Webseite verspricht das Unternehmen, vorbestellte Ger\u00e4te im Januar zu verschicken.<\/p>\n<p><a href=\"https:\/\/images.iphone-ticker.de\/wp-content\/uploads\/2019\/08\/zens-airpods-und-iphone.jpg\"><img loading=\"lazy\" decoding=\"async\" src=\"https:\/\/images.iphone-ticker.de\/wp-content\/uploads\/2019\/08\/zens-airpods-und-iphone-500x316.jpg\" alt=\"Zens Airpods Und Iphone\" width=\"500\" height=\"316\" class=\"alignnone size-medium wp-image-145720\" srcset=\"https:\/\/images.iphone-ticker.de\/wp-content\/uploads\/2019\/08\/zens-airpods-und-iphone-500x316.jpg 500w, https:\/\/images.iphone-ticker.de\/wp-content\/uploads\/2019\/08\/zens-airpods-und-iphone.jpg 512w\" sizes=\"auto, (max-width: 500px) 100vw, 500px\" \/><\/a><\/p>\n<p>Zens Liberty soll bieten, woran Apple mit dem Projekt AirPower <a href=\"https:\/\/www.iphone-ticker.de\/airpower-zu-kompliziert-apple-kapituliert-139530\/\" title=\"Apple AirPower Ende\">gescheitert<\/a> ist. Das Ger\u00e4t soll bis zu zwei Smartphones oder sonstige Ger\u00e4te gleichzeitig laden, wobei diese nahezu v\u00f6llig frei auf dem Lade-Pad platziert werden k\u00f6nnen. Erm\u00f6glicht wird dies durch die komplexe Anordnung von insgesamt 16 leicht \u00fcberlappenden Ladespulen.<\/p>\n<p>Wer einen Blick \u201eunter die Haube\u201c werfen will, kann das Ladeger\u00e4t mit transparenter Glasoberfl\u00e4che bestellen. F\u00fcr die sogenannte \u201eGlass Edition\u201c nimmt der Hersteller allerdings einen stolzen Aufpreis. Statt 139,99 Euro f\u00fcr die Standardvariante werden dann 179,99 Euro f\u00e4llig.<\/p>\n<p><a href=\"https:\/\/images.iphone-ticker.de\/wp-content\/uploads\/2019\/08\/ZEDC09G-ZENS-LIBERTY-16-coils-wireless-charger-glass-limited-edition-1024x536.jpg\"><img loading=\"lazy\" decoding=\"async\" src=\"https:\/\/images.iphone-ticker.de\/wp-content\/uploads\/2019\/08\/ZEDC09G-ZENS-LIBERTY-16-coils-wireless-charger-glass-limited-edition-1024x536-700x364.jpg\" alt=\"ZEDC09G ZENS LIBERTY 16 Coils Wireless Charger Glass Limited Edition 1024x536\" width=\"700\" height=\"364\" class=\"alignnone size-large wp-image-145719\" srcset=\"https:\/\/images.iphone-ticker.de\/wp-content\/uploads\/2019\/08\/ZEDC09G-ZENS-LIBERTY-16-coils-wireless-charger-glass-limited-edition-1024x536.jpg 700w, https:\/\/images.iphone-ticker.de\/wp-content\/uploads\/2019\/08\/ZEDC09G-ZENS-LIBERTY-16-coils-wireless-charger-glass-limited-edition-1024x536-500x260.jpg 500w\" sizes=\"auto, (max-width: 700px) 100vw, 700px\" \/><\/a><\/p>\n<p>Im Lieferumfang ist ein geflochtenes USB-C-Ladekabel sowie ein passendes Netzteil enthalten. Mit 60 Watt bietet dieses ausreichend Leistung, um zus\u00e4tzlich noch ein drittes, mit dem USB-A-Anschluss auf der R\u00fcckseite Zens Liberty verbundenes Ger\u00e4t zu laden.<\/p>\n<p><h8>Danke Sascha<\/h8><\/p>\n","protected":false},"excerpt":{"rendered":"<a href=\"https:\/\/www.iphone-ticker.de\/zens-liberty-airpower-alternative-wird-im-januar-ausgeliefert-151574\/\"><img decoding=\"async\" width=\"150\" src=\"https:\/\/images.iphone-ticker.de\/wp-content\/uploads\/2019\/08\/zens-airpods-und-iphone-500x316.jpg\" class=\"alignright wp-post-image tfe\" alt=\"Zens Airpods Und Iphone\" title=\"\" \/><\/a><p>Der niederl\u00e4ndische Hersteller Zens will sein im Sommer angek\u00fcndigtes Qi-Ladepad Zens Liberty in K\u00fcrze ausliefern. Auf seiner Webseite verspricht das Unternehmen, vorbestellte Ger\u00e4te im Januar zu verschicken. Zens Liberty soll bieten, woran Apple mit dem Projekt AirPower gescheitert ist. Das Ger\u00e4t soll bis zu zwei Smartphones oder sonstige Ger\u00e4te gleichzeitig laden, wobei diese nahezu v\u00f6llig [&hellip;]<\/p>\n","protected":false},"author":2,"featured_media":0,"comment_status":"open","ping_status":"closed","sticky":false,"template":"","format":"standard","meta":{"footnotes":""},"categories":[24],"tags":[45,4829],"class_list":["post-151574","post","type-post","status-publish","format-standard","hentry","category-zubehor","tag-ladegerat","tag-zens"],"aioseo_notices":[],"subheadline":["Vorbestellung m\u00f6glich"],"featured_image":["https:\/\/images.iphone-ticker.de\/wp-content\/uploads\/2019\/08\/zens-liberty-ladepad.jpg"],"rest_api_enabler":{"subheadline":"Vorbestellung m\u00f6glich","featured_image":"https:\/\/images.iphone-ticker.de\/wp-content\/uploads\/2019\/08\/zens-liberty-ladepad.jpg"},"_links":{"self":[{"href":"https:\/\/www.iphone-ticker.de\/apiv2\/wp\/v2\/posts\/151574","targetHints":{"allow":["GET"]}}],"collection":[{"href":"https:\/\/www.iphone-ticker.de\/apiv2\/wp\/v2\/posts"}],"about":[{"href":"https:\/\/www.iphone-ticker.de\/apiv2\/wp\/v2\/types\/post"}],"author":[{"embeddable":true,"href":"https:\/\/www.iphone-ticker.de\/apiv2\/wp\/v2\/users\/2"}],"replies":[{"embeddable":true,"href":"https:\/\/www.iphone-ticker.de\/apiv2\/wp\/v2\/comments?post=151574"}],"version-history":[{"count":3,"href":"https:\/\/www.iphone-ticker.de\/apiv2\/wp\/v2\/posts\/151574\/revisions"}],"predecessor-version":[{"id":151577,"href":"https:\/\/www.iphone-ticker.de\/apiv2\/wp\/v2\/posts\/151574\/revisions\/151577"}],"wp:attachment":[{"href":"https:\/\/www.iphone-ticker.de\/apiv2\/wp\/v2\/media?parent=151574"}],"wp:term":[{"taxonomy":"category","embeddable":true,"href":"https:\/\/www.iphone-ticker.de\/apiv2\/wp\/v2\/categories?post=151574"},{"taxonomy":"post_tag","embeddable":true,"href":"https:\/\/www.iphone-ticker.de\/apiv2\/wp\/v2\/tags?post=151574"}],"curies":[{"name":"wp","href":"https:\/\/api.w.org\/{rel}","templated":true}]}}