{"id":151419,"date":"2019-12-22T11:07:34","date_gmt":"2019-12-22T10:07:34","guid":{"rendered":"https:\/\/www.iphone-ticker.de\/?p=151419"},"modified":"2019-12-22T11:07:34","modified_gmt":"2019-12-22T10:07:34","slug":"airpods-pro-bei-amazon-ab-lager-lieferbar","status":"publish","type":"post","link":"https:\/\/www.iphone-ticker.de\/airpods-pro-bei-amazon-ab-lager-lieferbar-151419\/","title":{"rendered":"AirPods Pro bei Amazon ab Lager lieferbar"},"content":{"rendered":"<p>Wenn ihr noch ein (teures) Last-Minute-Weihnachtsgeschenk sucht: Amazon \u00fcberrascht uns gerade mit der Ansage, dass die <a rel=\"noindex, nofollow\" href=\"http:\/\/www.ifun.de\/amzn\/B07ZPML7NP\">AirPods Pro dort auf Lager<\/a> sind und noch vor Weihnachten geliefert werden. Die Apple-Ohrh\u00f6rer waren dort zuletzt nur ohne konkreten Liefertermin gelistet und es steht allerdings auch zu bef\u00fcrchten, dass die Lagerbest\u00e4nde nicht sonderlich gro\u00df sind.<\/p>\n<p><a href=\"https:\/\/images.iphone-ticker.de\/wp-content\/uploads\/2019\/12\/airpods-pro-sofort-lieferbar.jpg\"><img loading=\"lazy\" decoding=\"async\" src=\"https:\/\/images.iphone-ticker.de\/wp-content\/uploads\/2019\/12\/airpods-pro-sofort-lieferbar-500x278.jpg\" alt=\"Airpods Pro Sofort Lieferbar\" width=\"500\" height=\"278\" class=\"alignnone size-medium wp-image-151421\" srcset=\"https:\/\/images.iphone-ticker.de\/wp-content\/uploads\/2019\/12\/airpods-pro-sofort-lieferbar-500x278.jpg 500w, https:\/\/images.iphone-ticker.de\/wp-content\/uploads\/2019\/12\/airpods-pro-sofort-lieferbar-700x390.jpg 700w, https:\/\/images.iphone-ticker.de\/wp-content\/uploads\/2019\/12\/airpods-pro-sofort-lieferbar.jpg 1200w\" sizes=\"auto, (max-width: 500px) 100vw, 500px\" \/><\/a><\/p>\n<p>Apple selbst scheint in Sachen AirPods Pro momentan dagegen komplett ausverkauft. Eine aktuelle Abfrage <a href=\"https:\/\/apple.sjv.io\/x3zW5\">im Online-Shop<\/a> des Unternehmens zeigt den 29. Januar als voraussichtlichen Liefertermin an. Auch in den Apple-Ladengesch\u00e4ften sind die Ohrh\u00f6rer dem Lieferstatus zufolge in Deutschland derzeit nicht verf\u00fcgbar.<\/p>\n<p>Amazon hat dar\u00fcber hinaus noch diverse <a href=\"https:\/\/amzn.to\/2EGglEQ\">Kopf- und Ohrh\u00f6rer von Beats<\/a> zu Sonderpreisen im Angebot, inklusive der Powerbeats Pro. Die \u201eeinfachen\u201c AirPods sind dort ebenfalls ab Lager und zudem etwas g\u00fcnstiger als bei Apple lieferbar. <a rel=\"noindex, nofollow\" href=\"http:\/\/www.ifun.de\/amzn\/B07PZR3PVB\">Mit Standard-Ladecase<\/a> kosten sie 144 Euro und <a rel=\"noindex, nofollow\" href=\"http:\/\/www.ifun.de\/amzn\/B07PYM8FB8\">mit kabellosem Ladecase<\/a> 185 Euro.<\/p>\n<script>\r\n  function open_amazon(link) {\r\n    if (navigator.userAgent.indexOf(\"Firefox\") != -1) {\r\n      window.open(link, '_blank');\r\n    } else {\r\n      var tag = document.createElement('a');\r\n      tag.setAttribute('href', link);\r\n      tag.innerHTML = \"amzn\";\r\n      tag.click();\r\n    }\r\n  }\r\n<\/script>\r\n    <div id=\"article-single-amazon-preview\" onclick=\"return open_amazon('https:\/\/www.amazon.de\/dp\/B07ZPML7NP?tag=musicweb02&linkCode=ogi&th=1&psc=1');\">\n  <div id=\"article-single-amazon-preview-header\">\n    <span class=\"title\">Produkthinweis<\/span>\n      <\/div>\n  <div id=\"article-single-amazon-preview-content\">\n    <div id=\"article-single-amazon-preview-img\" style=\"background: url('https:\/\/m.media-amazon.com\/images\/I\/31gtbqaQ1nL.jpg') center center no-repeat; background-size: cover;\"><\/div>\n    <div id=\"article-single-amazon-preview-desc\">\n      <span class=\"bezeichnung\"><a href=\"https:\/\/www.amazon.de\/dp\/B07ZPML7NP?tag=musicweb02&linkCode=ogi&th=1&psc=1\" style=\"text-decoration: none; border-bottom: 0px; box-shadow: none;\">Apple AirPods Pro<\/a><\/span>\n      <span class=\"preis--aktuell\">177,13 EUR<\/span>\n      <span class=\"preis--alt\"><\/span>\n    <\/div>\n  <\/div>\n<\/div>\n","protected":false},"excerpt":{"rendered":"<a href=\"https:\/\/www.iphone-ticker.de\/airpods-pro-bei-amazon-ab-lager-lieferbar-151419\/\"><img width=\"150\" height=\"150\" src=\"https:\/\/images.iphone-ticker.de\/wp-content\/uploads\/2019\/12\/airpods-pro-sofort-lieferbar-150x150.jpg\" class=\"alignright tfe wp-post-image\" alt=\"Airpods Pro Sofort Lieferbar\" decoding=\"async\" loading=\"lazy\" \/><\/a><p>Wenn ihr noch ein (teures) Last-Minute-Weihnachtsgeschenk sucht: Amazon \u00fcberrascht uns gerade mit der Ansage, dass die AirPods Pro dort auf Lager sind und noch vor Weihnachten geliefert werden. Die Apple-Ohrh\u00f6rer waren dort zuletzt nur ohne konkreten Liefertermin gelistet und es steht allerdings auch zu bef\u00fcrchten, dass die Lagerbest\u00e4nde nicht sonderlich gro\u00df sind. Apple selbst scheint [&hellip;]<\/p>\n","protected":false},"author":2,"featured_media":151421,"comment_status":"open","ping_status":"closed","sticky":false,"template":"","format":"standard","meta":{"footnotes":""},"categories":[1],"tags":[4903],"class_list":["post-151419","post","type-post","status-publish","format-standard","has-post-thumbnail","hentry","category-news","tag-airpods-pro"],"aioseo_notices":[],"subheadline":["Bei Apple vergriffen"],"featured_image":["https:\/\/images.iphone-ticker.de\/wp-content\/uploads\/2019\/10\/airpods-pro-header.jpg"],"rest_api_enabler":{"subheadline":"Bei Apple vergriffen","featured_image":"https:\/\/images.iphone-ticker.de\/wp-content\/uploads\/2019\/10\/airpods-pro-header.jpg"},"_links":{"self":[{"href":"https:\/\/www.iphone-ticker.de\/apiv2\/wp\/v2\/posts\/151419","targetHints":{"allow":["GET"]}}],"collection":[{"href":"https:\/\/www.iphone-ticker.de\/apiv2\/wp\/v2\/posts"}],"about":[{"href":"https:\/\/www.iphone-ticker.de\/apiv2\/wp\/v2\/types\/post"}],"author":[{"embeddable":true,"href":"https:\/\/www.iphone-ticker.de\/apiv2\/wp\/v2\/users\/2"}],"replies":[{"embeddable":true,"href":"https:\/\/www.iphone-ticker.de\/apiv2\/wp\/v2\/comments?post=151419"}],"version-history":[{"count":2,"href":"https:\/\/www.iphone-ticker.de\/apiv2\/wp\/v2\/posts\/151419\/revisions"}],"predecessor-version":[{"id":151422,"href":"https:\/\/www.iphone-ticker.de\/apiv2\/wp\/v2\/posts\/151419\/revisions\/151422"}],"wp:featuredmedia":[{"embeddable":true,"href":"https:\/\/www.iphone-ticker.de\/apiv2\/wp\/v2\/media\/151421"}],"wp:attachment":[{"href":"https:\/\/www.iphone-ticker.de\/apiv2\/wp\/v2\/media?parent=151419"}],"wp:term":[{"taxonomy":"category","embeddable":true,"href":"https:\/\/www.iphone-ticker.de\/apiv2\/wp\/v2\/categories?post=151419"},{"taxonomy":"post_tag","embeddable":true,"href":"https:\/\/www.iphone-ticker.de\/apiv2\/wp\/v2\/tags?post=151419"}],"curies":[{"name":"wp","href":"https:\/\/api.w.org\/{rel}","templated":true}]}}