{"id":151298,"date":"2019-12-19T08:35:59","date_gmt":"2019-12-19T07:35:59","guid":{"rendered":"https:\/\/www.iphone-ticker.de\/?p=151298"},"modified":"2019-12-19T08:35:59","modified_gmt":"2019-12-19T07:35:59","slug":"iphone-unterm-weihnachtsbaum-kinder-bis-10-jahre-maximal-45-minuten","status":"publish","type":"post","link":"https:\/\/www.iphone-ticker.de\/iphone-unterm-weihnachtsbaum-kinder-bis-10-jahre-maximal-45-minuten-151298\/","title":{"rendered":"iPhone unterm Weihnachtsbaum: Kinder bis 10 Jahre, maximal 45 Minuten"},"content":{"rendered":"<p>Ein Streit- bzw. Diskussionsthema in vielen Familien: Wann soll der Nachwuchs mit einem eigenen Smartphone ausgestattet werden? Eine Frage, die stets individuell beantwortet werden muss, mit zunehmender Verbreitung der Ger\u00e4te im Klassenverbund aber immer dringlicher wird. <\/p>\n<p><a href=\"https:\/\/images.iphone-ticker.de\/wp-content\/uploads\/2019\/12\/handynutzung-zdf-blurry.jpg\"><img loading=\"lazy\" decoding=\"async\" src=\"https:\/\/images.iphone-ticker.de\/wp-content\/uploads\/2019\/12\/handynutzung-zdf-blurry-500x283.jpg\" alt=\"Handynutzung Zdf Blurry\" width=\"500\" height=\"283\" class=\"aligncenter size-medium wp-image-151300\" srcset=\"https:\/\/images.iphone-ticker.de\/wp-content\/uploads\/2019\/12\/handynutzung-zdf-blurry-500x283.jpg 500w, https:\/\/images.iphone-ticker.de\/wp-content\/uploads\/2019\/12\/handynutzung-zdf-blurry-700x396.jpg 700w, https:\/\/images.iphone-ticker.de\/wp-content\/uploads\/2019\/12\/handynutzung-zdf-blurry-1536x870.jpg 1536w, https:\/\/images.iphone-ticker.de\/wp-content\/uploads\/2019\/12\/handynutzung-zdf-blurry-2048x1160.jpg 2048w\" sizes=\"auto, (max-width: 500px) 100vw, 500px\" \/><\/a><\/p>\n<p>Auf der einen Seite das Kind, das endlich dazugeh\u00f6ren will &#8211; auf der anderen Seite der Kinder\u00e4rzte-Verband, der Smartphones fr\u00fchestens mit 11 Jahren fordert. <\/p>\n<h2>Checkliste f\u00fcr Eltern<\/h2>\n<p>Eine gute Anlaufstelle f\u00fcr unentschlossene Eltern ist hier der Elternratgeber <a href=\"https:\/\/www.schau-hin.info\/grundlagen\/ist-mein-kind-reif-fuer-ein-smartphone\">schau-hin.info<\/a>, eine Initiative von ARD, ZDF, TV SPIELFILM und dem Bundesministerium f\u00fcr Familie, Senioren, Frauen und Jugend. Dieses bietet die Checkliste f\u00fcr Eltern &#8222;Ist mein Kind reif f\u00fcr ein Smartphone?&#8220; zum <a href=\"https:\/\/www.schau-hin.info\/fileadmin\/content\/Downloads\/Infografiken\/Checkliste_Erstes_Smartphone.pdf\">PDF-Download<\/a> an. <\/p>\n<p>Empfohlen wird in jedem Fall von den Beschr\u00e4nkungen die Apples <a href=\"https:\/\/support.apple.com\/de-de\/HT210387\">Bildschirmzeit-Funktion<\/a> bietet Gebrauch zu machen und Kindern bis 10 Jahren, maximal 45 Minuten Handyzeit pro Tag zuzugestehen. Das ZDF hat sich diesbez\u00fcglich mit Dr. Thomas Fischbach, dem Pr\u00e4sident des Berufsverbandes der Kinder- und Jugend\u00e4rzte (BVKJ) <a href=\"https:\/\/www.zdf.de\/nachrichten\/heute-19-uhr\/videos\/smartphones-fuer-kinder-zu-weihnachten-100.html\">unterhalten<\/a>: <\/p>\n<p><video poster=\"https:\/\/www.zdf.de\/assets\/suchmaschine-100~1920x1080?cb=1576052149331\" preload=\"auto\" controls=\"controls\" width=\"700\" height=\"390\"><source src=\"https:\/\/rodlzdf-a.akamaihd.net\/none\/zdf\/19\/12\/191214_roettig_h19\/1\/191214_roettig_h19_3360k_p36v15.mp4\" \/><\/video><\/p>\n","protected":false},"excerpt":{"rendered":"<a href=\"https:\/\/www.iphone-ticker.de\/iphone-unterm-weihnachtsbaum-kinder-bis-10-jahre-maximal-45-minuten-151298\/\"><img width=\"150\" height=\"150\" src=\"https:\/\/images.iphone-ticker.de\/wp-content\/uploads\/2019\/12\/handynutzung-zdf-blurry-150x150.jpg\" class=\"alignright tfe wp-post-image\" alt=\"Handynutzung Zdf Blurry\" decoding=\"async\" loading=\"lazy\" \/><\/a><p>Ein Streit- bzw. Diskussionsthema in vielen Familien: Wann soll der Nachwuchs mit einem eigenen Smartphone ausgestattet werden? Eine Frage, die stets individuell beantwortet werden muss, mit zunehmender Verbreitung der Ger\u00e4te im Klassenverbund aber immer dringlicher wird. Auf der einen Seite das Kind, das endlich dazugeh\u00f6ren will &#8211; auf der anderen Seite der Kinder\u00e4rzte-Verband, der Smartphones [&hellip;]<\/p>\n","protected":false},"author":1,"featured_media":151300,"comment_status":"open","ping_status":"closed","sticky":false,"template":"","format":"standard","meta":{"footnotes":""},"categories":[749],"tags":[833,394,344,61,32],"class_list":["post-151298","post","type-post","status-publish","format-standard","has-post-thumbnail","hentry","category-iphone-2","tag-eltern","tag-gesundheit","tag-iphone","tag-kinder","tag-kritik"],"aioseo_notices":[],"featured_image":["https:\/\/images.iphone-ticker.de\/wp-content\/uploads\/2017\/12\/kinder-handy.jpg"],"subheadline":["PDF-Checkliste f\u00fcr Eltern"],"rest_api_enabler":{"featured_image":"https:\/\/images.iphone-ticker.de\/wp-content\/uploads\/2017\/12\/kinder-handy.jpg","subheadline":"PDF-Checkliste f\u00fcr Eltern"},"_links":{"self":[{"href":"https:\/\/www.iphone-ticker.de\/apiv2\/wp\/v2\/posts\/151298","targetHints":{"allow":["GET"]}}],"collection":[{"href":"https:\/\/www.iphone-ticker.de\/apiv2\/wp\/v2\/posts"}],"about":[{"href":"https:\/\/www.iphone-ticker.de\/apiv2\/wp\/v2\/types\/post"}],"author":[{"embeddable":true,"href":"https:\/\/www.iphone-ticker.de\/apiv2\/wp\/v2\/users\/1"}],"replies":[{"embeddable":true,"href":"https:\/\/www.iphone-ticker.de\/apiv2\/wp\/v2\/comments?post=151298"}],"version-history":[{"count":1,"href":"https:\/\/www.iphone-ticker.de\/apiv2\/wp\/v2\/posts\/151298\/revisions"}],"predecessor-version":[{"id":151301,"href":"https:\/\/www.iphone-ticker.de\/apiv2\/wp\/v2\/posts\/151298\/revisions\/151301"}],"wp:featuredmedia":[{"embeddable":true,"href":"https:\/\/www.iphone-ticker.de\/apiv2\/wp\/v2\/media\/151300"}],"wp:attachment":[{"href":"https:\/\/www.iphone-ticker.de\/apiv2\/wp\/v2\/media?parent=151298"}],"wp:term":[{"taxonomy":"category","embeddable":true,"href":"https:\/\/www.iphone-ticker.de\/apiv2\/wp\/v2\/categories?post=151298"},{"taxonomy":"post_tag","embeddable":true,"href":"https:\/\/www.iphone-ticker.de\/apiv2\/wp\/v2\/tags?post=151298"}],"curies":[{"name":"wp","href":"https:\/\/api.w.org\/{rel}","templated":true}]}}