{"id":150817,"date":"2019-12-06T19:05:39","date_gmt":"2019-12-06T18:05:39","guid":{"rendered":"https:\/\/www.iphone-ticker.de\/?p=150817"},"modified":"2019-12-06T19:05:39","modified_gmt":"2019-12-06T18:05:39","slug":"apple-pay-bei-den-sparkassen-vorbereitungen-fuer-10-dezember-laufen","status":"publish","type":"post","link":"https:\/\/www.iphone-ticker.de\/apple-pay-bei-den-sparkassen-vorbereitungen-fuer-10-dezember-laufen-150817\/","title":{"rendered":"Apple Pay bei den Sparkassen: Vorbereitungen f\u00fcr 10. Dezember laufen"},"content":{"rendered":"<p>Die Volksbanken haben Apple Pay f\u00fcr dieses Jahr eine <a href=\"https:\/\/www.iphone-ticker.de\/volksbanken-verschieben-apple-pay-auf-2020-150794\/\" title=\"Volksbanken verschieben Apple Pay auf 2020\">Absage erteilt<\/a>, daf\u00fcr stehen die Ampeln f\u00fcr einen Start der Sparkassen n\u00e4chste Woche auf gr\u00fcn. Zumindest sieht weiterhin alles danach aus, dass es bei dem bereits <a href=\"https:\/\/www.iphone-ticker.de\/in-2019-apple-nimmt-sparkasse-auf-die-offizielle-apple-pay-liste-148532\/\">seit Oktober<\/a> als Starttermin gehandelten Datum 10. Dezember bleibt.<\/p>\n<p><a href=\"https:\/\/images.iphone-ticker.de\/wp-content\/uploads\/2019\/12\/sparkasse-apple-pay.jpg\"><img loading=\"lazy\" decoding=\"async\" src=\"https:\/\/images.iphone-ticker.de\/wp-content\/uploads\/2019\/12\/sparkasse-apple-pay.jpg\" alt=\"Sparkasse Apple Pay\" width=\"500\" height=\"270\" class=\"alignnone size-full wp-image-150819\" \/><\/a><\/p>\n<p>\u00dcber die letzten Tage hinweg haben wir wir unabh\u00e4ngig von einander mehrere Hinweise dahingehend erhalten, dass bei den einzelnen Sparkassen der Start zu diesem Termin aktiv vorbereitet wird. F\u00fcr Dienstag fr\u00fch sind dann letzte Tests geplant, von denen der finale Startschuss unter anderem dann noch abh\u00e4ngt. Momentan deutet allerdings noch alles darauf hin, dass die Sparkassen ihr Versprechen \u201eApple Pay in 2019\u201c einhalten.<\/p>\n<p>Die Sparkassen werden wie angek\u00fcndigt Apple Pay nur in Verbindung mit einer Kreditkarte anbieten. Die Unterst\u00fctzung von Debitkarten ist f\u00fcr das kommende Jahr geplant. Der Start in der kommenden Woche wird von umfangreichen Werbema\u00dfnahmen begleitet sein.<\/p>\n","protected":false},"excerpt":{"rendered":"<a href=\"https:\/\/www.iphone-ticker.de\/apple-pay-bei-den-sparkassen-vorbereitungen-fuer-10-dezember-laufen-150817\/\"><img width=\"150\" height=\"150\" src=\"https:\/\/images.iphone-ticker.de\/wp-content\/uploads\/2019\/12\/sparkasse-apple-pay-150x150.jpg\" class=\"alignright tfe wp-post-image\" alt=\"Sparkasse Apple Pay\" decoding=\"async\" loading=\"lazy\" \/><\/a><p>Die Volksbanken haben Apple Pay f\u00fcr dieses Jahr eine Absage erteilt, daf\u00fcr stehen die Ampeln f\u00fcr einen Start der Sparkassen n\u00e4chste Woche auf gr\u00fcn. Zumindest sieht weiterhin alles danach aus, dass es bei dem bereits seit Oktober als Starttermin gehandelten Datum 10. Dezember bleibt. \u00dcber die letzten Tage hinweg haben wir wir unabh\u00e4ngig von einander [&hellip;]<\/p>\n","protected":false},"author":2,"featured_media":150819,"comment_status":"open","ping_status":"closed","sticky":false,"template":"","format":"standard","meta":{"footnotes":""},"categories":[1],"tags":[2758,2623],"class_list":["post-150817","post","type-post","status-publish","format-standard","has-post-thumbnail","hentry","category-news","tag-apple-pay","tag-sparkasse"],"aioseo_notices":[],"subheadline":["Startschuss am Dienstag"],"featured_image":["https:\/\/images.iphone-ticker.de\/wp-content\/uploads\/2019\/03\/apple-pay-header.jpg"],"rest_api_enabler":{"subheadline":"Startschuss am Dienstag","featured_image":"https:\/\/images.iphone-ticker.de\/wp-content\/uploads\/2019\/03\/apple-pay-header.jpg"},"_links":{"self":[{"href":"https:\/\/www.iphone-ticker.de\/apiv2\/wp\/v2\/posts\/150817","targetHints":{"allow":["GET"]}}],"collection":[{"href":"https:\/\/www.iphone-ticker.de\/apiv2\/wp\/v2\/posts"}],"about":[{"href":"https:\/\/www.iphone-ticker.de\/apiv2\/wp\/v2\/types\/post"}],"author":[{"embeddable":true,"href":"https:\/\/www.iphone-ticker.de\/apiv2\/wp\/v2\/users\/2"}],"replies":[{"embeddable":true,"href":"https:\/\/www.iphone-ticker.de\/apiv2\/wp\/v2\/comments?post=150817"}],"version-history":[{"count":2,"href":"https:\/\/www.iphone-ticker.de\/apiv2\/wp\/v2\/posts\/150817\/revisions"}],"predecessor-version":[{"id":150820,"href":"https:\/\/www.iphone-ticker.de\/apiv2\/wp\/v2\/posts\/150817\/revisions\/150820"}],"wp:featuredmedia":[{"embeddable":true,"href":"https:\/\/www.iphone-ticker.de\/apiv2\/wp\/v2\/media\/150819"}],"wp:attachment":[{"href":"https:\/\/www.iphone-ticker.de\/apiv2\/wp\/v2\/media?parent=150817"}],"wp:term":[{"taxonomy":"category","embeddable":true,"href":"https:\/\/www.iphone-ticker.de\/apiv2\/wp\/v2\/categories?post=150817"},{"taxonomy":"post_tag","embeddable":true,"href":"https:\/\/www.iphone-ticker.de\/apiv2\/wp\/v2\/tags?post=150817"}],"curies":[{"name":"wp","href":"https:\/\/api.w.org\/{rel}","templated":true}]}}