{"id":150700,"date":"2019-12-05T07:25:42","date_gmt":"2019-12-05T06:25:42","guid":{"rendered":"https:\/\/www.iphone-ticker.de\/?p=150700"},"modified":"2019-12-05T12:47:37","modified_gmt":"2019-12-05T11:47:37","slug":"carplay-fortan-ohne-abo-bmw-reagiert-auf-anwender-kritik","status":"publish","type":"post","link":"https:\/\/www.iphone-ticker.de\/carplay-fortan-ohne-abo-bmw-reagiert-auf-anwender-kritik-150700\/","title":{"rendered":"CarPlay fortan ohne Abo: BMW reagiert auf Anwender-Kritik"},"content":{"rendered":"<p>Nach <a href=\"https:\/\/www.iphone-ticker.de\/carplay-abo-von-bmw-unbegrenzt-option-fuer-399-euro-144323\/\">massiver Kritik<\/a> aus Reihen der zahlenden Autok\u00e4ufer hat der Fahrzeughersteller BMW <a href=\"https:\/\/www.bmw-connecteddrive.de\/app\/index.html#\/portal\/store\/Base_CarPlay\">sein Abrechnungsmodell<\/a> f\u00fcr die CarPlay-Option \u00fcber Bord geworfen.<\/p>\n<p><a href=\"https:\/\/images.iphone-ticker.de\/wp-content\/uploads\/2019\/07\/vorbereitung-abo-1-euro.jpg\"><img decoding=\"async\" class=\"aligncenter size-full wp-image-144325\" src=\"https:\/\/images.iphone-ticker.de\/wp-content\/uploads\/2019\/07\/vorbereitung-abo-1-euro.jpg\" alt=\"Vorbereitung Abo 1 Euro\" width=\"500\" srcset=\"https:\/\/images.iphone-ticker.de\/wp-content\/uploads\/2019\/07\/vorbereitung-abo-1-euro.jpg 798w, https:\/\/images.iphone-ticker.de\/wp-content\/uploads\/2019\/07\/vorbereitung-abo-1-euro-422x500.jpg 422w, https:\/\/images.iphone-ticker.de\/wp-content\/uploads\/2019\/07\/vorbereitung-abo-1-euro-590x700.jpg 590w\" sizes=\"(max-width: 798px) 100vw, 798px\" \/><\/a><\/p>\n<p>Statt wie bislang auf monatliche Kosten zu setzen, wird die iPhone-Integration zuk\u00fcnftig zum Pauschalpreis ohne weitere Folgekosten angeboten. Nach Angaben eines Konzernsprechers ist die Umstellung BMW-intern bereits erfolgt &#8211; bis alle Bestandskunden erreicht und auch die Preise des Online Shops neu ausgezeichnet sind, k\u00f6nnen jedoch noch einige Wochen verstreichen.<\/p>\n<p>Peter Henrich, Leiter des Produktmanagements bei BMW, kommunizierte das Ende des Abo-Angebotes in Deutschland gegen\u00fcber AUTO BILD. <a href=\"https:\/\/www.autobild.de\/artikel\/bmw-apple-carplay-2020-kosten-teuer-neues-modell-exklusiv-16141855.html\">Diese zitiert<\/a> den Manager: &#8222;Wir vereinfachen unser Angebot: Zuk\u00fcnftig wird es nur noch ein unbegrenztes Angebot von Apple Carplay geben&#8220;.<\/p>\n<p>Zur Erinnerung: Die M\u00f6glichkeit, ein iPhone mit dem Entertainment-System aktueller BMWs zu verbinden, zog bislang Abo-Kosten von 110 Euro f\u00fcr 12 Monate bzw. 300 Euro f\u00fcr 36 Monate nach sich. Zudem erweiterte BMW die Abo-Tarife um eine Unbegrenzt-Option f\u00fcr einmalig 399 Euro.<\/p>\n<p>Aktuell listet der BMW ConnectedDrive-Store die Option zum Werkspreis von 300 Euro.<\/p>\n<h2>Zum Nachlesen:<\/h2>\n<ul>\n<li><a title=\"CarPlay-Abo von BMW: Unbegrenzt-Option f\u00fcr 399 Euro\" href=\"https:\/\/www.iphone-ticker.de\/carplay-abo-von-bmw-unbegrenzt-option-fuer-399-euro-144323\/\">CarPlay-Abo von BMW: Unbegrenzt-Option f\u00fcr 399 Euro<\/a><\/li>\n<li><a title=\"12 Monate f\u00fcr 110 Euro: CarPlay bei BMW l\u00e4uft bereits als Abo\" href=\"https:\/\/www.iphone-ticker.de\/bmw-carplay-kuenftig-als-abo-modell-121517\/\">12 Monate f\u00fcr 110 Euro: CarPlay bei BMW l\u00e4uft bereits als Abo<\/a><\/li>\n<\/ul>\n","protected":false},"excerpt":{"rendered":"<a href=\"https:\/\/www.iphone-ticker.de\/carplay-fortan-ohne-abo-bmw-reagiert-auf-anwender-kritik-150700\/\"><img decoding=\"async\" width=\"150\" src=\"https:\/\/images.iphone-ticker.de\/wp-content\/uploads\/2019\/07\/vorbereitung-abo-1-euro.jpg\" class=\"alignright wp-post-image tfe\" alt=\"Vorbereitung Abo 1 Euro\" title=\"\" \/><\/a><p>Nach massiver Kritik aus Reihen der zahlenden Autok\u00e4ufer hat der Fahrzeughersteller BMW sein Abrechnungsmodell f\u00fcr die CarPlay-Option \u00fcber Bord geworfen. Statt wie bislang auf monatliche Kosten zu setzen, wird die iPhone-Integration zuk\u00fcnftig zum Pauschalpreis ohne weitere Folgekosten angeboten. Nach Angaben eines Konzernsprechers ist die Umstellung BMW-intern bereits erfolgt &#8211; bis alle Bestandskunden erreicht und auch [&hellip;]<\/p>\n","protected":false},"author":1,"featured_media":0,"comment_status":"open","ping_status":"closed","sticky":false,"template":"","format":"standard","meta":{"footnotes":""},"categories":[1,1975],"tags":[36,2463,48,32],"class_list":["post-150700","post","type-post","status-publish","format-standard","hentry","category-news","category-feature","tag-bmw","tag-carplay","tag-geld","tag-kritik"],"aioseo_notices":[],"featured_image":["https:\/\/images.iphone-ticker.de\/wp-content\/uploads\/2019\/07\/bmw-carplay.jpg"],"subheadline":["Nur noch zum Pauschalpreis"],"rest_api_enabler":{"featured_image":"https:\/\/images.iphone-ticker.de\/wp-content\/uploads\/2019\/07\/bmw-carplay.jpg","subheadline":"Nur noch zum Pauschalpreis"},"_links":{"self":[{"href":"https:\/\/www.iphone-ticker.de\/apiv2\/wp\/v2\/posts\/150700","targetHints":{"allow":["GET"]}}],"collection":[{"href":"https:\/\/www.iphone-ticker.de\/apiv2\/wp\/v2\/posts"}],"about":[{"href":"https:\/\/www.iphone-ticker.de\/apiv2\/wp\/v2\/types\/post"}],"author":[{"embeddable":true,"href":"https:\/\/www.iphone-ticker.de\/apiv2\/wp\/v2\/users\/1"}],"replies":[{"embeddable":true,"href":"https:\/\/www.iphone-ticker.de\/apiv2\/wp\/v2\/comments?post=150700"}],"version-history":[{"count":3,"href":"https:\/\/www.iphone-ticker.de\/apiv2\/wp\/v2\/posts\/150700\/revisions"}],"predecessor-version":[{"id":150729,"href":"https:\/\/www.iphone-ticker.de\/apiv2\/wp\/v2\/posts\/150700\/revisions\/150729"}],"wp:attachment":[{"href":"https:\/\/www.iphone-ticker.de\/apiv2\/wp\/v2\/media?parent=150700"}],"wp:term":[{"taxonomy":"category","embeddable":true,"href":"https:\/\/www.iphone-ticker.de\/apiv2\/wp\/v2\/categories?post=150700"},{"taxonomy":"post_tag","embeddable":true,"href":"https:\/\/www.iphone-ticker.de\/apiv2\/wp\/v2\/tags?post=150700"}],"curies":[{"name":"wp","href":"https:\/\/api.w.org\/{rel}","templated":true}]}}