{"id":149605,"date":"2019-11-11T16:44:45","date_gmt":"2019-11-11T15:44:45","guid":{"rendered":"https:\/\/www.iphone-ticker.de\/?p=149605"},"modified":"2019-11-11T16:45:02","modified_gmt":"2019-11-11T15:45:02","slug":"ar-brille-von-apple-soll-2022-erscheinen","status":"publish","type":"post","link":"https:\/\/www.iphone-ticker.de\/ar-brille-von-apple-soll-2022-erscheinen-149605\/","title":{"rendered":"AR-Headset von Apple soll 2022 erscheinen"},"content":{"rendered":"<p>Vage Ger\u00fcchte um eine AR-Brille von Apple begleiten uns mittlerweile seit Jahren, jetzt wird es erstmals etwas konkreter. Angeblich hat Apple ausgew\u00e4hlten Mitarbeiten gegen\u00fcber einen Zeitplan f\u00fcr das Projekt pr\u00e4sentiert. Demnach will das Unternehmen im Jahr 2022 zun\u00e4chst ein AR-Headset auf den Markt bringen, gefolgt von von einer AR-Brille ein Jahr sp\u00e4ter.<\/p>\n<p>Das Onlinemagazin <a href=\"https:\/\/www.theinformation.com\/articles\/apple-eyes-2022-release-for-ar-headset-2023-for-glasses\">The Information<\/a> l\u00e4sst dies mit Verweis auf \u201emit der Angelegenheit vertraute Personen\u201c verlauten. Demnach habe Apple im vergangenen Monat eine interne Pr\u00e4sentation abgehalten, in deren Rahmen diese Eckdaten zusammen mit ersten Details genannt wurden.<\/p>\n<p><a href=\"https:\/\/images.iphone-ticker.de\/wp-content\/uploads\/2019\/11\/oculus-quest.jpg\"><img loading=\"lazy\" decoding=\"async\" src=\"https:\/\/images.iphone-ticker.de\/wp-content\/uploads\/2019\/11\/oculus-quest-700x412.jpg\" alt=\"Oculus Quest\" width=\"700\" height=\"412\" class=\"alignnone size-large wp-image-149609\" srcset=\"https:\/\/images.iphone-ticker.de\/wp-content\/uploads\/2019\/11\/oculus-quest-700x412.jpg 700w, https:\/\/images.iphone-ticker.de\/wp-content\/uploads\/2019\/11\/oculus-quest-500x294.jpg 500w, https:\/\/images.iphone-ticker.de\/wp-content\/uploads\/2019\/11\/oculus-quest.jpg 1200w\" sizes=\"auto, (max-width: 700px) 100vw, 700px\" \/><\/a><\/p>\n<h6>Oculus Quest<\/h6>\n<p>Wenn die Informationen zutreffen, kann man davon ausgehen, dass es sich bei dem f\u00fcr 2022 erwarteten Headset um ein mit dem <a href=\"https:\/\/www.oculus.com\/quest\/\">Oculus Quest<\/a> vergleichbares (Gaming-)Headset handelt und Apple im Folgejahr eine \u201esmarte Brille\u201c auf den Markt bringt. Deren Gl\u00e4ser sollen sich beispielsweise bei Verwendung der AR-Funktionen abdunkeln, um anderen Personen anzuzeigen, dass der Tr\u00e4ger gerade abgelenkt ist. Apple zufolge k\u00f6nne sich ein solches Ger\u00e4t langfristig als Alternative zu einem Smartphone entwickeln, wenngleich bis dahin noch rund ein Jahrzehnt vergehen werde.<\/p>\n<p>Bemerkenswert ist der gro\u00dfe Rahmen, in dem die Pr\u00e4sentation angeblich stattgefunden hat. Dem Magazin zufolge seien genug Apple-Mitarbeiter anwesend gewesen, um das rund 1.000 Sitzpl\u00e4tze umfassende \u201eSteve Jobs Theater\u201c auf dem Firmengel\u00e4nde zu f\u00fcllen.<\/p>\n<p>Mit einem Start im Jahr 2022 l\u00e4ge Apple zwei Jahre hinter den bisherigen Erwartungen aus Analystenkreisen. Angeblich sollen Entwickler bereits von 2021 an die M\u00f6glichkeit erhalten, Anwendungen f\u00fcr das neue Apple-Produkt zu entwickeln. <\/p>\n<p><h8>Via <a href=\"https:\/\/www.theverge.com\/2019\/11\/11\/20959066\/apple-augmented-reality-ar-headset-glasses-rumors-reported-release-date\">TheVerge<\/a><\/h8><\/p>\n","protected":false},"excerpt":{"rendered":"<a href=\"https:\/\/www.iphone-ticker.de\/ar-brille-von-apple-soll-2022-erscheinen-149605\/\"><img width=\"150\" height=\"150\" src=\"https:\/\/images.iphone-ticker.de\/wp-content\/uploads\/2019\/11\/oculus-quest-150x150.jpg\" class=\"alignright tfe wp-post-image\" alt=\"Oculus Quest\" decoding=\"async\" loading=\"lazy\" \/><\/a><p>Vage Ger\u00fcchte um eine AR-Brille von Apple begleiten uns mittlerweile seit Jahren, jetzt wird es erstmals etwas konkreter. Angeblich hat Apple ausgew\u00e4hlten Mitarbeiten gegen\u00fcber einen Zeitplan f\u00fcr das Projekt pr\u00e4sentiert. Demnach will das Unternehmen im Jahr 2022 zun\u00e4chst ein AR-Headset auf den Markt bringen, gefolgt von von einer AR-Brille ein Jahr sp\u00e4ter. Das Onlinemagazin The [&hellip;]<\/p>\n","protected":false},"author":2,"featured_media":149609,"comment_status":"open","ping_status":"closed","sticky":false,"template":"","format":"standard","meta":{"footnotes":""},"categories":[1],"tags":[3912,4452],"class_list":["post-149605","post","type-post","status-publish","format-standard","has-post-thumbnail","hentry","category-news","tag-apple","tag-ar-brille"],"aioseo_notices":[],"subheadline":["\"Interne Pr\u00e4sentation abgehalten\""],"featured_image":["https:\/\/images.ifun.de\/wp-content\/uploads\/2018\/10\/apple-park-header.jpg"],"rest_api_enabler":{"subheadline":"\"Interne Pr\u00e4sentation abgehalten\"","featured_image":"https:\/\/images.ifun.de\/wp-content\/uploads\/2018\/10\/apple-park-header.jpg"},"_links":{"self":[{"href":"https:\/\/www.iphone-ticker.de\/apiv2\/wp\/v2\/posts\/149605","targetHints":{"allow":["GET"]}}],"collection":[{"href":"https:\/\/www.iphone-ticker.de\/apiv2\/wp\/v2\/posts"}],"about":[{"href":"https:\/\/www.iphone-ticker.de\/apiv2\/wp\/v2\/types\/post"}],"author":[{"embeddable":true,"href":"https:\/\/www.iphone-ticker.de\/apiv2\/wp\/v2\/users\/2"}],"replies":[{"embeddable":true,"href":"https:\/\/www.iphone-ticker.de\/apiv2\/wp\/v2\/comments?post=149605"}],"version-history":[{"count":6,"href":"https:\/\/www.iphone-ticker.de\/apiv2\/wp\/v2\/posts\/149605\/revisions"}],"predecessor-version":[{"id":149612,"href":"https:\/\/www.iphone-ticker.de\/apiv2\/wp\/v2\/posts\/149605\/revisions\/149612"}],"wp:featuredmedia":[{"embeddable":true,"href":"https:\/\/www.iphone-ticker.de\/apiv2\/wp\/v2\/media\/149609"}],"wp:attachment":[{"href":"https:\/\/www.iphone-ticker.de\/apiv2\/wp\/v2\/media?parent=149605"}],"wp:term":[{"taxonomy":"category","embeddable":true,"href":"https:\/\/www.iphone-ticker.de\/apiv2\/wp\/v2\/categories?post=149605"},{"taxonomy":"post_tag","embeddable":true,"href":"https:\/\/www.iphone-ticker.de\/apiv2\/wp\/v2\/tags?post=149605"}],"curies":[{"name":"wp","href":"https:\/\/api.w.org\/{rel}","templated":true}]}}