{"id":149426,"date":"2019-11-07T09:26:29","date_gmt":"2019-11-07T08:26:29","guid":{"rendered":"https:\/\/www.iphone-ticker.de\/?p=149426"},"modified":"2019-11-07T09:28:10","modified_gmt":"2019-11-07T08:28:10","slug":"ikea-fyrtur-kadrilj-und-alexa-app-einbindung-und-sprachsteuerung","status":"publish","type":"post","link":"https:\/\/www.iphone-ticker.de\/ikea-fyrtur-kadrilj-und-alexa-app-einbindung-und-sprachsteuerung-149426\/","title":{"rendered":"IKEA Fyrtur, Kadrilj und Alexa: App-Einbindung und Sprachsteuerung"},"content":{"rendered":"<p>Die <a href=\"https:\/\/www.ifun.de\/ikea-smarthome-rollos-kadrilj-und-fyrtur-starten-in-deutschland-143893\/\">seit Ende September<\/a> auch in Deutschland erh\u00e4ltlichen Smarthome-Rollos von IKEA, das Verdunkelungsrollo <a href=\"https:\/\/clkde.tradedoubler.com\/click?p(290994)a(747172)g(24311716)url(https:\/\/www.ikea.com\/de\/de\/p\/fyrtur-verdunklungsrollo-kabellos-batteriebetrieben-grau-90408170\/)\">FYRTUR<\/a> und die Blickschutz-Rollos <a href=\"https:\/\/clkde.tradedoubler.com\/click?p(290994)a(747172)g(24311716)url(https:\/\/www.ikea.com\/de\/de\/p\/kadrilj-20408116\/)\">KADRILJ<\/a>, lassen sich nun auch in die Alexa-App einbinden und anschlie\u00dfend per Sprachbefehl bedienen.<\/p>\n<p><a href=\"https:\/\/images.iphone-ticker.de\/wp-content\/uploads\/2019\/11\/alexa-blinds-ikea.jpg\"><img loading=\"lazy\" decoding=\"async\" class=\"aligncenter size-medium wp-image-149427\" src=\"https:\/\/images.iphone-ticker.de\/wp-content\/uploads\/2019\/11\/alexa-blinds-ikea-500x457.jpg\" alt=\"Alexa Blinds Ikea\" width=\"500\" height=\"457\" srcset=\"https:\/\/images.iphone-ticker.de\/wp-content\/uploads\/2019\/11\/alexa-blinds-ikea-500x457.jpg 500w, https:\/\/images.iphone-ticker.de\/wp-content\/uploads\/2019\/11\/alexa-blinds-ikea-700x640.jpg 700w, https:\/\/images.iphone-ticker.de\/wp-content\/uploads\/2019\/11\/alexa-blinds-ikea.jpg 776w\" sizes=\"auto, (max-width: 500px) 100vw, 500px\" \/><\/a><\/p>\n<p>&nbsp;<\/p>\n<p>Voraussetzung ist die Aktivierung <a rel=\"noindex, nofollow\" href=\"http:\/\/www.ifun.de\/amzn\/B076SYBVKR\">des IKEA-Skills<\/a> im eigenen Alexa-Konto. Aktuell scheinen sich die Rollos jedoch ausschlie\u00dflich <a href=\"https:\/\/www.youtube.com\/watch?v=9vbDScpM0ho\">\u00fcber Prozentangaben<\/a> steuern zu lassen. Nutzer, die nat\u00fcrliche Sprachkommandos wie &#8222;Alexa, schlie\u00dfe Rollo&#8220; verwenden m\u00f6chten, m\u00fcssen sich derzeit eine Routine basteln, die diesen Befehl ausf\u00fchrt.<\/p>\n<p>Beide Varianten der Rollos werden mit jeweils 195 Zentimetern L\u00e4nge und wahlweise 60, 80, 100, 120 oder 140 Zentimeter breit angeboten, die Verf\u00fcgbarkeit (online und in den Filialen) schwankt dabei stark. Noch warten die Rollos zudem auf die zugesagte HomeKit-Einbindung.<\/p>\n<h2>Rollo-Steuerung in Prozent<\/h2>\n<p><div class=\"responsive-video\"><iframe loading=\"lazy\" src=\"https:\/\/www.youtube-nocookie.com\/embed\/9vbDScpM0ho\" width=\"700\" height=\"371\" frameborder=\"0\" allowfullscreen=\"allowfullscreen\"><\/iframe><\/div><\/p>\n<h2>Rollo-Steuerung mit Routinen<\/h2>\n<p><div class=\"responsive-video\"><iframe loading=\"lazy\" style=\"width: 100%; height: 100%; position: absolute;\" src=\"https:\/\/streamable.com\/s\/slai1\/nuvdqw\" width=\"100%\" height=\"100%\" frameborder=\"0\" allowfullscreen=\"allowfullscreen\"><\/iframe><\/div><\/p>\n","protected":false},"excerpt":{"rendered":"<a href=\"https:\/\/www.iphone-ticker.de\/ikea-fyrtur-kadrilj-und-alexa-app-einbindung-und-sprachsteuerung-149426\/\"><img width=\"150\" height=\"150\" src=\"https:\/\/images.iphone-ticker.de\/wp-content\/uploads\/2019\/11\/ikea-homekit-rollos-150x150.jpg\" class=\"alignright tfe wp-post-image\" alt=\"Ikea Homekit Rollos\" decoding=\"async\" loading=\"lazy\" \/><\/a><p>Die seit Ende September auch in Deutschland erh\u00e4ltlichen Smarthome-Rollos von IKEA, das Verdunkelungsrollo FYRTUR und die Blickschutz-Rollos KADRILJ, lassen sich nun auch in die Alexa-App einbinden und anschlie\u00dfend per Sprachbefehl bedienen. &nbsp; Voraussetzung ist die Aktivierung des IKEA-Skills im eigenen Alexa-Konto. Aktuell scheinen sich die Rollos jedoch ausschlie\u00dflich \u00fcber Prozentangaben steuern zu lassen. Nutzer, die [&hellip;]<\/p>\n","protected":false},"author":1,"featured_media":149428,"comment_status":"open","ping_status":"closed","sticky":false,"template":"","format":"standard","meta":{"footnotes":""},"categories":[489],"tags":[3383,341,4517,8,5239],"class_list":["post-149426","post","type-post","status-publish","format-standard","has-post-thumbnail","hentry","category-videos","tag-alexa","tag-ikea","tag-rollo","tag-video","tag-zubehoer"],"aioseo_notices":[],"subheadline":["Im Video"],"featured_image":["https:\/\/images.iphone-ticker.de\/wp-content\/uploads\/2019\/11\/ikea-homekit-rollos.jpg"],"rest_api_enabler":{"subheadline":"Im Video","featured_image":"https:\/\/images.iphone-ticker.de\/wp-content\/uploads\/2019\/11\/ikea-homekit-rollos.jpg"},"_links":{"self":[{"href":"https:\/\/www.iphone-ticker.de\/apiv2\/wp\/v2\/posts\/149426","targetHints":{"allow":["GET"]}}],"collection":[{"href":"https:\/\/www.iphone-ticker.de\/apiv2\/wp\/v2\/posts"}],"about":[{"href":"https:\/\/www.iphone-ticker.de\/apiv2\/wp\/v2\/types\/post"}],"author":[{"embeddable":true,"href":"https:\/\/www.iphone-ticker.de\/apiv2\/wp\/v2\/users\/1"}],"replies":[{"embeddable":true,"href":"https:\/\/www.iphone-ticker.de\/apiv2\/wp\/v2\/comments?post=149426"}],"version-history":[{"count":4,"href":"https:\/\/www.iphone-ticker.de\/apiv2\/wp\/v2\/posts\/149426\/revisions"}],"predecessor-version":[{"id":149432,"href":"https:\/\/www.iphone-ticker.de\/apiv2\/wp\/v2\/posts\/149426\/revisions\/149432"}],"wp:featuredmedia":[{"embeddable":true,"href":"https:\/\/www.iphone-ticker.de\/apiv2\/wp\/v2\/media\/149428"}],"wp:attachment":[{"href":"https:\/\/www.iphone-ticker.de\/apiv2\/wp\/v2\/media?parent=149426"}],"wp:term":[{"taxonomy":"category","embeddable":true,"href":"https:\/\/www.iphone-ticker.de\/apiv2\/wp\/v2\/categories?post=149426"},{"taxonomy":"post_tag","embeddable":true,"href":"https:\/\/www.iphone-ticker.de\/apiv2\/wp\/v2\/tags?post=149426"}],"curies":[{"name":"wp","href":"https:\/\/api.w.org\/{rel}","templated":true}]}}