{"id":149055,"date":"2019-10-30T16:51:32","date_gmt":"2019-10-30T15:51:32","guid":{"rendered":"https:\/\/www.iphone-ticker.de\/?p=149055"},"modified":"2019-10-30T16:51:32","modified_gmt":"2019-10-30T15:51:32","slug":"apple-informiert-zum-wasserschutz-der-airpods-pro","status":"publish","type":"post","link":"https:\/\/www.iphone-ticker.de\/apple-informiert-zum-wasserschutz-der-airpods-pro-149055\/","title":{"rendered":"Apple informiert zum Wasserschutz der AirPods Pro"},"content":{"rendered":"<p>Wir haben es bereits bei unserem <a href=\"https:\/\/www.iphone-ticker.de\/airpods-pro-das-sind-die-unterschiede-zum-standard-modell-148931\/\" title=\"AirPods Pro: Das sind die Unterschiede zum Standard-Modell\">Vergleich<\/a> der <a href=\"https:\/\/www.apple.com\/de\/airpods-pro?afid=p239%7C1268988&amp;cid=aos-de-aff-ir\">AirPods Pro<\/a> mit den Standard-AirPods erw\u00e4hnt: Apples neue In-Ear-Ohrh\u00f6rer sind laut Beschreibung zwar vor Schwei\u00df und Wasser gesch\u00fctzt, d\u00fcrfen jedoch nicht f\u00fcr Sportarten verwendet werden, die im Wasser stattfinden. Die von Apple genannte Schutzklasse IPX4 bescheinigt den H\u00f6rern lediglich einen Schutz gegen Spritzwasser aus allen Richtungen, nicht gegen Untertauchen.<\/p>\n<p><a href=\"https:\/\/images.iphone-ticker.de\/wp-content\/uploads\/2019\/10\/airpods-pro-3.jpg\"><img loading=\"lazy\" decoding=\"async\" src=\"https:\/\/images.iphone-ticker.de\/wp-content\/uploads\/2019\/10\/airpods-pro-3-500x287.jpg\" alt=\"Airpods Pro\" width=\"500\" height=\"287\" class=\"alignnone size-medium wp-image-148940\" srcset=\"https:\/\/images.iphone-ticker.de\/wp-content\/uploads\/2019\/10\/airpods-pro-3-500x287.jpg 500w, https:\/\/images.iphone-ticker.de\/wp-content\/uploads\/2019\/10\/airpods-pro-3-700x401.jpg 700w, https:\/\/images.iphone-ticker.de\/wp-content\/uploads\/2019\/10\/airpods-pro-3.jpg 1144w\" sizes=\"auto, (max-width: 500px) 100vw, 500px\" \/><\/a><\/p>\n<p>Apple hat zu diesem Thema nun zus\u00e4tzliche Informationen ver\u00f6ffentlicht. Das Dokument mit dem Titel \u201e<a href=\"https:\/\/support.apple.com\/de-de\/HT210711\"> \u00dcber die Schwei\u00df- und Wasserdichtigkeit von AirPods Pro <\/a>\u201c weist zus\u00e4tzlich darauf hin, dass die AirPods Pro auch nicht unter der Dusche verwendet werden sollen. Zudem betont Apple noch einmal, dass sich der Spritzwasser- und Schwei\u00dfschutz nur auf die H\u00f6rer, nicht auf das Ladecase bezieht.<\/p>\n<p>Nach schwei\u00dftreibenden Training oder einem Lauf im Regen solltet ihr die AirPods keinesfalls sofort in die Ladeh\u00fclle stecken. Entweder trocknet ihr die H\u00f6rer ab, oder wartet, bis sie von selbst getrocknet sind. Auch sollten die H\u00f6rer nicht mit Reinigungsmitteln in Kontakt gebracht werden, sondern h\u00f6chstens mit einem feuchten Tuch abgewischt werden. Apple stellt auch klar, dass es keine dauerhafte Gew\u00e4hrleistung auf den Spritzwasserschutz gibt. Die Versiegelung k\u00f6nnte mit der Zeit nachlassen und lie\u00dfe sich nicht erneuern.<\/p>\n<p>Unterm Strich kann man aber davon ausgehen, dass sich die AirPods Pro im Kontakt mit Feuchtigkeit deutlich besser schlagen als die Standard-AirPods. Und diese zeigen sich bereits erfreulich widerstandsf\u00e4hig, so haben schon etliche Leser davon berichtet, dass ihre AirPods auch einen versehentlichen Vollwaschgang ohne erkennbare Folgen \u00fcberstanden haben.<\/p>\n","protected":false},"excerpt":{"rendered":"<a href=\"https:\/\/www.iphone-ticker.de\/apple-informiert-zum-wasserschutz-der-airpods-pro-149055\/\"><img width=\"150\" height=\"150\" src=\"https:\/\/images.iphone-ticker.de\/wp-content\/uploads\/2019\/10\/airpods-pro-regen-150x150.jpg\" class=\"alignright tfe wp-post-image\" alt=\"Airpods Pro Regen\" decoding=\"async\" loading=\"lazy\" \/><\/a><p>Wir haben es bereits bei unserem Vergleich der AirPods Pro mit den Standard-AirPods erw\u00e4hnt: Apples neue In-Ear-Ohrh\u00f6rer sind laut Beschreibung zwar vor Schwei\u00df und Wasser gesch\u00fctzt, d\u00fcrfen jedoch nicht f\u00fcr Sportarten verwendet werden, die im Wasser stattfinden. Die von Apple genannte Schutzklasse IPX4 bescheinigt den H\u00f6rern lediglich einen Schutz gegen Spritzwasser aus allen Richtungen, nicht [&hellip;]<\/p>\n","protected":false},"author":2,"featured_media":149057,"comment_status":"open","ping_status":"closed","sticky":false,"template":"","format":"standard","meta":{"footnotes":""},"categories":[1],"tags":[4903,3912],"class_list":["post-149055","post","type-post","status-publish","format-standard","has-post-thumbnail","hentry","category-news","tag-airpods-pro","tag-apple"],"aioseo_notices":[],"subheadline":["Spritzwasser sollte kein Problem sein"],"featured_image":["https:\/\/images.iphone-ticker.de\/wp-content\/uploads\/2019\/10\/airpods-pro-regen.jpg"],"rest_api_enabler":{"subheadline":"Spritzwasser sollte kein Problem sein","featured_image":"https:\/\/images.iphone-ticker.de\/wp-content\/uploads\/2019\/10\/airpods-pro-regen.jpg"},"_links":{"self":[{"href":"https:\/\/www.iphone-ticker.de\/apiv2\/wp\/v2\/posts\/149055","targetHints":{"allow":["GET"]}}],"collection":[{"href":"https:\/\/www.iphone-ticker.de\/apiv2\/wp\/v2\/posts"}],"about":[{"href":"https:\/\/www.iphone-ticker.de\/apiv2\/wp\/v2\/types\/post"}],"author":[{"embeddable":true,"href":"https:\/\/www.iphone-ticker.de\/apiv2\/wp\/v2\/users\/2"}],"replies":[{"embeddable":true,"href":"https:\/\/www.iphone-ticker.de\/apiv2\/wp\/v2\/comments?post=149055"}],"version-history":[{"count":2,"href":"https:\/\/www.iphone-ticker.de\/apiv2\/wp\/v2\/posts\/149055\/revisions"}],"predecessor-version":[{"id":149058,"href":"https:\/\/www.iphone-ticker.de\/apiv2\/wp\/v2\/posts\/149055\/revisions\/149058"}],"wp:featuredmedia":[{"embeddable":true,"href":"https:\/\/www.iphone-ticker.de\/apiv2\/wp\/v2\/media\/149057"}],"wp:attachment":[{"href":"https:\/\/www.iphone-ticker.de\/apiv2\/wp\/v2\/media?parent=149055"}],"wp:term":[{"taxonomy":"category","embeddable":true,"href":"https:\/\/www.iphone-ticker.de\/apiv2\/wp\/v2\/categories?post=149055"},{"taxonomy":"post_tag","embeddable":true,"href":"https:\/\/www.iphone-ticker.de\/apiv2\/wp\/v2\/tags?post=149055"}],"curies":[{"name":"wp","href":"https:\/\/api.w.org\/{rel}","templated":true}]}}