{"id":148775,"date":"2019-10-24T20:31:56","date_gmt":"2019-10-24T18:31:56","guid":{"rendered":"https:\/\/www.iphone-ticker.de\/?p=148775"},"modified":"2019-10-24T20:31:56","modified_gmt":"2019-10-24T18:31:56","slug":"airpods-generation-3-erster-hersteller-bietet-huellen-an","status":"publish","type":"post","link":"https:\/\/www.iphone-ticker.de\/airpods-generation-3-erster-hersteller-bietet-huellen-an-148775\/","title":{"rendered":"AirPods Generation 3: Erster Hersteller bietet H\u00fcllen an"},"content":{"rendered":"<p>Auch wenn wir nicht \u00fcberbewerten wollen, dass der Zubeh\u00f6rhersteller <a href=\"https:\/\/www.esrgear.com\/categories\/protective-cases\/airpods\/airpods-3\/\">Electronic Silk Road<\/a> jetzt H\u00fcllen f\u00fcr die \u201eAirPods 3\u201c im Programm hat, so passt das doch ganz gut zu den Spekulationen der letzten Wochen. Vielleicht \u00fcberrascht uns Apple ja demn\u00e4chst doch noch mit einer Reihe von neuen Produkten.<\/p>\n<p><a href=\"https:\/\/images.iphone-ticker.de\/wp-content\/uploads\/2019\/10\/airpods-case.jpg\"><img loading=\"lazy\" decoding=\"async\" src=\"https:\/\/images.iphone-ticker.de\/wp-content\/uploads\/2019\/10\/airpods-case-500x500.jpg\" alt=\"Airpods Case\" width=\"500\" height=\"500\" class=\"alignnone size-medium wp-image-148780\" srcset=\"https:\/\/images.iphone-ticker.de\/wp-content\/uploads\/2019\/10\/airpods-case-500x500.jpg 500w, https:\/\/images.iphone-ticker.de\/wp-content\/uploads\/2019\/10\/airpods-case-150x150.jpg 150w, https:\/\/images.iphone-ticker.de\/wp-content\/uploads\/2019\/10\/airpods-case-700x700.jpg 700w, https:\/\/images.iphone-ticker.de\/wp-content\/uploads\/2019\/10\/airpods-case.jpg 1000w\" sizes=\"auto, (max-width: 500px) 100vw, 500px\" \/><\/a><\/p>\n<p>Mittlerweile sind uns ja mehrere Hinweise auf eine neue In-Ear-Variante der AirPods untergekommen, darunter <a href=\"https:\/\/www.iphone-ticker.de\/airpods-pro-neues-modell-noch-ende-des-monats-148511\/\">unscharfe Fotos aus China<\/a> ebenso wie eine in iOS 13.2 versteckte <a href=\"https:\/\/www.iphone-ticker.de\/apple-grafik-zeigt-neue-in-ear-airpods-147817\/\" title=\"Apple-Grafik zeigt neue In-Ear-AirPods\">Apple-Grafik<\/a>. Nat\u00fcrlich k\u00f6nnte der H\u00fcllenhersteller nun aus PR-Zwecken auf diesen Zug aufspringen, und \u00fcber keinerlei eigene Informationen seine neuen AirPods-Cases betreffend verf\u00fcgen. Doch scheint es nur noch eine Frage der Zeit, bis Apple die neuen Ohrh\u00f6rer in den hauseigenen Onlineshop stellt.<\/p>\n<p>Ein gro\u00dfes Oktober-Event <a href=\"https:\/\/www.ifun.de\/apple-laedt-nicht-ein-zu-spaet-fuer-ein-oktober-event-144849\/\">bleibt in diesem Jahr wohl aus<\/a>. Nat\u00fcrlich k\u00f6nnte Apple auch noch im kommenden Monat eine Veranstaltung abhalten, in deren Rahmen wir neue Hardware sehen. Ebenso gut ist aber auch eine Produkt-Offensive denkbar, wie wir sie im Fr\u00fchjahr gesehen haben. Im M\u00e4rz hat Apple an drei aufeinanderfolgenden Tagen neu iPads, iMacs und auch die zweite Generation der AirPods vorgestellt, und die Verf\u00fcgbarkeit der neuen Artikel lediglich durch eine Pressemitteilung begleitet. In diesem Jahr stehen neben den neuen AirPods ein neues MacBook Pro 16&#8243; und neue iPad-Pro-Modelle auf der Liste, zudem hat Apple ja auch noch den Verkaufsstart des neuen Mac Pro versprochen.<\/p>\n","protected":false},"excerpt":{"rendered":"<a href=\"https:\/\/www.iphone-ticker.de\/airpods-generation-3-erster-hersteller-bietet-huellen-an-148775\/\"><img width=\"150\" height=\"150\" src=\"https:\/\/images.iphone-ticker.de\/wp-content\/uploads\/2019\/10\/airpods-case-150x150.jpg\" class=\"alignright tfe wp-post-image\" alt=\"Airpods Case\" decoding=\"async\" loading=\"lazy\" srcset=\"https:\/\/images.iphone-ticker.de\/wp-content\/uploads\/2019\/10\/airpods-case-150x150.jpg 150w, https:\/\/images.iphone-ticker.de\/wp-content\/uploads\/2019\/10\/airpods-case-500x500.jpg 500w, https:\/\/images.iphone-ticker.de\/wp-content\/uploads\/2019\/10\/airpods-case-700x700.jpg 700w, https:\/\/images.iphone-ticker.de\/wp-content\/uploads\/2019\/10\/airpods-case.jpg 1000w\" sizes=\"auto, (max-width: 150px) 100vw, 150px\" \/><\/a><p>Auch wenn wir nicht \u00fcberbewerten wollen, dass der Zubeh\u00f6rhersteller Electronic Silk Road jetzt H\u00fcllen f\u00fcr die \u201eAirPods 3\u201c im Programm hat, so passt das doch ganz gut zu den Spekulationen der letzten Wochen. Vielleicht \u00fcberrascht uns Apple ja demn\u00e4chst doch noch mit einer Reihe von neuen Produkten. Mittlerweile sind uns ja mehrere Hinweise auf eine [&hellip;]<\/p>\n","protected":false},"author":2,"featured_media":148780,"comment_status":"open","ping_status":"closed","sticky":false,"template":"","format":"standard","meta":{"footnotes":""},"categories":[1],"tags":[3567],"class_list":["post-148775","post","type-post","status-publish","format-standard","has-post-thumbnail","hentry","category-news","tag-airpods"],"aioseo_notices":[],"subheadline":["Kommt da noch was?"],"featured_image":["https:\/\/images.iphone-ticker.de\/wp-content\/uploads\/2019\/10\/airpods.jpg"],"rest_api_enabler":{"subheadline":"Kommt da noch was?","featured_image":"https:\/\/images.iphone-ticker.de\/wp-content\/uploads\/2019\/10\/airpods.jpg"},"_links":{"self":[{"href":"https:\/\/www.iphone-ticker.de\/apiv2\/wp\/v2\/posts\/148775","targetHints":{"allow":["GET"]}}],"collection":[{"href":"https:\/\/www.iphone-ticker.de\/apiv2\/wp\/v2\/posts"}],"about":[{"href":"https:\/\/www.iphone-ticker.de\/apiv2\/wp\/v2\/types\/post"}],"author":[{"embeddable":true,"href":"https:\/\/www.iphone-ticker.de\/apiv2\/wp\/v2\/users\/2"}],"replies":[{"embeddable":true,"href":"https:\/\/www.iphone-ticker.de\/apiv2\/wp\/v2\/comments?post=148775"}],"version-history":[{"count":4,"href":"https:\/\/www.iphone-ticker.de\/apiv2\/wp\/v2\/posts\/148775\/revisions"}],"predecessor-version":[{"id":148781,"href":"https:\/\/www.iphone-ticker.de\/apiv2\/wp\/v2\/posts\/148775\/revisions\/148781"}],"wp:featuredmedia":[{"embeddable":true,"href":"https:\/\/www.iphone-ticker.de\/apiv2\/wp\/v2\/media\/148780"}],"wp:attachment":[{"href":"https:\/\/www.iphone-ticker.de\/apiv2\/wp\/v2\/media?parent=148775"}],"wp:term":[{"taxonomy":"category","embeddable":true,"href":"https:\/\/www.iphone-ticker.de\/apiv2\/wp\/v2\/categories?post=148775"},{"taxonomy":"post_tag","embeddable":true,"href":"https:\/\/www.iphone-ticker.de\/apiv2\/wp\/v2\/tags?post=148775"}],"curies":[{"name":"wp","href":"https:\/\/api.w.org\/{rel}","templated":true}]}}