{"id":148311,"date":"2019-10-15T18:49:25","date_gmt":"2019-10-15T16:49:25","guid":{"rendered":"https:\/\/www.iphone-ticker.de\/?p=148311"},"modified":"2019-10-22T17:45:10","modified_gmt":"2019-10-22T15:45:10","slug":"beats-solo-pro-apple-bringt-on-ears-mit-noise-cancelling","status":"publish","type":"post","link":"https:\/\/www.iphone-ticker.de\/beats-solo-pro-apple-bringt-on-ears-mit-noise-cancelling-148311\/","title":{"rendered":"Beats Solo Pro: Apple bringt On-Ears mit Noise Cancelling"},"content":{"rendered":"<p>Mit dem <a href=\"https:\/\/www.apple.com\/de\/shop\/product\/MRJ62ZM\/A\/beats-solo-pro-wireless-noise-cancelling-kopfh\u00f6rer-schwarz?afid=p239%7C1268988&#038;cid=aos-de-aff-ir\">Beats Solo Pro<\/a> pr\u00e4sentiert die hundertprozentige Apple-Tochter ihren ersten On-Ear-Kopfh\u00f6rer mit Noise Cancelling Funktion. Diese wird von Zusatz-Features wie Transparency, Apple Audio Sharing und Unfold-to-Power erg\u00e4nzt.<\/p>\n<p><a href=\"https:\/\/images.iphone-ticker.de\/wp-content\/uploads\/2019\/10\/pharell-beats-pro.jpg\"><img loading=\"lazy\" decoding=\"async\" src=\"https:\/\/images.iphone-ticker.de\/wp-content\/uploads\/2019\/10\/pharell-beats-pro-500x357.jpg\" alt=\"Pharell Beats Pro\" width=\"500\" height=\"357\" class=\"aligncenter size-medium wp-image-148314\" srcset=\"https:\/\/images.iphone-ticker.de\/wp-content\/uploads\/2019\/10\/pharell-beats-pro-500x357.jpg 500w, https:\/\/images.iphone-ticker.de\/wp-content\/uploads\/2019\/10\/pharell-beats-pro-700x499.jpg 700w, https:\/\/images.iphone-ticker.de\/wp-content\/uploads\/2019\/10\/pharell-beats-pro.jpg 1249w\" sizes=\"auto, (max-width: 500px) 100vw, 500px\" \/><\/a><\/p>\n<p>Die wichtigsten Informationen vorneweg: In Deutschland sind die <a href=\"https:\/\/www.beatsbydre.com\/de\/headphones\/solo-pro\">neuen Solo Pro<\/a> ab dem 30. Oktober in Schwarz, Elfenbein, Grau, Dunkelblau, Hellblau und Rot zum St\u00fcckpreis von 299,95 Euro erh\u00e4ltlich.<\/p>\n<blockquote><p>Der Solo Pro baut auf dem preisgekr\u00f6nten Soundprofil des Solo3 Wireless auf und setzt in Sachen Technik noch einen drauf. Zwei strahlbildende Mikrofone und ein aktualisierter Beschleunigungssensor zur Spracherkennung, sorgen f\u00fcr eine bemerkenswerte Audioqualit\u00e4t bei Sprach- und Videoanrufen und eine verbesserte Sprachaufnahme f\u00fcr die &#8222;Hey Siri&#8220;-Funktion. Insgesamt bietet dieses Technik-Update eine hochwertige Leistung mit reduzierten Verzerrungen und ausgewogener Tonalit\u00e4t.<\/p><\/blockquote>\n<p><video poster=\"https:\/\/mms.businesswire.com\/media\/20191015005322\/en\/749704\/5\/high1200.jpg\" preload=\"auto\" controls=\"controls\" width=\"700\" height=\"390\"><source src=\"https:\/\/mms.businesswire.com\/media\/20191015005322\/en\/749704\/19\/English%28US%29-MP4+-+Small.mp4&#038;.mp4?download=1\" \/><\/video><\/p>\n<h2>Active Noise Cancelling<\/h2>\n<p>Der Solo Pro ist Beats erster On-Ear-Kopfh\u00f6rer mit Pure Adaptive Noise Cancelling (Pure ANC), der hauseigenen Technologie, die von Beats Studio3 Wireless abgeleitet und an den On-Ear-Formfaktor angepasst wurde.<\/p>\n<p>Die Ger\u00e4uschunterdr\u00fcckung ber\u00fccksichtigt laut Apple auch die Passform und gleicht kleine Unebenheiten, die durch Haare, Ohrringe, unterschiedliche Ohrformen und Bewegungen des Kopfes verursacht werden, aus.<\/p>\n<h2>Transparency<\/h2>\n<p>Wenn diese Funktion eingestellt ist, aktiviert Solo Pro seine externen Mikrofone f\u00fcr einen nat\u00fcrlichen Filter von Umgebungsger\u00e4uschen, ohne dabei auf guten Klang zu verzichten. Laufende Musik muss nicht unterbrochen werden, da Transparency die Au\u00dfenwelt in das H\u00f6rerlebnis einbindet.<\/p>\n<p><a href=\"https:\/\/images.iphone-ticker.de\/wp-content\/uploads\/2019\/10\/All-Colors-Family-Shot.jpg\"><img loading=\"lazy\" decoding=\"async\" src=\"https:\/\/images.iphone-ticker.de\/wp-content\/uploads\/2019\/10\/All-Colors-Family-Shot-700x428.jpg\" alt=\"All Colors Family Shot\" width=\"700\" height=\"428\" class=\"aligncenter size-large wp-image-148313\" srcset=\"https:\/\/images.iphone-ticker.de\/wp-content\/uploads\/2019\/10\/All-Colors-Family-Shot-700x428.jpg 700w, https:\/\/images.iphone-ticker.de\/wp-content\/uploads\/2019\/10\/All-Colors-Family-Shot-500x306.jpg 500w, https:\/\/images.iphone-ticker.de\/wp-content\/uploads\/2019\/10\/All-Colors-Family-Shot.jpg 2000w\" sizes=\"auto, (max-width: 700px) 100vw, 700px\" \/><\/a><\/p>\n<h2>Kompatibel mit Apple Audio Sharing<\/h2>\n<p>Alle Beats-Kopfh\u00f6rer mit den Apple W1- und H1-Chips, einschlie\u00dflich Solo Pro, Powerbeats Pro, Beats Studio3 Wireless, Solo3 Wireless, BeatsX und Powerbeats3 Wireless, sind kompatibel <a href=\"https:\/\/www.iphone-ticker.de\/bluetooth-audio-sharing-apple-nennt-systemvoraussetzungen-143601\/\">mit Apple Audio Sharing<\/a>. Bei den Solo Pros kann Pure ANC und Transparency auch beim Teilen ein- und ausgeschalten werden.<\/p>\n<h2>Akkulaufzeit<\/h2>\n<p>Mit der Fast-Fuel-Funktion kann bereits nach zehn Minuten Aufladen, mit dem mitgelieferten Lightning-Kabel, eine Wiedergabe von drei Stunden gew\u00e4hrleistet werden. Grunds\u00e4tzlich gibt Apple folgende Werte f\u00fcr die Akkulaufzeit an:<\/p>\n<ul>\n<li>Pure ANC oder Transparency: Bis zu 22 Stunden<\/li>\n<li>Pure ANC und Transparency aus: Bis zu 40 Stunden<\/li>\n<\/ul>\n<p>Die neuen Kopfh\u00f6rer sind zum Preis von 299,95 Euro <a href=\"https:\/\/www.apple.com\/de\/shop\/product\/MRJ62ZM\/A\/beats-solo-pro-wireless-noise-cancelling-kopfh\u00f6rer-schwarz?afid=p239%7C1268988&#038;cid=aos-de-aff-ir\">bei Apple<\/a> erh\u00e4ltlich.<\/p>\n","protected":false},"excerpt":{"rendered":"<a href=\"https:\/\/www.iphone-ticker.de\/beats-solo-pro-apple-bringt-on-ears-mit-noise-cancelling-148311\/\"><img width=\"150\" height=\"150\" src=\"https:\/\/images.iphone-ticker.de\/wp-content\/uploads\/2019\/10\/pharell-beats-pro-150x150.jpg\" class=\"alignright tfe wp-post-image\" alt=\"Pharell Beats Pro\" decoding=\"async\" loading=\"lazy\" \/><\/a><p>Mit dem Beats Solo Pro pr\u00e4sentiert die hundertprozentige Apple-Tochter ihren ersten On-Ear-Kopfh\u00f6rer mit Noise Cancelling Funktion. Diese wird von Zusatz-Features wie Transparency, Apple Audio Sharing und Unfold-to-Power erg\u00e4nzt. Die wichtigsten Informationen vorneweg: In Deutschland sind die neuen Solo Pro ab dem 30. Oktober in Schwarz, Elfenbein, Grau, Dunkelblau, Hellblau und Rot zum St\u00fcckpreis von 299,95 [&hellip;]<\/p>\n","protected":false},"author":1,"featured_media":148314,"comment_status":"open","ping_status":"closed","sticky":false,"template":"","format":"standard","meta":{"footnotes":""},"categories":[14,24],"tags":[2316,54,5239],"class_list":["post-148311","post","type-post","status-publish","format-standard","has-post-thumbnail","hentry","category-apple","category-zubehor","tag-beats","tag-kopfhorer","tag-zubehoer"],"aioseo_notices":[],"subheadline":["Mit Audio Sharing"],"featured_image":["https:\/\/images.iphone-ticker.de\/wp-content\/uploads\/2019\/10\/beats-solo.jpg"],"rest_api_enabler":{"subheadline":"Mit Audio Sharing","featured_image":"https:\/\/images.iphone-ticker.de\/wp-content\/uploads\/2019\/10\/beats-solo.jpg"},"_links":{"self":[{"href":"https:\/\/www.iphone-ticker.de\/apiv2\/wp\/v2\/posts\/148311","targetHints":{"allow":["GET"]}}],"collection":[{"href":"https:\/\/www.iphone-ticker.de\/apiv2\/wp\/v2\/posts"}],"about":[{"href":"https:\/\/www.iphone-ticker.de\/apiv2\/wp\/v2\/types\/post"}],"author":[{"embeddable":true,"href":"https:\/\/www.iphone-ticker.de\/apiv2\/wp\/v2\/users\/1"}],"replies":[{"embeddable":true,"href":"https:\/\/www.iphone-ticker.de\/apiv2\/wp\/v2\/comments?post=148311"}],"version-history":[{"count":4,"href":"https:\/\/www.iphone-ticker.de\/apiv2\/wp\/v2\/posts\/148311\/revisions"}],"predecessor-version":[{"id":148636,"href":"https:\/\/www.iphone-ticker.de\/apiv2\/wp\/v2\/posts\/148311\/revisions\/148636"}],"wp:featuredmedia":[{"embeddable":true,"href":"https:\/\/www.iphone-ticker.de\/apiv2\/wp\/v2\/media\/148314"}],"wp:attachment":[{"href":"https:\/\/www.iphone-ticker.de\/apiv2\/wp\/v2\/media?parent=148311"}],"wp:term":[{"taxonomy":"category","embeddable":true,"href":"https:\/\/www.iphone-ticker.de\/apiv2\/wp\/v2\/categories?post=148311"},{"taxonomy":"post_tag","embeddable":true,"href":"https:\/\/www.iphone-ticker.de\/apiv2\/wp\/v2\/tags?post=148311"}],"curies":[{"name":"wp","href":"https:\/\/api.w.org\/{rel}","templated":true}]}}