{"id":148050,"date":"2019-10-09T18:45:57","date_gmt":"2019-10-09T16:45:57","guid":{"rendered":"https:\/\/www.iphone-ticker.de\/?p=148050"},"modified":"2019-10-09T18:45:57","modified_gmt":"2019-10-09T16:45:57","slug":"flugaerger-app-verbraucherzentrale-setzt-eu-fluggastrechte-durch","status":"publish","type":"post","link":"https:\/\/www.iphone-ticker.de\/flugaerger-app-verbraucherzentrale-setzt-eu-fluggastrechte-durch-148050\/","title":{"rendered":"Flug\u00e4rger-App: Verbraucherzentrale setzt EU-Fluggastrechte durch"},"content":{"rendered":"<p>Mit der neuen <a rel=\"noindex, nofollow\" href=\"http:\/\/www.ifun.de\/app\/1481067932\">Flug\u00e4rger-App<\/a> bietet die Verbraucherzentrale NRW jetzt ein Tool zur Eigeninitiative an, das genervten Passagieren dabei helfen soll Rechtsanspr\u00fcche gem\u00e4\u00df der EU-Fluggastrechte-Verordnung bei ihrer Airline einzufordern. <\/p>\n<p><a href=\"https:\/\/images.iphone-ticker.de\/wp-content\/uploads\/2019\/10\/Flugaerger-App_Smartphones_1200px.jpg\"><img loading=\"lazy\" decoding=\"async\" src=\"https:\/\/images.iphone-ticker.de\/wp-content\/uploads\/2019\/10\/Flugaerger-App_Smartphones_1200px-500x281.jpg\" alt=\"Flugaerger App Smartphones 1200px\" width=\"500\" height=\"281\" class=\"aligncenter size-medium wp-image-148051\" srcset=\"https:\/\/images.iphone-ticker.de\/wp-content\/uploads\/2019\/10\/Flugaerger-App_Smartphones_1200px-500x281.jpg 500w, https:\/\/images.iphone-ticker.de\/wp-content\/uploads\/2019\/10\/Flugaerger-App_Smartphones_1200px.jpg 670w\" sizes=\"auto, (max-width: 500px) 100vw, 500px\" \/><\/a><\/p>\n<p>Die App steht versetzten Reisenden bei Versp\u00e4tung, Annullierung und verpassten Anschlussfl\u00fcgen zur Verf\u00fcgung und pr\u00fcft in wenigen selbsterkl\u00e4renden Schritten, ob Entsch\u00e4digungsanspr\u00fcche bestehen \u2013 und wenn ja in welcher H\u00f6he. Darauf aufbauend wird ein Anschreiben erzeugt, das die Nutzer per Mail oder Post versenden k\u00f6nnen. <\/p>\n<p>Forderungstext und alle erforderlichen Angaben sind hier bereits vorbereitet, zudem ist das Schreiben an die zust\u00e4ndige Airline adressiert.<\/p>\n<p>Verbraucherschutzministerin Ursula Heinen-Esser kommentierte die App bei der Vorstellung in D\u00fcsseldorf:<\/p>\n<blockquote><p>Zwar kann die App keinen Ersatzflug herbeizaubern, aber mit ihr k\u00f6nnen gebeutelte Passagiere mit nur ein paar Klicks ihre potenziellen Entsch\u00e4digungsanspr\u00fcche einfach und kostenlos pr\u00fcfen und geltend machen. Ich bin davon \u00fcberzeugt, dass die App f\u00fcr Flugreisende zum unentbehrlichen Reisebegleiter wird. Sie erleichtert es Passagieren, zu ihrem Recht zu kommen.<\/p><\/blockquote>\n<p><a href=\"https:\/\/images.iphone-ticker.de\/wp-content\/uploads\/2019\/10\/flugaerger-app.png\"><img loading=\"lazy\" decoding=\"async\" src=\"https:\/\/images.iphone-ticker.de\/wp-content\/uploads\/2019\/10\/flugaerger-app.png\" alt=\"Flugaerger App\" width=\"992\" height=\"1020\" class=\"aligncenter size-full wp-image-148053\" srcset=\"https:\/\/images.iphone-ticker.de\/wp-content\/uploads\/2019\/10\/flugaerger-app.png 992w, https:\/\/images.iphone-ticker.de\/wp-content\/uploads\/2019\/10\/flugaerger-app-486x500.png 486w, https:\/\/images.iphone-ticker.de\/wp-content\/uploads\/2019\/10\/flugaerger-app-681x700.png 681w\" sizes=\"auto, (max-width: 992px) 100vw, 992px\" \/><\/a><\/p>\n<p>Gem\u00e4\u00df der geltenden EU-Fluggastrechte-Verordnung haben Flugreisende Anspr\u00fcche, falls etwas bei einer Flugreise schief geht. So haben etwa Reisende bei Versp\u00e4tungen \u00fcber drei Stunden und bei kurzfristigen Annullierungen Anspruch auf eine Ausgleichszahlung zwischen 250 und 600 Euro \u2013 und zwar unabh\u00e4ngig von der H\u00f6he des Ticketpreises. <\/p>\n<p>Zus\u00e4tzliche Ausgaben wie Verpflegung am Flughafen oder Hotelzimmer k\u00f6nnen Flugg\u00e4ste ebenfalls zur\u00fcckverlangen, wenn ihnen diese Betreuungsleistungen von der Fluggesellschaft verweigert wurden. Entscheidend f\u00fcr das Recht auf Ausgleichszahlungen ist die Frage, ob eine Fluggesellschaft f\u00fcr das Sp\u00e4t- oder Nicht-Abheben ihrer Maschinen verantwortlich ist.<\/p>\n<!-- WP-Appbox (Version: 4.5.12 \/\/ Store: appstore \/\/ ID: 1481067932) -->\t<!-- app-link -->\n\t<div id=\"article-single-app-preview\">\n\t\t<div id=\"article-single-app-preview-header\">\n\t\t\t<span class=\"title\">Laden im App Store<\/span>\n\t\t<\/div>\n\t\t<div id=\"article-single-app-preview-content\">\n\t\t\t<div id=\"article-single-app-preview-img\"><img loading=\"lazy\" decoding=\"async\" src=\"\/\/www.iphone-ticker.de\/wp-content\/cache\/wp-appbox\/aa2ebdb0bba33bbdf79ae8f341fd22c2\/ai-231ecc12652eea623f99143e51a7a8a9\" alt=\"Flug\u00e4rger\"  height=\"72\" width=\"72\" class=\"asl-icon-img\" \/><\/div>\n\t\t\t<div id=\"article-single-app-preview-desc\">\n\t\t\t\t<span class=\"name\">Flug\u00e4rger<\/span><br \/>\n\t\t\t\t<span class=\"seller\">Entwickler: <a target=\"_blank\" rel=\"nofollow\" href=\"https:\/\/apps.apple.com\/de\/developer\/verbraucherzentrale-nordrhein-westfalen-e-v\/id726944426\">Verbraucherzentrale Nordrhein-Westfalen e.V.<\/a><\/span>\n\t\t\t<\/div>\n\t\t\t<a target=\"_blank\" rel=\"nofollow\" href=\"https:\/\/apps.apple.com\/de\/app\/flug%C3%A4rger\/id1481067932\"><div id=\"article-single-app-preview-download\">Preis: Kostenlos<br \/>\n\t\t\t<span class=\"size\">Laden<\/span><\/div><\/a>\n\t\t<\/div>\n\t\t<!-- <div id=\"article-single-app-preview-footer\"><\/div>\t-->\n\t<\/div>\n\t<!-- app-link\/ende --><!-- \/WP-Appbox -->\n","protected":false},"excerpt":{"rendered":"<a href=\"https:\/\/www.iphone-ticker.de\/flugaerger-app-verbraucherzentrale-setzt-eu-fluggastrechte-durch-148050\/\"><img width=\"150\" height=\"150\" src=\"https:\/\/images.iphone-ticker.de\/wp-content\/uploads\/2019\/10\/flugaerger-app-150x150.png\" class=\"alignright tfe wp-post-image\" alt=\"Flugaerger App\" decoding=\"async\" loading=\"lazy\" \/><\/a><p>Mit der neuen Flug\u00e4rger-App bietet die Verbraucherzentrale NRW jetzt ein Tool zur Eigeninitiative an, das genervten Passagieren dabei helfen soll Rechtsanspr\u00fcche gem\u00e4\u00df der EU-Fluggastrechte-Verordnung bei ihrer Airline einzufordern. Die App steht versetzten Reisenden bei Versp\u00e4tung, Annullierung und verpassten Anschlussfl\u00fcgen zur Verf\u00fcgung und pr\u00fcft in wenigen selbsterkl\u00e4renden Schritten, ob Entsch\u00e4digungsanspr\u00fcche bestehen \u2013 und wenn ja in [&hellip;]<\/p>\n","protected":false},"author":1,"featured_media":148053,"comment_status":"open","ping_status":"closed","sticky":false,"template":"","format":"standard","meta":{"footnotes":""},"categories":[39],"tags":[3914,147,441,1613],"class_list":["post-148050","post","type-post","status-publish","format-standard","has-post-thumbnail","hentry","category-apps","tag-apps","tag-recht","tag-urlaub","tag-verbraucherschutz"],"aioseo_notices":[],"featured_image":["https:\/\/images.iphone-ticker.de\/wp-content\/uploads\/2019\/10\/flugaerger-app.jpg"],"subheadline":["Forderungstext f\u00fcr Betroffenen"],"rest_api_enabler":{"featured_image":"https:\/\/images.iphone-ticker.de\/wp-content\/uploads\/2019\/10\/flugaerger-app.jpg","subheadline":"Forderungstext f\u00fcr Betroffenen"},"_links":{"self":[{"href":"https:\/\/www.iphone-ticker.de\/apiv2\/wp\/v2\/posts\/148050","targetHints":{"allow":["GET"]}}],"collection":[{"href":"https:\/\/www.iphone-ticker.de\/apiv2\/wp\/v2\/posts"}],"about":[{"href":"https:\/\/www.iphone-ticker.de\/apiv2\/wp\/v2\/types\/post"}],"author":[{"embeddable":true,"href":"https:\/\/www.iphone-ticker.de\/apiv2\/wp\/v2\/users\/1"}],"replies":[{"embeddable":true,"href":"https:\/\/www.iphone-ticker.de\/apiv2\/wp\/v2\/comments?post=148050"}],"version-history":[{"count":1,"href":"https:\/\/www.iphone-ticker.de\/apiv2\/wp\/v2\/posts\/148050\/revisions"}],"predecessor-version":[{"id":148054,"href":"https:\/\/www.iphone-ticker.de\/apiv2\/wp\/v2\/posts\/148050\/revisions\/148054"}],"wp:featuredmedia":[{"embeddable":true,"href":"https:\/\/www.iphone-ticker.de\/apiv2\/wp\/v2\/media\/148053"}],"wp:attachment":[{"href":"https:\/\/www.iphone-ticker.de\/apiv2\/wp\/v2\/media?parent=148050"}],"wp:term":[{"taxonomy":"category","embeddable":true,"href":"https:\/\/www.iphone-ticker.de\/apiv2\/wp\/v2\/categories?post=148050"},{"taxonomy":"post_tag","embeddable":true,"href":"https:\/\/www.iphone-ticker.de\/apiv2\/wp\/v2\/tags?post=148050"}],"curies":[{"name":"wp","href":"https:\/\/api.w.org\/{rel}","templated":true}]}}