{"id":147238,"date":"2019-09-20T10:55:36","date_gmt":"2019-09-20T08:55:36","guid":{"rendered":"https:\/\/www.iphone-ticker.de\/?p=147238"},"modified":"2019-09-20T10:57:56","modified_gmt":"2019-09-20T08:57:56","slug":"leser-hinweise-zum-start-von-iphone-11-und-ios-13-und-watchos-6","status":"publish","type":"post","link":"https:\/\/www.iphone-ticker.de\/leser-hinweise-zum-start-von-iphone-11-und-ios-13-und-watchos-6-147238\/","title":{"rendered":"Leser-Hinweise zum Start von iPhone 11 und iOS 13 und watchOS 6"},"content":{"rendered":"<p>Seit gestern Abend gl\u00fcht unser Posteingang und sp\u00fclt in etwa so viele Beobachtungen, Hinweise und Fehlerberichte zu iOS 13, dem neuen iPhone und dessen Auslieferung ein, wie Kommentare unter den entsprechenden Beitr\u00e4gen auflaufen. <\/p>\n<p>Zuschriften die wir erw\u00e4hnenswert fanden, und solche, die uns deutlich mehr als einmal erreichten haben wir im Anschluss abgedruckt und durchnummeriert um die Bezugnahme zu vereinfachen. <\/p>\n<h2>1.) watchOS 6 will nicht laden<\/h2>\n<blockquote><p>Hallo, vielleicht k\u00f6nnt Ihr mir weiterhelfen. Ich nutze ein iPhone 7 mit iOS 13 (seit gestern) und kann auf meiner Apple Watch Series 2 Nike Edition kein watchOS 6 laden. Bekomme st\u00e4ndig angezeigt, das Version 5.3.1 die aktuelle Version ist. Woran kann das liegen? <\/p><\/blockquote>\n<p>Die Zuschrift von Marc gilt Beispielhaft f\u00fcr 100+ \u00e4hnliche. Des R\u00e4tsels L\u00f6sung ist <a href=\"https:\/\/www.iphone-ticker.de\/watchos-6-verspaetet-sich-auf-aelteren-generationen-der-apple-watch-146707\/\">Apples wirrer Update-Fahrplan<\/a>. <\/p>\n<h2>2.) Neue Alexa-Ausl\u00f6ser<\/h2>\n<blockquote><p>Hallo, seit gestern (iOS 13) sehe ich in meiner Alexa-App Ausl\u00f6ser, von Xiaomi usw.<\/p><\/blockquote>\n<p>Den Hinweis von Thomas konnten wir nicht nachvollziehen, wollten diesen aber auch nicht unter den Tisch fallen lassen. Vielleicht pr\u00fcft ihr das vorhandene Setup einfach selbst. <\/p>\n<p><a href=\"https:\/\/images.iphone-ticker.de\/wp-content\/uploads\/2019\/09\/alexa-ausloeser.gif\"><img loading=\"lazy\" decoding=\"async\" src=\"https:\/\/images.iphone-ticker.de\/wp-content\/uploads\/2019\/09\/alexa-ausloeser-700x623.gif\" alt=\"Alexa Ausloeser\" width=\"700\" height=\"623\" class=\"aligncenter size-large wp-image-147239\" srcset=\"https:\/\/images.iphone-ticker.de\/wp-content\/uploads\/2019\/09\/alexa-ausloeser-700x623.gif 700w, https:\/\/images.iphone-ticker.de\/wp-content\/uploads\/2019\/09\/alexa-ausloeser-500x445.gif 500w\" sizes=\"auto, (max-width: 700px) 100vw, 700px\" \/><\/a><\/p>\n<h2>3.) Buggy Erinnerungen<\/h2>\n<blockquote><p>Seit ich in iOS 13 die Erinnerungen \u201eaktualisiert\u201c habe (oder wie es hie\u00df), sind auf dem iPhone alle Listen verschwunden. Auf icloud.com finde ich diese noch alle. Auf dem iPhone sind nur noch die Daten von Exchange enthalten.<\/p><\/blockquote>\n<p>Die Warnung von Markus sei an dieser Stelle unterstrichen. Nutzer der Erinnerungen-App sollten unter iOS 13 Vorsicht walten lassen. <\/p>\n<h2>4.) Buggy Erinnerungen II<\/h2>\n<blockquote><p>Hallo, ich teste seit Beta 2 auf meinem iPad iOS 13 und habe es heute Abend auch auf mein iPhone geladen. Besonders interessiert mich die neue Erinnerungen-App. Dabei st\u00f6rte mich beim Testen aber ein Punkt immens &#8211; und glaube nun, dass dies ein Fehler in der deutschen Version ist:<\/p>\n<p>Schreibe ich in die Erinnerung ein Datum erkennt die App das \u201eNatural Speeking\u201c. Nach einem Klick kann ich auch das Datum \u00fcbernehmen. Genial. Aber der Text bleibt in dem Erinnerungstext bestehen. Das macht f\u00fcr mich so gar keinen Sinn (Ich schreibe \u201eLesen morgen\u201c und klicke auf den Vorschlag \u201eMorgen\u201c und die Erinnerung heisst nach wie vor \u201eLesen morgen\u201c. Auch am n\u00e4chsten Morgen). Sollte der Text nicht gel\u00f6scht werden, so dass nur noch \u201eLesen\u201c da steht? Jetzt habe ich herausgefunden, dass dies in englischen Videos funktioniert. <a href=\"https:\/\/www.youtube.com\/watch?v=EVjRbG_eDi4\">Zum Beispiel hier<\/a>.<\/p>\n<p>Das kann doch nur ein Fehler im Deutschen sein oder? K\u00f6nnt ihr das best\u00e4tigen?<\/p><\/blockquote>\n<p>Es sieht derzeit wirklich danach aus, dass Apple entsprechende Eingaben auf deutschen Ger\u00e4ten anders durch den Parser schickt. <\/p>\n<p><a href=\"https:\/\/images.iphone-ticker.de\/wp-content\/uploads\/2019\/09\/siri-erinnerung.jpg\"><img loading=\"lazy\" decoding=\"async\" src=\"https:\/\/images.iphone-ticker.de\/wp-content\/uploads\/2019\/09\/siri-erinnerung-651x700.jpg\" alt=\"Siri Erinnerung\" width=\"651\" height=\"700\" class=\"aligncenter size-large wp-image-147242\" srcset=\"https:\/\/images.iphone-ticker.de\/wp-content\/uploads\/2019\/09\/siri-erinnerung-651x700.jpg 651w, https:\/\/images.iphone-ticker.de\/wp-content\/uploads\/2019\/09\/siri-erinnerung-465x500.jpg 465w\" sizes=\"auto, (max-width: 651px) 100vw, 651px\" \/><\/a><\/p>\n<h2>5.) Buggy Siri-Konversationen<\/h2>\n<blockquote><p>Hallo allerseits, seit dem Update auf iOS 13 hab ich ein kleines Kommunikationsproblem mit Siri.<\/p><\/blockquote>\n<p>W\u00e4hrend der Abruf von Radiostationen inzwischen einwandfrei funktioniert, machen andere Siri-Funktionen derzeit Probleme. <\/p>\n<h2>6.) Buggy Verbindungen zu App Store und Co.<\/h2>\n<blockquote><p>Hallo ifun.de-Team, ich habe gestern Abend iOS 13 auf mein iPhone X geladen. Hat auch alles funktioniert, App Store und iTunes funktionierten auch. Heute Morgen hatte ich keine Verbindung mehr zum App Store und zu iTunes. Nach einem Neustart klappte es wieder. Aber ca. 1 Std. sp\u00e4ter kriege ich wieder keine Verbindung. Haben eventuell noch mehr diese Probleme?<\/p><\/blockquote>\n<p>Ja, zahlreiche Anwender. <\/p>\n<h2>7.) Buggy Mitteilungen auf Apple Watch<\/h2>\n<blockquote><p>Ich habe festgestellt &#8211; seit iOS 13 und WatchOS 6 &#8211; funktioniert die Spieglung nicht mehr. Das hei\u00dft, die Nachrichten, die auf dem iPhone eingehen, werden nicht auf die Uhr \u00fcbertragen. Habt ihr sowas auch schon von den anderen geh\u00f6rt?<\/p><\/blockquote>\n<p>Ja, ebenfalls von zahlreichen Anwendern. <\/p>\n<h2>8.) Kurzbefehle ohne &#8222;Automationen&#8220;<\/h2>\n<blockquote><p>Hey. Voller Vorfreude habe ich das System komplett aktualisiert. Am meisten gefreut habe ich mich auf die Automationen in der Kurzbefehle-App. Auf der Apple-Webseite wird dieser neue Reiter auch angezeigt aber auf meinen iOS-Ger\u00e4ten ist er nicht verf\u00fcgbar.<\/p><\/blockquote>\n<p>Apple wird den Tab &#8222;Automationen&#8220; erst mit iOS 13.1 am 24. September einf\u00fchren.  <\/p>\n<p><a href=\"https:\/\/images.iphone-ticker.de\/wp-content\/uploads\/2019\/09\/kurzbefehle.jpg\"><img loading=\"lazy\" decoding=\"async\" src=\"https:\/\/images.iphone-ticker.de\/wp-content\/uploads\/2019\/09\/kurzbefehle-700x320.jpg\" alt=\"Kurzbefehle\" width=\"700\" height=\"320\" class=\"aligncenter size-large wp-image-147243\" srcset=\"https:\/\/images.iphone-ticker.de\/wp-content\/uploads\/2019\/09\/kurzbefehle-700x320.jpg 700w, https:\/\/images.iphone-ticker.de\/wp-content\/uploads\/2019\/09\/kurzbefehle-500x228.jpg 500w, https:\/\/images.iphone-ticker.de\/wp-content\/uploads\/2019\/09\/kurzbefehle.jpg 1125w\" sizes=\"auto, (max-width: 700px) 100vw, 700px\" \/><\/a><\/p>\n<h2>9.) &#8222;Wo ist&#8220; auf alten Ger\u00e4ten<\/h2>\n<blockquote><p>Hallo ifun.de Team, kann es sein das die neue \u201cwo ist\u201c App, die jetzt die \u201cmeine Freunde\u201c App ersetzt, auf \u00e4lteren Ger\u00e4ten (in unserem Fall ein 6S) nicht mehr unterst\u00fctzt wird? Wirklich kein sch\u00f6ner Zug von Apple, zumal man meistens die Situation hat, dass \u00e4ltere Ger\u00e4te an die Kinder weitergegeben werden und damit zuk\u00fcnftig das gegenseitige Einsehen des Standorts nicht mehr m\u00f6glich ist. K\u00f6nnt ihr die mal bitte nachgehen?<\/p><\/blockquote>\n<p>Eine Frage, mit der wir uns in den kommenden Tagen noch ausf\u00fchrlicher besch\u00e4ftigen werden. <\/p>\n<h2>Danke!<\/h2>\n<p>Dies ist nur eine kleine Auswahl der hier eingegangenen Leser-E-Mails &#8211; wir sind dabei alle Zuschriften zu sichten und werden im Laufe der kommenden Tage sicher noch h\u00e4ufiger auf eure Eingaben zu sprechen kommen. Vielen Dank an alle Tippgeber. Und an Felix, der uns die eher gem\u00fctliche Schlange vor dem Apple Store D\u00fcsseldorf abfotografiert hat. <\/p>\n","protected":false},"excerpt":{"rendered":"<a href=\"https:\/\/www.iphone-ticker.de\/leser-hinweise-zum-start-von-iphone-11-und-ios-13-und-watchos-6-147238\/\"><img width=\"150\" height=\"150\" src=\"https:\/\/images.iphone-ticker.de\/wp-content\/uploads\/2019\/09\/alexa-ausloeser-150x150.gif\" class=\"alignright tfe wp-post-image\" alt=\"Alexa Ausloeser\" decoding=\"async\" loading=\"lazy\" \/><\/a><p>Seit gestern Abend gl\u00fcht unser Posteingang und sp\u00fclt in etwa so viele Beobachtungen, Hinweise und Fehlerberichte zu iOS 13, dem neuen iPhone und dessen Auslieferung ein, wie Kommentare unter den entsprechenden Beitr\u00e4gen auflaufen. Zuschriften die wir erw\u00e4hnenswert fanden, und solche, die uns deutlich mehr als einmal erreichten haben wir im Anschluss abgedruckt und durchnummeriert um [&hellip;]<\/p>\n","protected":false},"author":1,"featured_media":147239,"comment_status":"open","ping_status":"closed","sticky":false,"template":"","format":"standard","meta":{"footnotes":""},"categories":[1],"tags":[70,846,5661,4596,32],"class_list":["post-147238","post","type-post","status-publish","format-standard","has-post-thumbnail","hentry","category-news","tag-bug","tag-icloud","tag-ios","tag-ios-13","tag-kritik"],"aioseo_notices":[],"featured_image":["https:\/\/images.iphone-ticker.de\/wp-content\/uploads\/2019\/09\/apple-dd.jpg"],"subheadline":["Neun oft genannte Punkte"],"rest_api_enabler":{"featured_image":"https:\/\/images.iphone-ticker.de\/wp-content\/uploads\/2019\/09\/apple-dd.jpg","subheadline":"Neun oft genannte Punkte"},"_links":{"self":[{"href":"https:\/\/www.iphone-ticker.de\/apiv2\/wp\/v2\/posts\/147238","targetHints":{"allow":["GET"]}}],"collection":[{"href":"https:\/\/www.iphone-ticker.de\/apiv2\/wp\/v2\/posts"}],"about":[{"href":"https:\/\/www.iphone-ticker.de\/apiv2\/wp\/v2\/types\/post"}],"author":[{"embeddable":true,"href":"https:\/\/www.iphone-ticker.de\/apiv2\/wp\/v2\/users\/1"}],"replies":[{"embeddable":true,"href":"https:\/\/www.iphone-ticker.de\/apiv2\/wp\/v2\/comments?post=147238"}],"version-history":[{"count":4,"href":"https:\/\/www.iphone-ticker.de\/apiv2\/wp\/v2\/posts\/147238\/revisions"}],"predecessor-version":[{"id":147246,"href":"https:\/\/www.iphone-ticker.de\/apiv2\/wp\/v2\/posts\/147238\/revisions\/147246"}],"wp:featuredmedia":[{"embeddable":true,"href":"https:\/\/www.iphone-ticker.de\/apiv2\/wp\/v2\/media\/147239"}],"wp:attachment":[{"href":"https:\/\/www.iphone-ticker.de\/apiv2\/wp\/v2\/media?parent=147238"}],"wp:term":[{"taxonomy":"category","embeddable":true,"href":"https:\/\/www.iphone-ticker.de\/apiv2\/wp\/v2\/categories?post=147238"},{"taxonomy":"post_tag","embeddable":true,"href":"https:\/\/www.iphone-ticker.de\/apiv2\/wp\/v2\/tags?post=147238"}],"curies":[{"name":"wp","href":"https:\/\/api.w.org\/{rel}","templated":true}]}}