{"id":146513,"date":"2019-09-10T07:38:46","date_gmt":"2019-09-10T05:38:46","guid":{"rendered":"https:\/\/www.iphone-ticker.de\/?p=146513"},"modified":"2019-09-10T07:38:46","modified_gmt":"2019-09-10T05:38:46","slug":"geplante-imessage-nachrichten-craig-federighi-waegt-ab","status":"publish","type":"post","link":"https:\/\/www.iphone-ticker.de\/geplante-imessage-nachrichten-craig-federighi-waegt-ab-146513\/","title":{"rendered":"Geplante iMessage-Nachrichten: Craig Federighi w\u00e4gt ab"},"content":{"rendered":"<p>Apples Software-Chef Craig Federighi hat auf die E-Mail eines iPhone-Nutzers <a href=\"https:\/\/i.redd.it\/w8kpt1yx6hl31.jpg\">reagiert<\/a>, der sich den geplanten Versand von iMessage-Nachrichten gew\u00fcnscht hat.<\/p>\n<p>Sollte Federighis E-Mail-Antwort authentischen sein (Grund f\u00fcr Zweifel gibt es aktuell nicht), steht der Apple-Manager der Funktionserweiterung zwar grunds\u00e4tzlich positiv gegen\u00fcber, erinnert jedoch daran, dass es sich nicht um eine triviale Aufgabe sondern ein durchaus komplexes Thema handelt, das viele Schwierigkeiten mit sich bringt.<\/p>\n<p>Federighi schreibt:<\/p>\n<blockquote><p>Dies [die Einf\u00fchrung von geplanten iMessage-Nachrichten] ist etwas, \u00fcber das wir schon nachgedacht haben (und ein Thema, das wir auch zuk\u00fcnftig ber\u00fccksichtigen werden). Allerdings bringt diese Funktion einen Haufen Komplexit\u00e4t mit:<\/p>\n<ul>\n<li>Wie etwa stellt man noch nicht gesendete Nachrichten dar?<\/li>\n<li>Was sieht es mit dem L\u00f6schen und dem Bearbeiten von ausstehenden Nachrichten aus?<\/li>\n<li>Was ist zu tun, wenn Du eine Nachricht von jemandem bekommst, f\u00fcr den du bereits eine geplante Nachricht im Ausgang hast? (Soll diese dann sofort rausgeschickt werden?)<\/li>\n<\/ul>\n<p>Und nat\u00fcrlich die \u00dcberlegungen zum sozialen Kontext: Wird eine geplante Nachricht zu einer Zeit versandt, an der ihr Sender nicht zur Verf\u00fcgung steht, k\u00f6nnte diese zu Verwirrungen beim Empf\u00e4nger f\u00fchren, wenn kein weiteres Feedback auf seine Antwort eingeht. Denn der Empf\u00e4nger geht ja davon aus, dass sein Gegen\u00fcber verf\u00fcgbar sein muss, da dieser gerade eine Nachricht geschickt hat.<\/p><\/blockquote>\n<p>Valide Punkte, die unklar lassen ob geplante iMessage-Nachrichten schon bald oder aber auf absehbare Zeit gar nicht auf dem iPhone einziehen werden.<\/p>\n","protected":false},"excerpt":{"rendered":"<a href=\"https:\/\/www.iphone-ticker.de\/geplante-imessage-nachrichten-craig-federighi-waegt-ab-146513\/\"><img width=\"150\" height=\"150\" src=\"https:\/\/images.iphone-ticker.de\/wp-content\/uploads\/2019\/09\/email-craig-150x150.jpg\" class=\"alignright tfe wp-post-image\" alt=\"Email Craig\" decoding=\"async\" loading=\"lazy\" \/><\/a><p>Apples Software-Chef Craig Federighi hat auf die E-Mail eines iPhone-Nutzers reagiert, der sich den geplanten Versand von iMessage-Nachrichten gew\u00fcnscht hat. Sollte Federighis E-Mail-Antwort authentischen sein (Grund f\u00fcr Zweifel gibt es aktuell nicht), steht der Apple-Manager der Funktionserweiterung zwar grunds\u00e4tzlich positiv gegen\u00fcber, erinnert jedoch daran, dass es sich nicht um eine triviale Aufgabe sondern ein durchaus [&hellip;]<\/p>\n","protected":false},"author":1,"featured_media":146514,"comment_status":"open","ping_status":"closed","sticky":false,"template":"","format":"standard","meta":{"footnotes":""},"categories":[639],"tags":[850,5661,509],"class_list":["post-146513","post","type-post","status-publish","format-standard","has-post-thumbnail","hentry","category-ios","tag-imessage","tag-ios","tag-nachrichten"],"aioseo_notices":[],"featured_image":["https:\/\/images.iphone-ticker.de\/wp-content\/uploads\/2019\/09\/email-craig.jpg"],"subheadline":["Noch viele offene Fragen"],"rest_api_enabler":{"featured_image":"https:\/\/images.iphone-ticker.de\/wp-content\/uploads\/2019\/09\/email-craig.jpg","subheadline":"Noch viele offene Fragen"},"_links":{"self":[{"href":"https:\/\/www.iphone-ticker.de\/apiv2\/wp\/v2\/posts\/146513","targetHints":{"allow":["GET"]}}],"collection":[{"href":"https:\/\/www.iphone-ticker.de\/apiv2\/wp\/v2\/posts"}],"about":[{"href":"https:\/\/www.iphone-ticker.de\/apiv2\/wp\/v2\/types\/post"}],"author":[{"embeddable":true,"href":"https:\/\/www.iphone-ticker.de\/apiv2\/wp\/v2\/users\/1"}],"replies":[{"embeddable":true,"href":"https:\/\/www.iphone-ticker.de\/apiv2\/wp\/v2\/comments?post=146513"}],"version-history":[{"count":1,"href":"https:\/\/www.iphone-ticker.de\/apiv2\/wp\/v2\/posts\/146513\/revisions"}],"predecessor-version":[{"id":146515,"href":"https:\/\/www.iphone-ticker.de\/apiv2\/wp\/v2\/posts\/146513\/revisions\/146515"}],"wp:featuredmedia":[{"embeddable":true,"href":"https:\/\/www.iphone-ticker.de\/apiv2\/wp\/v2\/media\/146514"}],"wp:attachment":[{"href":"https:\/\/www.iphone-ticker.de\/apiv2\/wp\/v2\/media?parent=146513"}],"wp:term":[{"taxonomy":"category","embeddable":true,"href":"https:\/\/www.iphone-ticker.de\/apiv2\/wp\/v2\/categories?post=146513"},{"taxonomy":"post_tag","embeddable":true,"href":"https:\/\/www.iphone-ticker.de\/apiv2\/wp\/v2\/tags?post=146513"}],"curies":[{"name":"wp","href":"https:\/\/api.w.org\/{rel}","templated":true}]}}