{"id":145598,"date":"2019-08-22T09:02:25","date_gmt":"2019-08-22T07:02:25","guid":{"rendered":"https:\/\/www.iphone-ticker.de\/?p=145598"},"modified":"2019-08-22T09:02:25","modified_gmt":"2019-08-22T07:02:25","slug":"powerbeats-pro-jetzt-in-weiteren-farben-erhaeltlich","status":"publish","type":"post","link":"https:\/\/www.iphone-ticker.de\/powerbeats-pro-jetzt-in-weiteren-farben-erhaeltlich-145598\/","title":{"rendered":"Powerbeats Pro jetzt in weiteren Farben erh\u00e4ltlich"},"content":{"rendered":"<p>Apple bietet die sportliche AirPods-Alternative <a href=\"https:\/\/apple.sjv.io\/MVeeJ\" title=\"Powerbeats Pro\">Powerbeats Pro<\/a> jetzt auch in den Farben Marineblau, Moosgr\u00fcn und Elfenbeinwei\u00df zur Bestellung an. Der Preis f\u00fcr die neuen Farbvarianten liegt wie schon beim schwarzen Modell bei 249,95 Euro.<\/p>\n<p><a href=\"https:\/\/images.iphone-ticker.de\/wp-content\/uploads\/2019\/08\/powerbeats-pro-elfenbein-weiss.jpg\"><img loading=\"lazy\" decoding=\"async\" src=\"https:\/\/images.iphone-ticker.de\/wp-content\/uploads\/2019\/08\/powerbeats-pro-elfenbein-weiss-500x458.jpg\" alt=\"Powerbeats Pro Elfenbein Weiss\" width=\"500\" height=\"458\" class=\"alignnone size-medium wp-image-145600\" srcset=\"https:\/\/images.iphone-ticker.de\/wp-content\/uploads\/2019\/08\/powerbeats-pro-elfenbein-weiss-500x458.jpg 500w, https:\/\/images.iphone-ticker.de\/wp-content\/uploads\/2019\/08\/powerbeats-pro-elfenbein-weiss.jpg 516w\" sizes=\"auto, (max-width: 500px) 100vw, 500px\" \/><\/a><\/p>\n<p>Lieferbar werden die Ohrh\u00f6rer voraussichtlich vom kommenden Freitag an sein. Damit treten die Powerbeats Pro auch mit Blick auf die extrem z\u00e4he Markteinf\u00fchrung ein wenig in die Fu\u00dfstapfen der AirPods. Die Beats-Ohrh\u00f6rer wurden im April angek\u00fcndigt, Ende Mai ging dann die schwarze Version in den Verkauf und die drei Zusatzfarben r\u00fccken jetzt erst nach. Apples AirPods wurden im September 2016 angek\u00fcndigt und kamen mit Versp\u00e4tung dann Mitte Dezember in den Handel.<\/p>\n<p>Die Powerbeats Pro bieten mit anpassbaren Ohrb\u00fcgeln sicheren Halt und sind gegen Schwei\u00df und Wasser gesch\u00fctzt. Als klassische In-Ears kommen sie mit verschiedenen Ohreins\u00e4tzen f\u00fcr optimale Passform. Die vollst\u00e4ndig drahtlosen Ohrh\u00f6rer sind wie die AirPods mit Apples H1-Prozessor ausgestattet und erlauben das Aktivieren von Siri per Sprachbefehl. Zudem wirbt Apple damit, dass die Powerbeats Pro trotz akustischer Verbesserungen 23 Prozent kleiner und 17 Prozent leichter sind als ihr Vorg\u00e4nger. Die Akkulaufzeit wird mit bis zu 9 Stunden pro Ohrh\u00f6rer angegeben, in Kombination mit dem Ladecase seien bis zu 24 Stunden Musikgenuss m\u00f6glich.<\/p>\n<p><div class=\"responsive-video\"><iframe loading=\"lazy\" width=\"700\" height=\"315\" src=\"https:\/\/www.youtube-nocookie.com\/embed\/mWbijRYhuZs\" frameborder=\"0\" allow=\"accelerometer; autoplay; encrypted-media; gyroscope; picture-in-picture\" allowfullscreen><\/iframe><\/div><\/p>\n<p>Apples AirPods sind derweil \u00fcbrigens mehr oder weniger dauerhaft deutlich unter dem regul\u00e4ren Preis erh\u00e4ltlich. Amazon als offizieller Apple-Vertriebspartner bietet die H\u00f6rer gerade <a href=\"https:\/\/amzn.to\/2KNvSq9\">mit 20 Prozent Preisnachlass<\/a> an.<\/p>\n","protected":false},"excerpt":{"rendered":"<a href=\"https:\/\/www.iphone-ticker.de\/powerbeats-pro-jetzt-in-weiteren-farben-erhaeltlich-145598\/\"><img width=\"150\" height=\"150\" src=\"https:\/\/images.iphone-ticker.de\/wp-content\/uploads\/2019\/08\/powerbeats-pro-elfenbein-weiss-150x150.jpg\" class=\"alignright tfe wp-post-image\" alt=\"Powerbeats Pro Elfenbein Weiss\" decoding=\"async\" loading=\"lazy\" \/><\/a><p>Apple bietet die sportliche AirPods-Alternative Powerbeats Pro jetzt auch in den Farben Marineblau, Moosgr\u00fcn und Elfenbeinwei\u00df zur Bestellung an. Der Preis f\u00fcr die neuen Farbvarianten liegt wie schon beim schwarzen Modell bei 249,95 Euro. Lieferbar werden die Ohrh\u00f6rer voraussichtlich vom kommenden Freitag an sein. Damit treten die Powerbeats Pro auch mit Blick auf die extrem [&hellip;]<\/p>\n","protected":false},"author":2,"featured_media":145600,"comment_status":"open","ping_status":"closed","sticky":false,"template":"","format":"standard","meta":{"footnotes":""},"categories":[1],"tags":[4682],"class_list":["post-145598","post","type-post","status-publish","format-standard","has-post-thumbnail","hentry","category-news","tag-powerbeats-pro"],"aioseo_notices":[],"featured_image":["https:\/\/images.iphone-ticker.de\/wp-content\/uploads\/2019\/08\/powerbeats-pro-neue-farben.jpg"],"subheadline":["Vorbestellung l\u00e4uft an"],"rest_api_enabler":{"featured_image":"https:\/\/images.iphone-ticker.de\/wp-content\/uploads\/2019\/08\/powerbeats-pro-neue-farben.jpg","subheadline":"Vorbestellung l\u00e4uft an"},"_links":{"self":[{"href":"https:\/\/www.iphone-ticker.de\/apiv2\/wp\/v2\/posts\/145598","targetHints":{"allow":["GET"]}}],"collection":[{"href":"https:\/\/www.iphone-ticker.de\/apiv2\/wp\/v2\/posts"}],"about":[{"href":"https:\/\/www.iphone-ticker.de\/apiv2\/wp\/v2\/types\/post"}],"author":[{"embeddable":true,"href":"https:\/\/www.iphone-ticker.de\/apiv2\/wp\/v2\/users\/2"}],"replies":[{"embeddable":true,"href":"https:\/\/www.iphone-ticker.de\/apiv2\/wp\/v2\/comments?post=145598"}],"version-history":[{"count":4,"href":"https:\/\/www.iphone-ticker.de\/apiv2\/wp\/v2\/posts\/145598\/revisions"}],"predecessor-version":[{"id":145605,"href":"https:\/\/www.iphone-ticker.de\/apiv2\/wp\/v2\/posts\/145598\/revisions\/145605"}],"wp:featuredmedia":[{"embeddable":true,"href":"https:\/\/www.iphone-ticker.de\/apiv2\/wp\/v2\/media\/145600"}],"wp:attachment":[{"href":"https:\/\/www.iphone-ticker.de\/apiv2\/wp\/v2\/media?parent=145598"}],"wp:term":[{"taxonomy":"category","embeddable":true,"href":"https:\/\/www.iphone-ticker.de\/apiv2\/wp\/v2\/categories?post=145598"},{"taxonomy":"post_tag","embeddable":true,"href":"https:\/\/www.iphone-ticker.de\/apiv2\/wp\/v2\/tags?post=145598"}],"curies":[{"name":"wp","href":"https:\/\/api.w.org\/{rel}","templated":true}]}}