{"id":145581,"date":"2019-08-21T18:02:48","date_gmt":"2019-08-21T16:02:48","guid":{"rendered":"https:\/\/www.iphone-ticker.de\/?p=145581"},"modified":"2019-08-21T18:02:48","modified_gmt":"2019-08-21T16:02:48","slug":"apple-registriert-neue-geraete-geruechte-um-groessere-akkus-und-usb-adapter","status":"publish","type":"post","link":"https:\/\/www.iphone-ticker.de\/apple-registriert-neue-geraete-geruechte-um-groessere-akkus-und-usb-adapter-145581\/","title":{"rendered":"Apple registriert neue Ger\u00e4te &#8211; Ger\u00fcchte um gr\u00f6\u00dfere Akkus und USB-Adapter"},"content":{"rendered":"<p>Bei Apple laufen die Vorbereitungen auf das anstehende September-Event mittlerweile auf Hochtouren. Bei der f\u00fcr den europ\u00e4ischen Raum zust\u00e4ndigen Regulierungsbeh\u00f6rde Eurasian Economic Commission (EEC) wurde eine Vielzahl neuer Ger\u00e4te registriert. Bei etlichen dieser Eintr\u00e4ge handelt es sich allerdings nur um eine Aktualisierung bzw. Neuregistrierung mit Blick auf die kommende Auslieferung mit iOS 13. Doch finden sich auch bislang unbekannte Modellnummern, die auf die neuen Apple-Watch-Modelle und vielleicht auch neue Macs, darunter das schon einige Zeit durch die Ger\u00fcchtek\u00fcche geisternde MacBook Pro 16\u201c hinweisen.<\/p>\n<p><a href=\"https:\/\/images.iphone-ticker.de\/wp-content\/uploads\/2019\/08\/datenbank-infos.jpg\"><img loading=\"lazy\" decoding=\"async\" src=\"https:\/\/images.iphone-ticker.de\/wp-content\/uploads\/2019\/08\/datenbank-infos-700x465.jpg\" alt=\"Datenbank Infos\" width=\"700\" height=\"465\" class=\"alignnone size-large wp-image-145583\" srcset=\"https:\/\/images.iphone-ticker.de\/wp-content\/uploads\/2019\/08\/datenbank-infos-700x465.jpg 700w, https:\/\/images.iphone-ticker.de\/wp-content\/uploads\/2019\/08\/datenbank-infos-500x332.jpg 500w, https:\/\/images.iphone-ticker.de\/wp-content\/uploads\/2019\/08\/datenbank-infos.jpg 1315w\" sizes=\"auto, (max-width: 700px) 100vw, 700px\" \/><\/a><\/p>\n<h6>Via <a href=\"https:\/\/9to5mac.com\/2019\/08\/21\/apple-macbook-apple-watch-eurasian\/\">9to5Mac<\/a><\/h6>\n<p>Die vier neue Eintr\u00e4ge A2156, A2157, A2092 und A2093 f\u00fcr die Apple Watch \u00fcberraschen nicht. Allgemein wird erwartet, dass Apple n\u00e4chsten Monat gemeinsam mit den neuen iPhones die Apple Watch Series 5 pr\u00e4sentiert. Wir haben ja bereits Hinweise auf neue <a href=\"https:\/\/www.iphone-ticker.de\/apple-watch-series-5-hinweise-auf-titan-und-keramikgehaeuse-entdeckt-145403\/\" title=\"Apple Watch Series 5: Hinweise auf Titan- und Keramikgeh\u00e4use entdeckt\">Geh\u00e4use aus Titan und Keramik<\/a> gesehen.<\/p>\n<p>Beim iPhone selbst gibt es keine neuen Modelleintr\u00e4ge, sondern lediglich Aktualisierungen. Hier hat Apple ja bereits im Mai insgesamt <a href=\"https:\/\/www.iphone-ticker.de\/iphone-2019-apple-registriert-in-russland-elf-neue-modellnummern-141654\/\">elf neue Modellnummern<\/a> in die Datenbank eingepflegt.<\/p>\n<p>Auf Apple-Notebooks bezogen finden sich die sechs neuen Modellnummern A2141, A2147, A2158, A2179, A2182 und A2251 in der Liste. Neben kleineren Updates k\u00f6nnte hier wie gesagt auch ein neues MacBook Pro mit 16-Zoll-Bildschirm auf seine Freigabe warten.<\/p>\n<p>Bei den in der Liste genannten \u201eMedia Players\u201c handelt es sich um den iPod touch. Hier hat Apple die Eintr\u00e4ge f\u00fcr bereits verf\u00fcgbare Modelle vermutlich ebenfalls wegen dem Sprung auf iOS 13 aktualisiert.<\/p>\n<h2>iPhone 2019: Mehr Akku und USB-C-Ladeger\u00e4t?<\/h2>\n<p>Passend dazu hat die Ger\u00fcchtek\u00fcche gerade auch einiges zum Thema \u201eiPhone 2019\u201c zu bieten. So sieht das Branchenmagazin <a href=\"https:\/\/www.digitimes.com\/news\/a20190820VL203.html\">DigiTimes<\/a> die in diesem Jahr vorgestellten iPhone-Modelle mit bis zu 20 Prozent mehr Akku-Leistung kommen.<\/p>\n<p>Die in Hong Kong ver\u00f6ffentlichte Webseite <a href=\"https:\/\/twitter.com\/chargerlab\/status\/1163796364058193920\">ChargerLAB<\/a> will zudem wissen, dass Apple den neuen iPhones in diesem Jahr ein USB-C-Ladeger\u00e4t anstelle des alten USB-A-Adapters beilegt. Eine Voraussage, die sich auf unterschiedlichen Quellen basierend nun schon im dritten Jahr wiederholt. Irgendwann wird es dann auch so sein.<\/p>\n<p>Wenn alles wie derzeit erwartet kommt, haben wir <a href=\"https:\/\/www.iphone-ticker.de\/iphone-event-2019-apple-nennt-10-september-als-termin-145355\/\">am 10. September<\/a> abends die Antwort auf alle offenen Fragen.<img loading=\"lazy\" decoding=\"async\" src=\"https:\/\/vg04.met.vgwort.de\/na\/dc0b843d648e427492a09d0356e38e1b\" width=\"1\" height=\"1\" class=\"tracking\"><\/p>\n<p><h8>Via <a href=\"https:\/\/www.macrumors.com\/2019\/08\/21\/rumor-claims-2019-iphones-usb-c-chargers\/\">MacRumors<\/a><\/h8><\/p>\n","protected":false},"excerpt":{"rendered":"<a href=\"https:\/\/www.iphone-ticker.de\/apple-registriert-neue-geraete-geruechte-um-groessere-akkus-und-usb-adapter-145581\/\"><img width=\"150\" height=\"150\" src=\"https:\/\/images.iphone-ticker.de\/wp-content\/uploads\/2019\/08\/datenbank-infos-150x150.jpg\" class=\"alignright tfe wp-post-image\" alt=\"Datenbank Infos\" decoding=\"async\" loading=\"lazy\" \/><\/a><p>Bei Apple laufen die Vorbereitungen auf das anstehende September-Event mittlerweile auf Hochtouren. Bei der f\u00fcr den europ\u00e4ischen Raum zust\u00e4ndigen Regulierungsbeh\u00f6rde Eurasian Economic Commission (EEC) wurde eine Vielzahl neuer Ger\u00e4te registriert. Bei etlichen dieser Eintr\u00e4ge handelt es sich allerdings nur um eine Aktualisierung bzw. Neuregistrierung mit Blick auf die kommende Auslieferung mit iOS 13. Doch finden [&hellip;]<\/p>\n","protected":false},"author":2,"featured_media":145583,"comment_status":"open","ping_status":"closed","sticky":false,"template":"","format":"standard","meta":{"footnotes":""},"categories":[1],"tags":[],"class_list":["post-145581","post","type-post","status-publish","format-standard","has-post-thumbnail","hentry","category-news"],"aioseo_notices":[],"subheadline":["3 Wochen bis zum Apple-Event"],"featured_image":["https:\/\/images.iphone-ticker.de\/wp-content\/uploads\/2017\/01\/tim-cook-feature.jpg"],"rest_api_enabler":{"subheadline":"3 Wochen bis zum Apple-Event","featured_image":"https:\/\/images.iphone-ticker.de\/wp-content\/uploads\/2017\/01\/tim-cook-feature.jpg"},"_links":{"self":[{"href":"https:\/\/www.iphone-ticker.de\/apiv2\/wp\/v2\/posts\/145581","targetHints":{"allow":["GET"]}}],"collection":[{"href":"https:\/\/www.iphone-ticker.de\/apiv2\/wp\/v2\/posts"}],"about":[{"href":"https:\/\/www.iphone-ticker.de\/apiv2\/wp\/v2\/types\/post"}],"author":[{"embeddable":true,"href":"https:\/\/www.iphone-ticker.de\/apiv2\/wp\/v2\/users\/2"}],"replies":[{"embeddable":true,"href":"https:\/\/www.iphone-ticker.de\/apiv2\/wp\/v2\/comments?post=145581"}],"version-history":[{"count":4,"href":"https:\/\/www.iphone-ticker.de\/apiv2\/wp\/v2\/posts\/145581\/revisions"}],"predecessor-version":[{"id":145586,"href":"https:\/\/www.iphone-ticker.de\/apiv2\/wp\/v2\/posts\/145581\/revisions\/145586"}],"wp:featuredmedia":[{"embeddable":true,"href":"https:\/\/www.iphone-ticker.de\/apiv2\/wp\/v2\/media\/145583"}],"wp:attachment":[{"href":"https:\/\/www.iphone-ticker.de\/apiv2\/wp\/v2\/media?parent=145581"}],"wp:term":[{"taxonomy":"category","embeddable":true,"href":"https:\/\/www.iphone-ticker.de\/apiv2\/wp\/v2\/categories?post=145581"},{"taxonomy":"post_tag","embeddable":true,"href":"https:\/\/www.iphone-ticker.de\/apiv2\/wp\/v2\/tags?post=145581"}],"curies":[{"name":"wp","href":"https:\/\/api.w.org\/{rel}","templated":true}]}}