{"id":145436,"date":"2019-08-19T13:49:02","date_gmt":"2019-08-19T11:49:02","guid":{"rendered":"https:\/\/www.iphone-ticker.de\/?p=145436"},"modified":"2019-08-19T13:49:02","modified_gmt":"2019-08-19T11:49:02","slug":"mediamarkt-verkauft-huellen-fuer-iphone-xi-und-iphone-xr-2019","status":"publish","type":"post","link":"https:\/\/www.iphone-ticker.de\/mediamarkt-verkauft-huellen-fuer-iphone-xi-und-iphone-xr-2019-145436\/","title":{"rendered":"MediaMarkt verkauft H\u00fcllen f\u00fcr &#8222;iPhone XI&#8220; und &#8222;iPhone XR 2019&#8220;"},"content":{"rendered":"<p>Wenn ihr das n\u00e4chste Mal bei MediaMarkt vorbeischaut, werft doch einen Blick auf die dort verf\u00fcgbaren iPhone-Cases. Offenbar kann man bereits in einigen Filialen der Elektrohandelskette H\u00fcllen f\u00fcr die noch nicht erschienenen iPhone-Modelle 2019 kaufen.<\/p>\n<p>Auf der Diskussionsplattform <a href=\"https:\/\/old.reddit.com\/r\/iphone\/comments\/crnxms\/iphone_xr_2019_i_saw_this_case_in_media_markt\/\">Reddit<\/a> haben Nutzer Fotos von iPhone-H\u00fcllen des Herstellers SBS ver\u00f6ffentlicht, die bei MediaMarkt angeboten werden und zu Apples f\u00fcr September erwarteten iPhone-Modellen 2019 passen sollen. Die H\u00fcllen tragen Bezeichnungen wie \u201eSchool Case f\u00fcr iPhone XR 2019\u201c oder \u201e0.3 Skinny f\u00fcr iPhone XI\u201c.<\/p>\n<p><a href=\"https:\/\/images.iphone-ticker.de\/wp-content\/uploads\/2019\/08\/mediamarkt-iphone-2019-cases.jpg\"><img loading=\"lazy\" decoding=\"async\" src=\"https:\/\/images.iphone-ticker.de\/wp-content\/uploads\/2019\/08\/mediamarkt-iphone-2019-cases-700x448.jpg\" alt=\"Mediamarkt Iphone 2019 Cases\" width=\"700\" height=\"448\" class=\"alignnone size-large wp-image-145439\" srcset=\"https:\/\/images.iphone-ticker.de\/wp-content\/uploads\/2019\/08\/mediamarkt-iphone-2019-cases-700x448.jpg 700w, https:\/\/images.iphone-ticker.de\/wp-content\/uploads\/2019\/08\/mediamarkt-iphone-2019-cases-500x320.jpg 500w, https:\/\/images.iphone-ticker.de\/wp-content\/uploads\/2019\/08\/mediamarkt-iphone-2019-cases.jpg 1200w\" sizes=\"auto, (max-width: 700px) 100vw, 700px\" \/><\/a><\/p>\n<p>Das mit der Namensgebung ist ja so eine Sache, uns w\u00fcrde ja eine Vereinfachung \u00e4hnlich wie wir es bereits beim iPad und bei den MacBooks gesehen haben gut gefallen. Also die Abkehr von der Nummerierung und daf\u00fcr eine schlichte Unterscheidung zwischen \u201eiPhone\u201c und \u201eiPhone Pro\u201c. In diese Richtung deuten ja mittlerweile auch <a href=\"https:\/\/www.iphone-ticker.de\/neue-namensgebung-in-diesem-jahr-soll-das-iphone-pro-kommen-145111\/\" title=\"Neue Namensgebung: In diesem Jahr soll das \u201eiPhone Pro\u201c kommen\">ernst zu nehmende Hinweise<\/a>.<\/p>\n<p>Auf den Verpackungen der H\u00fcllen irritieren zudem unrealistisch gro\u00dfe Kameraobjektive in dem f\u00fcr die n\u00e4chsten iPhone-Modelle erwarteten quadratischen Kamerabuckel. Hier h\u00e4tte sich der Gestalter der H\u00fcllen besser an die mittlerweile in gro\u00dfer Zahl vorhandenen <a href=\"https:\/\/www.iphone-ticker.de\/so-wirds-wohl-kommen-die-drei-iphone-11-modelle-im-video-143987\/\">Dummys<\/a> gehalten, deren Design dem voraussichtlich <a href=\"https:\/\/www.iphone-ticker.de\/iphone-event-2019-apple-nennt-10-september-als-termin-145355\/\">am 10. September<\/a> von Apple pr\u00e4sentierten Original recht nah kommen sollte.<\/p>\n","protected":false},"excerpt":{"rendered":"<a href=\"https:\/\/www.iphone-ticker.de\/mediamarkt-verkauft-huellen-fuer-iphone-xi-und-iphone-xr-2019-145436\/\"><img width=\"150\" height=\"150\" src=\"https:\/\/images.iphone-ticker.de\/wp-content\/uploads\/2019\/08\/iphone-11-case-mediamarkt-150x150.jpg\" class=\"alignright tfe wp-post-image\" alt=\"Iphone 11 Case Mediamarkt\" decoding=\"async\" loading=\"lazy\" \/><\/a><p>Wenn ihr das n\u00e4chste Mal bei MediaMarkt vorbeischaut, werft doch einen Blick auf die dort verf\u00fcgbaren iPhone-Cases. Offenbar kann man bereits in einigen Filialen der Elektrohandelskette H\u00fcllen f\u00fcr die noch nicht erschienenen iPhone-Modelle 2019 kaufen. Auf der Diskussionsplattform Reddit haben Nutzer Fotos von iPhone-H\u00fcllen des Herstellers SBS ver\u00f6ffentlicht, die bei MediaMarkt angeboten werden und zu [&hellip;]<\/p>\n","protected":false},"author":2,"featured_media":145441,"comment_status":"open","ping_status":"closed","sticky":false,"template":"","format":"standard","meta":{"footnotes":""},"categories":[1],"tags":[4583,4665],"class_list":["post-145436","post","type-post","status-publish","format-standard","has-post-thumbnail","hentry","category-news","tag-iphone-11","tag-mediamarkt"],"aioseo_notices":[],"featured_image":["https:\/\/images.iphone-ticker.de\/wp-content\/uploads\/2019\/08\/iphone-11-case-mediamarkt.jpg"],"subheadline":["\"Early Bird\" auf wackligen F\u00fc\u00dfen"],"rest_api_enabler":{"featured_image":"https:\/\/images.iphone-ticker.de\/wp-content\/uploads\/2019\/08\/iphone-11-case-mediamarkt.jpg","subheadline":"\"Early Bird\" auf wackligen F\u00fc\u00dfen"},"_links":{"self":[{"href":"https:\/\/www.iphone-ticker.de\/apiv2\/wp\/v2\/posts\/145436","targetHints":{"allow":["GET"]}}],"collection":[{"href":"https:\/\/www.iphone-ticker.de\/apiv2\/wp\/v2\/posts"}],"about":[{"href":"https:\/\/www.iphone-ticker.de\/apiv2\/wp\/v2\/types\/post"}],"author":[{"embeddable":true,"href":"https:\/\/www.iphone-ticker.de\/apiv2\/wp\/v2\/users\/2"}],"replies":[{"embeddable":true,"href":"https:\/\/www.iphone-ticker.de\/apiv2\/wp\/v2\/comments?post=145436"}],"version-history":[{"count":4,"href":"https:\/\/www.iphone-ticker.de\/apiv2\/wp\/v2\/posts\/145436\/revisions"}],"predecessor-version":[{"id":145442,"href":"https:\/\/www.iphone-ticker.de\/apiv2\/wp\/v2\/posts\/145436\/revisions\/145442"}],"wp:featuredmedia":[{"embeddable":true,"href":"https:\/\/www.iphone-ticker.de\/apiv2\/wp\/v2\/media\/145441"}],"wp:attachment":[{"href":"https:\/\/www.iphone-ticker.de\/apiv2\/wp\/v2\/media?parent=145436"}],"wp:term":[{"taxonomy":"category","embeddable":true,"href":"https:\/\/www.iphone-ticker.de\/apiv2\/wp\/v2\/categories?post=145436"},{"taxonomy":"post_tag","embeddable":true,"href":"https:\/\/www.iphone-ticker.de\/apiv2\/wp\/v2\/tags?post=145436"}],"curies":[{"name":"wp","href":"https:\/\/api.w.org\/{rel}","templated":true}]}}