{"id":144657,"date":"2019-08-01T08:50:08","date_gmt":"2019-08-01T06:50:08","guid":{"rendered":"https:\/\/www.iphone-ticker.de\/?p=144657"},"modified":"2019-08-04T16:46:14","modified_gmt":"2019-08-04T14:46:14","slug":"verkauf-ab-september-ikea-listet-homekit-rollos-etwas-teurer","status":"publish","type":"post","link":"https:\/\/www.iphone-ticker.de\/verkauf-ab-september-ikea-listet-homekit-rollos-etwas-teurer-144657\/","title":{"rendered":"Verkauf ab September: IKEA listet HomeKit-Rollos etwas teurer"},"content":{"rendered":"<p>Wohl weil der Verkauf bei unseren europ\u00e4ischen Nachbarn bereits im August startet, hat die schwedische Einrichtungskette <a href=\"https:\/\/clkde.tradedoubler.com\/click?p=290994&#038;a=747172&#038;g=24314836\">IKEA<\/a> jetzt damit begonnen, die beiden HomeKit-Rollos <a href=\"https:\/\/www.ikea.com\/de\/de\/p\/fyrtur-90408170\/\">FYRTUR<\/a> und <a href=\"https:\/\/www.ikea.com\/de\/de\/p\/kadrilj-20408116\/\">KADRILJ<\/a> in ihrem Online-Store zu listen.<\/p>\n<p><a href=\"https:\/\/images.iphone-ticker.de\/wp-content\/uploads\/2019\/08\/ikea-rollo.jpg\"><img loading=\"lazy\" decoding=\"async\" class=\"aligncenter size-medium wp-image-144658\" src=\"https:\/\/images.iphone-ticker.de\/wp-content\/uploads\/2019\/08\/ikea-rollo-500x346.jpg\" alt=\"Ikea Rollo\" width=\"500\" height=\"346\" srcset=\"https:\/\/images.iphone-ticker.de\/wp-content\/uploads\/2019\/08\/ikea-rollo-500x346.jpg 500w, https:\/\/images.iphone-ticker.de\/wp-content\/uploads\/2019\/08\/ikea-rollo-700x484.jpg 700w, https:\/\/images.iphone-ticker.de\/wp-content\/uploads\/2019\/08\/ikea-rollo.jpg 1500w\" sizes=\"auto, (max-width: 500px) 100vw, 500px\" \/><\/a><\/p>\n<p>Initial hatte IKEA den 2. Februar als Termin f\u00fcr den Verkaufsstart kommuniziert, zum Stichtag korrigierten sich die Schweden dann jedoch \u00fcberraschend und best\u00e4tigte ifun.de gegen\u00fcber, dass man den Starttermin <a href=\"https:\/\/www.iphone-ticker.de\/ikea-lightning-kabel-online-erhaetlich-homekit-rollos-verspaeten-sich-137002\/\">bis auf Weiteres<\/a> verschieben m\u00fcsse.<\/p>\n<p><a href=\"https:\/\/www.ifun.de\/?p=139033\">Zuletzt<\/a> teilte IKEA nachfragenden Kunden dann mit, dass die HomeKit-Rollos FYRTUR und KADRILJ ihren Deutschland-Start etwas sp\u00e4ter als auf der schwedischen Seite angek\u00fcndigt hinlegen und &#8222;voraussichtlich erst ab September erh\u00e4ltlich&#8220; sein werden.<\/p>\n<p>Die Home Smart-App des Einrichtungshauses ist <a href=\"https:\/\/www.ifun.de\/ikea-trdfri-app-unterstuetzt-homekit-rollos-137075\/\">bereits seit Mai<\/a> auf die Rollos vorbereitet.<\/p>\n<p>Die beiden angebotenen Rollo-Varianten lassen sich kabellos steuern und setzen keine Steckdose am Montageort voraus. Die Stromversorgung erfolgt \u00fcber einen Akku. Im Lieferumfang sind das zugeh\u00f6rige Ladeger\u00e4t sowie eine Fernbedienung enthalten, die Anbindung an die TR\u00c5DFRI-Bridge ist somit optional und wird nicht zwingend vorausgesetzt.<\/p>\n<p><div class=\"responsive-video\"><iframe loading=\"lazy\" src=\"https:\/\/www.youtube-nocookie.com\/embed\/_iym1S5q4VU\" width=\"700\" height=\"371\" frameborder=\"0\" allowfullscreen=\"allowfullscreen\"><\/iframe><\/div><\/p>\n<p>Statt zu Preisen ab 99 Euro werden die Rollos ab 109 Euro starten und in den folgenden Varianten erh\u00e4ltlich sein:<\/p>\n<h2>KADRILJ Rollo<\/h2>\n<ul>\n<li><a href=\"https:\/\/www.ikea.com\/de\/de\/p\/kadrilj-rollo-kabellos-batteriebetrieben-grau-90408127\/\">60&#215;195 cm f\u00fcr 109 Euro<\/a><\/li>\n<li><a href=\"https:\/\/www.ikea.com\/de\/de\/p\/kadrilj-rollo-kabellos-batteriebetrieben-grau-90408132\/\">80&#215;195 cm f\u00fcr 119 Euro<\/a><\/li>\n<li><a href=\"https:\/\/www.ikea.com\/de\/de\/p\/kadrilj-rollo-kabellos-batteriebetrieben-grau-20408116\/\">100&#215;195 cm f\u00fcr 129 Euro<\/a><\/li>\n<li><a href=\"https:\/\/www.ikea.com\/de\/de\/p\/kadrilj-rollo-kabellos-batteriebetrieben-grau-60408119\/\">120&#215;195 cm f\u00fcr 139 Euro<\/a><\/li>\n<li><a href=\"https:\/\/www.ikea.com\/de\/de\/p\/kadrilj-rollo-kabellos-batteriebetrieben-grau-80408123\/\">140&#215;195 cm f\u00fcr 149 Euro<\/a><\/li>\n<\/ul>\n<h2>FYRTUR Verdunklungsrollo<\/h2>\n<ul>\n<li><a href=\"https:\/\/www.ikea.com\/de\/de\/p\/fyrtur-verdunklungsrollo-kabellos-batteriebetrieben-grau-40408196\/\">60&#215;195 cm f\u00fcr 129 Euro<\/a><\/li>\n<li><a href=\"https:\/\/www.ikea.com\/de\/de\/p\/fyrtur-verdunklungsrollo-kabellos-batteriebetrieben-grau-10408206\/\"> 80&#215;195 cm f\u00fcr 139 Euro<\/a><\/li>\n<li><a href=\"https:\/\/www.ikea.com\/de\/de\/p\/fyrtur-verdunklungsrollo-kabellos-batteriebetrieben-grau-90408170\/\">100&#215;195 cm f\u00fcr 149 Euro<\/a><\/li>\n<li><a href=\"https:\/\/www.ikea.com\/de\/de\/p\/fyrtur-verdunklungsrollo-kabellos-batteriebetrieben-grau-20408178\/\">120&#215;195 cm f\u00fcr 159 Euro<\/a><\/li>\n<li><a href=\"https:\/\/www.ikea.com\/de\/de\/p\/fyrtur-verdunklungsrollo-kabellos-batteriebetrieben-grau-30408187\/\">140&#215;195 cm f\u00fcr 169 Euro<\/a><\/li>\n<\/ul>\n<!-- WP-Appbox (Version: 4.5.9 \/\/ Store: appstore \/\/ ID: 1195836071) -->\t<!-- app-link -->\n\t<div id=\"article-single-app-preview\">\n\t\t<div id=\"article-single-app-preview-header\">\n\t\t\t<span class=\"title\">Laden im App Store<\/span>\n\t\t<\/div>\n\t\t<div id=\"article-single-app-preview-content\">\n\t\t\t<div id=\"article-single-app-preview-img\"><img loading=\"lazy\" decoding=\"async\" src=\"\/\/www.iphone-ticker.de\/wp-content\/cache\/wp-appbox\/20bf356ad41d9cb4ae063e7a6001cd95-deprecated\/ai-d50c87e6a8ead93fe14af261e504936b\" alt=\"IKEA Home smart 1\"  height=\"72\" width=\"72\" class=\"asl-icon-img\" \/><\/div>\n\t\t\t<div id=\"article-single-app-preview-desc\">\n\t\t\t\t<span class=\"name\">IKEA Home smart 1<\/span><br \/>\n\t\t\t\t<span class=\"seller\">Entwickler: <a target=\"_blank\" rel=\"nofollow\" href=\"https:\/\/apps.apple.com\/de\/developer\/inter-ikea-systems-b-v\/id339722471\">Inter IKEA Systems B.V.<\/a><\/span>\n\t\t\t<\/div>\n\t\t\t<a target=\"_blank\" rel=\"nofollow\" href=\"https:\/\/apps.apple.com\/de\/app\/ikea-home-smart-1\/id1195836071\"><div id=\"article-single-app-preview-download\">Preis: Kostenlos<br \/>\n\t\t\t<span class=\"size\">Laden<\/span><\/div><\/a>\n\t\t<\/div>\n\t\t<!-- <div id=\"article-single-app-preview-footer\"><\/div>\t-->\n\t<\/div>\n\t<!-- app-link\/ende --><!-- \/WP-Appbox -->\n","protected":false},"excerpt":{"rendered":"<a href=\"https:\/\/www.iphone-ticker.de\/verkauf-ab-september-ikea-listet-homekit-rollos-etwas-teurer-144657\/\"><img width=\"150\" height=\"150\" src=\"https:\/\/images.iphone-ticker.de\/wp-content\/uploads\/2019\/08\/ikea-rollo-150x150.jpg\" class=\"alignright tfe wp-post-image\" alt=\"Ikea Rollo\" decoding=\"async\" loading=\"lazy\" \/><\/a><p>Wohl weil der Verkauf bei unseren europ\u00e4ischen Nachbarn bereits im August startet, hat die schwedische Einrichtungskette IKEA jetzt damit begonnen, die beiden HomeKit-Rollos FYRTUR und KADRILJ in ihrem Online-Store zu listen. Initial hatte IKEA den 2. Februar als Termin f\u00fcr den Verkaufsstart kommuniziert, zum Stichtag korrigierten sich die Schweden dann jedoch \u00fcberraschend und best\u00e4tigte ifun.de [&hellip;]<\/p>\n","protected":false},"author":1,"featured_media":144658,"comment_status":"open","ping_status":"closed","sticky":false,"template":"","format":"standard","meta":{"footnotes":""},"categories":[24],"tags":[2821,341,4517,5239],"class_list":["post-144657","post","type-post","status-publish","format-standard","has-post-thumbnail","hentry","category-zubehor","tag-homekit","tag-ikea","tag-rollo","tag-zubehoer"],"aioseo_notices":[],"subheadline":["Ab 109 Euro erh\u00e4ltlich"],"featured_image":["https:\/\/images.iphone-ticker.de\/wp-content\/uploads\/2018\/09\/ikea.jpg"],"rest_api_enabler":{"subheadline":"Ab 109 Euro erh\u00e4ltlich","featured_image":"https:\/\/images.iphone-ticker.de\/wp-content\/uploads\/2018\/09\/ikea.jpg"},"_links":{"self":[{"href":"https:\/\/www.iphone-ticker.de\/apiv2\/wp\/v2\/posts\/144657","targetHints":{"allow":["GET"]}}],"collection":[{"href":"https:\/\/www.iphone-ticker.de\/apiv2\/wp\/v2\/posts"}],"about":[{"href":"https:\/\/www.iphone-ticker.de\/apiv2\/wp\/v2\/types\/post"}],"author":[{"embeddable":true,"href":"https:\/\/www.iphone-ticker.de\/apiv2\/wp\/v2\/users\/1"}],"replies":[{"embeddable":true,"href":"https:\/\/www.iphone-ticker.de\/apiv2\/wp\/v2\/comments?post=144657"}],"version-history":[{"count":5,"href":"https:\/\/www.iphone-ticker.de\/apiv2\/wp\/v2\/posts\/144657\/revisions"}],"predecessor-version":[{"id":144765,"href":"https:\/\/www.iphone-ticker.de\/apiv2\/wp\/v2\/posts\/144657\/revisions\/144765"}],"wp:featuredmedia":[{"embeddable":true,"href":"https:\/\/www.iphone-ticker.de\/apiv2\/wp\/v2\/media\/144658"}],"wp:attachment":[{"href":"https:\/\/www.iphone-ticker.de\/apiv2\/wp\/v2\/media?parent=144657"}],"wp:term":[{"taxonomy":"category","embeddable":true,"href":"https:\/\/www.iphone-ticker.de\/apiv2\/wp\/v2\/categories?post=144657"},{"taxonomy":"post_tag","embeddable":true,"href":"https:\/\/www.iphone-ticker.de\/apiv2\/wp\/v2\/tags?post=144657"}],"curies":[{"name":"wp","href":"https:\/\/api.w.org\/{rel}","templated":true}]}}