{"id":144617,"date":"2019-07-31T11:35:29","date_gmt":"2019-07-31T09:35:29","guid":{"rendered":"https:\/\/www.iphone-ticker.de\/?p=144617"},"modified":"2019-07-31T11:49:39","modified_gmt":"2019-07-31T09:49:39","slug":"ikea-symfonisk-diese-filialen-verkaufen-die-sonos-boxen","status":"publish","type":"post","link":"https:\/\/www.iphone-ticker.de\/ikea-symfonisk-diese-filialen-verkaufen-die-sonos-boxen-144617\/","title":{"rendered":"IKEA SYMFONISK: Diese Filialen verkaufen die Sonos-Boxen"},"content":{"rendered":"<p>Einen Tag vor dem Verkaufsstart der in Kooperation mit Sonos produzierten SYMFONISK-Lautsprecher hat der schwedische M\u00f6belh\u00e4ndler IKEA damit begonnen, \u00fcber die voraussichtliche Verf\u00fcgbarkeit der preiswerten Multiroom-Boxen zu informieren.<\/p>\n<p><a href=\"https:\/\/images.iphone-ticker.de\/wp-content\/uploads\/2019\/07\/ikea-symfonisk.jpg\"><img loading=\"lazy\" decoding=\"async\" class=\"aligncenter size-medium wp-image-144618\" src=\"https:\/\/images.iphone-ticker.de\/wp-content\/uploads\/2019\/07\/ikea-symfonisk-500x379.jpg\" alt=\"Ikea Symfonisk\" width=\"500\" height=\"379\" srcset=\"https:\/\/images.iphone-ticker.de\/wp-content\/uploads\/2019\/07\/ikea-symfonisk-500x379.jpg 500w, https:\/\/images.iphone-ticker.de\/wp-content\/uploads\/2019\/07\/ikea-symfonisk-700x530.jpg 700w, https:\/\/images.iphone-ticker.de\/wp-content\/uploads\/2019\/07\/ikea-symfonisk.jpg 1676w\" sizes=\"auto, (max-width: 500px) 100vw, 500px\" \/><\/a><\/p>\n<p>Diese l\u00e4sst sich auf den neuen Produktseiten von <a href=\"https:\/\/www.ikea.com\/de\/de\/p\/symfonisk-regal-wifi-ifun-schwarz-50357554\/\">Regallautsprecher<\/a> und <a href=\"https:\/\/www.ikea.com\/de\/de\/p\/symfonisk-tischleuchte-mit-wifi-ifun-weiss-30435157\/\">Lampe<\/a> einsehen und k\u00f6nnte durchaus \u00fcppiger ausfallen.<\/p>\n<p>So deuten die derzeit im System eingepflegten St\u00fcckzahlen auf recht knappe Lagerbest\u00e4nde der Speaker zum morgigen Verkaufsstart hin. Aktuell melden lediglich 8 der 51 deutschen Filialen \u00fcberhaupt vorhandene Ger\u00e4te.<\/p>\n<ul>\n<li><b>Berlin-Waltersdorf<\/b>: 205 Regallautsprecher (129s\/78w) &#8211; 2 Lampen (0s\/2w)<br \/>\n<b><\/b><\/li>\n<li><b>Braunschweig<\/b>: 154 Regallautsprecher (77s\/77w) &#8211; 21 Lampen (0s\/21w)<br \/>\n<b><\/b><\/li>\n<li><b>Kaiserslautern<\/b>: 180 Regallautsprecher (81s\/99w) &#8211; 12 Lampen (0s\/12w)<br \/>\n<b><\/b><\/li>\n<li><b>Kamen<\/b>: 152 Regallautsprecher (77s\/75w) &#8211; 31 Lampen (0s\/31w)<br \/>\n<b><\/b><\/li>\n<li><b>Koblenz<\/b>: 60 Regallautsprecher (60s\/0w) &#8211; 1 Lampe (0s\/1w)<br \/>\n<b><\/b><\/li>\n<li><b>Mannheim<\/b>: 38 Regallautsprecher (0s\/38w) &#8211; 20 Lampen (20s\/0w)<br \/>\n<b><\/b><\/li>\n<li><b>N\u00fcrnberg\/F\u00fcrth<\/b>: 308 Regallautsprecher (156s\/152w) &#8211; 7 Lampen (7s\/0w)<br \/>\n<b><\/b><\/li>\n<li><b>Osnabr\u00fcck<\/b>: 78 Regallautsprecher (0s\/78w)<\/li>\n<\/ul>\n<p>Bis morgen kann sich die Verf\u00fcgbarkeit nat\u00fcrlich noch \u00e4ndern, solltet ihr euch also zu den potentiellen K\u00e4ufern z\u00e4hlen, dann lohnt sich sich noch ein pr\u00fcfender Blick vor dem Fahrtantritt.<\/p>\n<p>Auf ifun.de haben wir unseren Ersteindruck der Lautsprecher bereits ausf\u00fchrlich besprochen:<\/p>\n<ul>\n<li><b>Im Test teils billig, teils brillant<\/b> &#8211; <a href=\"https:\/\/www.ifun.de\/ikea-symfonisk-test-140863\/\">IKEA SYMFONISK ausprobiert<\/a><\/li>\n<\/ul>\n","protected":false},"excerpt":{"rendered":"<a href=\"https:\/\/www.iphone-ticker.de\/ikea-symfonisk-diese-filialen-verkaufen-die-sonos-boxen-144617\/\"><img width=\"150\" height=\"150\" src=\"https:\/\/images.iphone-ticker.de\/wp-content\/uploads\/2019\/07\/sonos-symfonisk-150x150.jpg\" class=\"alignright tfe wp-post-image\" alt=\"Sonos Symfonisk\" decoding=\"async\" loading=\"lazy\" \/><\/a><p>Einen Tag vor dem Verkaufsstart der in Kooperation mit Sonos produzierten SYMFONISK-Lautsprecher hat der schwedische M\u00f6belh\u00e4ndler IKEA damit begonnen, \u00fcber die voraussichtliche Verf\u00fcgbarkeit der preiswerten Multiroom-Boxen zu informieren. Diese l\u00e4sst sich auf den neuen Produktseiten von Regallautsprecher und Lampe einsehen und k\u00f6nnte durchaus \u00fcppiger ausfallen. So deuten die derzeit im System eingepflegten St\u00fcckzahlen auf recht [&hellip;]<\/p>\n","protected":false},"author":1,"featured_media":144619,"comment_status":"open","ping_status":"closed","sticky":false,"template":"","format":"standard","meta":{"footnotes":""},"categories":[24],"tags":[341,713,4770],"class_list":["post-144617","post","type-post","status-publish","format-standard","has-post-thumbnail","hentry","category-zubehor","tag-ikea","tag-sonos","tag-symfonisk"],"aioseo_notices":[],"subheadline":["Ab morgen im Handel"],"featured_image":["https:\/\/images.iphone-ticker.de\/wp-content\/uploads\/2019\/07\/sonos-symfonisk.jpg"],"rest_api_enabler":{"subheadline":"Ab morgen im Handel","featured_image":"https:\/\/images.iphone-ticker.de\/wp-content\/uploads\/2019\/07\/sonos-symfonisk.jpg"},"_links":{"self":[{"href":"https:\/\/www.iphone-ticker.de\/apiv2\/wp\/v2\/posts\/144617","targetHints":{"allow":["GET"]}}],"collection":[{"href":"https:\/\/www.iphone-ticker.de\/apiv2\/wp\/v2\/posts"}],"about":[{"href":"https:\/\/www.iphone-ticker.de\/apiv2\/wp\/v2\/types\/post"}],"author":[{"embeddable":true,"href":"https:\/\/www.iphone-ticker.de\/apiv2\/wp\/v2\/users\/1"}],"replies":[{"embeddable":true,"href":"https:\/\/www.iphone-ticker.de\/apiv2\/wp\/v2\/comments?post=144617"}],"version-history":[{"count":5,"href":"https:\/\/www.iphone-ticker.de\/apiv2\/wp\/v2\/posts\/144617\/revisions"}],"predecessor-version":[{"id":144752,"href":"https:\/\/www.iphone-ticker.de\/apiv2\/wp\/v2\/posts\/144617\/revisions\/144752"}],"wp:featuredmedia":[{"embeddable":true,"href":"https:\/\/www.iphone-ticker.de\/apiv2\/wp\/v2\/media\/144619"}],"wp:attachment":[{"href":"https:\/\/www.iphone-ticker.de\/apiv2\/wp\/v2\/media?parent=144617"}],"wp:term":[{"taxonomy":"category","embeddable":true,"href":"https:\/\/www.iphone-ticker.de\/apiv2\/wp\/v2\/categories?post=144617"},{"taxonomy":"post_tag","embeddable":true,"href":"https:\/\/www.iphone-ticker.de\/apiv2\/wp\/v2\/tags?post=144617"}],"curies":[{"name":"wp","href":"https:\/\/api.w.org\/{rel}","templated":true}]}}