{"id":144072,"date":"2019-07-18T12:08:48","date_gmt":"2019-07-18T10:08:48","guid":{"rendered":"https:\/\/www.iphone-ticker.de\/?p=144072"},"modified":"2019-07-18T12:10:59","modified_gmt":"2019-07-18T10:10:59","slug":"ikea-symfonisk-lautsprecher-und-homekit-rollo-im-video","status":"publish","type":"post","link":"https:\/\/www.iphone-ticker.de\/ikea-symfonisk-lautsprecher-und-homekit-rollo-im-video-144072\/","title":{"rendered":"IKEA: SYMFONISK-Lautsprecher und HomeKit-Rollo im Video"},"content":{"rendered":"<p>Zum 1. August wird IKEA hierzulande mit dem Verkauf der beiden neuen Sonos-Lautsprecher aus der <a href=\"https:\/\/www.iphone-ticker.de\/ikea-symfonisk-die-infos-zur-ikea-sonos-kooperation-im-ueberblick-143427\/\">SYMFONISK-Familie beginnen<\/a>. <\/p>\n<p><a href=\"https:\/\/images.iphone-ticker.de\/wp-content\/uploads\/2019\/07\/ikea-sonos-symfonisk-remote.jpg\"><img loading=\"lazy\" decoding=\"async\" src=\"https:\/\/images.iphone-ticker.de\/wp-content\/uploads\/2019\/07\/ikea-sonos-symfonisk-remote-500x500.jpg\" alt=\"Ikea Sonos Symfonisk Remote\" width=\"500\" height=\"500\" class=\"aligncenter size-medium wp-image-143696\" srcset=\"https:\/\/images.iphone-ticker.de\/wp-content\/uploads\/2019\/07\/ikea-sonos-symfonisk-remote-500x500.jpg 500w, https:\/\/images.iphone-ticker.de\/wp-content\/uploads\/2019\/07\/ikea-sonos-symfonisk-remote-150x150.jpg 150w, https:\/\/images.iphone-ticker.de\/wp-content\/uploads\/2019\/07\/ikea-sonos-symfonisk-remote-700x700.jpg 700w, https:\/\/images.iphone-ticker.de\/wp-content\/uploads\/2019\/07\/ikea-sonos-symfonisk-remote.jpg 1358w\" sizes=\"auto, (max-width: 500px) 100vw, 500px\" \/><\/a><\/p>\n<p>Die beiden HomeKit-Rollos FYRTUR und KADRILJ werden dann einen guten Monat sp\u00e4ter, <a href=\"https:\/\/www.ifun.de\/ikea-homekit-rollos-deutschland-start-erst-im-september-139033\/\">ab September<\/a> erh\u00e4ltlich sein. <\/p>\n<p>Beide Neuzug\u00e4nge der IKEA Home Smart-Kategorie zeigen sich aktuell in einem kurzen Werbevideo von IKEA D\u00e4nemark. <\/p>\n<p>Unter der \u00dcberschrift &#8222;Starte Deinen Tag zusammen mit dem Sonnenaufgang&#8220; hei\u00dft es hier: <\/p>\n<blockquote><p>Hole mehr aus Deinem Morgen heraus und wache frisch und ausgeruht zu den T\u00f6nen Deiner Lieblingsmusik auf. Mit der Licht und WLAN-Lautsprecher SYMFONISK (die sich mit den ferngesteuerten Verdunkelungsvorh\u00e4ngen f\u00fcr einen noch besseren Effekt kombinieren l\u00e4sst) kannst Du einen musikalischen Sonnenaufgang gestalten, der Freunde am Aufwachen macht.<\/p><\/blockquote>\n<p>Die zu Preisen ab 99 Euro angebotenen Rollos (<a href=\"https:\/\/www.youtube.com\/watch?v=_iym1S5q4VU\">hier im Detail-Video<\/a>) lassen sich kabellos steuern und setzen keine Steckdose am Montageort voraus. Die Stromversorgung erfolgt \u00fcber einen Akku. Im Lieferumfang sind das zugeh\u00f6rige Ladeger\u00e4t sowie eine Fernbedienung enthalten, die Anbindung an IKEA Home Smart und Apple HomeKit ist somit optional.<\/p>\n<p><div class=\"responsive-video\"><iframe loading=\"lazy\" width=\"700\" height=\"371\" src=\"https:\/\/www.youtube-nocookie.com\/embed\/s40nFYyWUWY\" frameborder=\"0\" allowfullscreen><\/iframe><\/div><\/p>\n<p>Die beiden Sonos-Lautsprecher aus der SYMFONISK-Reihe landen am 1. August in IKEAs Einrichtungsh\u00e4usern. Den kleineren Regal-Lautsprecher wird es bereits f\u00fcr 99 Euro geben, die SYMFONISK-Tischleuchte soll 179 Euro kosten. Dazu sollen <a href=\"https:\/\/www.ifun.de\/ikea-symfonisk-wird-mit-guenstigen-wandhalterungen-angeboten-140452\/\">mehrere Befestigungsl\u00f6sungen<\/a> f\u00fcr rund 10 Euro angeboten werden.  <\/p>\n","protected":false},"excerpt":{"rendered":"<a href=\"https:\/\/www.iphone-ticker.de\/ikea-symfonisk-lautsprecher-und-homekit-rollo-im-video-144072\/\"><img width=\"150\" height=\"150\" src=\"https:\/\/images.iphone-ticker.de\/wp-content\/uploads\/2019\/07\/ikea-video-rollo-150x150.jpg\" class=\"alignright tfe wp-post-image\" alt=\"Ikea Video Rollo\" decoding=\"async\" loading=\"lazy\" \/><\/a><p>Zum 1. August wird IKEA hierzulande mit dem Verkauf der beiden neuen Sonos-Lautsprecher aus der SYMFONISK-Familie beginnen. Die beiden HomeKit-Rollos FYRTUR und KADRILJ werden dann einen guten Monat sp\u00e4ter, ab September erh\u00e4ltlich sein. Beide Neuzug\u00e4nge der IKEA Home Smart-Kategorie zeigen sich aktuell in einem kurzen Werbevideo von IKEA D\u00e4nemark. Unter der \u00dcberschrift &#8222;Starte Deinen Tag [&hellip;]<\/p>\n","protected":false},"author":1,"featured_media":144074,"comment_status":"open","ping_status":"closed","sticky":false,"template":"","format":"standard","meta":{"footnotes":""},"categories":[1],"tags":[341,8],"class_list":["post-144072","post","type-post","status-publish","format-standard","has-post-thumbnail","hentry","category-news","tag-ikea","tag-video"],"aioseo_notices":[],"featured_image":["https:\/\/images.iphone-ticker.de\/wp-content\/uploads\/2019\/07\/ikea-video-rollo.jpg"],"subheadline":["Das Herbst-Programm"],"rest_api_enabler":{"featured_image":"https:\/\/images.iphone-ticker.de\/wp-content\/uploads\/2019\/07\/ikea-video-rollo.jpg","subheadline":"Das Herbst-Programm"},"_links":{"self":[{"href":"https:\/\/www.iphone-ticker.de\/apiv2\/wp\/v2\/posts\/144072","targetHints":{"allow":["GET"]}}],"collection":[{"href":"https:\/\/www.iphone-ticker.de\/apiv2\/wp\/v2\/posts"}],"about":[{"href":"https:\/\/www.iphone-ticker.de\/apiv2\/wp\/v2\/types\/post"}],"author":[{"embeddable":true,"href":"https:\/\/www.iphone-ticker.de\/apiv2\/wp\/v2\/users\/1"}],"replies":[{"embeddable":true,"href":"https:\/\/www.iphone-ticker.de\/apiv2\/wp\/v2\/comments?post=144072"}],"version-history":[{"count":2,"href":"https:\/\/www.iphone-ticker.de\/apiv2\/wp\/v2\/posts\/144072\/revisions"}],"predecessor-version":[{"id":144076,"href":"https:\/\/www.iphone-ticker.de\/apiv2\/wp\/v2\/posts\/144072\/revisions\/144076"}],"wp:featuredmedia":[{"embeddable":true,"href":"https:\/\/www.iphone-ticker.de\/apiv2\/wp\/v2\/media\/144074"}],"wp:attachment":[{"href":"https:\/\/www.iphone-ticker.de\/apiv2\/wp\/v2\/media?parent=144072"}],"wp:term":[{"taxonomy":"category","embeddable":true,"href":"https:\/\/www.iphone-ticker.de\/apiv2\/wp\/v2\/categories?post=144072"},{"taxonomy":"post_tag","embeddable":true,"href":"https:\/\/www.iphone-ticker.de\/apiv2\/wp\/v2\/tags?post=144072"}],"curies":[{"name":"wp","href":"https:\/\/api.w.org\/{rel}","templated":true}]}}