{"id":144057,"date":"2019-07-18T08:39:51","date_gmt":"2019-07-18T06:39:51","guid":{"rendered":"https:\/\/www.iphone-ticker.de\/?p=144057"},"modified":"2019-07-22T09:44:43","modified_gmt":"2019-07-22T07:44:43","slug":"anker-atom-iii-startet-60w-2-ports-mit-iphone-schnellladung","status":"publish","type":"post","link":"https:\/\/www.iphone-ticker.de\/anker-atom-iii-startet-60w-2-ports-mit-iphone-schnellladung-144057\/","title":{"rendered":"Anker Atom III startet: 60W, 2 Ports, klein und mit iPhone-Schnellladung"},"content":{"rendered":"<p>Knapp drei Monate ist es her, dass der Zubeh\u00f6r-Anbieter Anker die nunmehr dritte Generation seiner Lade-Technologie PowerIQ angek\u00fcndigt hat: <a href=\"https:\/\/www.ifun.de\/poweriq-3-0-anker-stellt-neue-lade-technologie-vor-137378\/\">PowerIQ 3.0<\/a>.<\/p>\n<p>Nun l\u00e4sst sich das erste Produkt mit dem neuen Chip &#8211; der 2-Port-Stecker <a rel=\"noindex, nofollow\" href=\"http:\/\/www.ifun.de\/amzn\/B07QL5CXNR\">PowerPort+ Atom III<\/a>\u201c &#8211; auch in Deutschland bestellen. <\/p>\n<p><a href=\"https:\/\/images.iphone-ticker.de\/wp-content\/uploads\/2019\/07\/powerport-60w.jpg\"><img loading=\"lazy\" decoding=\"async\" src=\"https:\/\/images.iphone-ticker.de\/wp-content\/uploads\/2019\/07\/powerport-60w-500x351.jpg\" alt=\"Powerport 60w\" width=\"500\" height=\"351\" class=\"aligncenter size-medium wp-image-144059\" srcset=\"https:\/\/images.iphone-ticker.de\/wp-content\/uploads\/2019\/07\/powerport-60w-500x351.jpg 500w, https:\/\/images.iphone-ticker.de\/wp-content\/uploads\/2019\/07\/powerport-60w-700x492.jpg 700w, https:\/\/images.iphone-ticker.de\/wp-content\/uploads\/2019\/07\/powerport-60w.jpg 1636w\" sizes=\"auto, (max-width: 500px) 100vw, 500px\" \/><\/a><\/p>\n<p>Das Ladeger\u00e4t kann \u00fcber seine USB-A- und USB-C-Anschl\u00fcsse insgesamt 60W Leistung abgeben. Bei Neueren iPhone-Modellen aktiviert ein USB-C-zu-Lightning-Kabel den Schnelllademodus.<\/p>\n<p>Wie bei anderen Ladegera\u0308ten der Atom-Serie werden anstelle von Silizium- Galliumnitrid-Halbleiter eingesetzt. Dies ermo\u0308glicht eine deutlich reduzierte Gro\u0308\u00dfe im Vergleich zu herko\u0308mmlichen Ladegera\u0308ten \u2013 so f\u00e4llt der PowerPort+ Atom III rund 15 Prozent kleiner als Apples 60W  MacBook-Ladegera\u0308t aus.<\/p>\n<p>Das neue Netzteil startet mit einer unverbindlichen Preisempfehlung von 45,99 Euro in den Markt, l\u00e4sst sich aktuell jedoch schon f\u00fcr 39,99 Euro vorbestellen. Die Auslieferung erfolgt ab kommenden Mittwoch. <\/p>\n<script>\r\n  function open_amazon(link) {\r\n    if (navigator.userAgent.indexOf(\"Firefox\") != -1) {\r\n      window.open(link, '_blank');\r\n    } else {\r\n      var tag = document.createElement('a');\r\n      tag.setAttribute('href', link);\r\n      tag.innerHTML = \"amzn\";\r\n      tag.click();\r\n    }\r\n  }\r\n<\/script>\r\n    <div id=\"article-single-amazon-preview\" onclick=\"return open_amazon('https:\/\/www.amazon.de\/dp\/B07QL5CXNR?tag=musicweb02&linkCode=ogi&th=1&psc=1');\">\n  <div id=\"article-single-amazon-preview-header\">\n    <span class=\"title\">Produkthinweis<\/span>\n      <\/div>\n  <div id=\"article-single-amazon-preview-content\">\n    <div id=\"article-single-amazon-preview-img\" style=\"background: url('https:\/\/m.media-amazon.com\/images\/I\/217BudCstYL.jpg') center center no-repeat; background-size: cover;\"><\/div>\n    <div id=\"article-single-amazon-preview-desc\">\n      <span class=\"bezeichnung\"><a href=\"https:\/\/www.amazon.de\/dp\/B07QL5CXNR?tag=musicweb02&linkCode=ogi&th=1&psc=1\" style=\"text-decoration: none; border-bottom: 0px; box-shadow: none;\">Anker PowerPort+ Atom III Kompaktes 60W PIQ 3.0 & GaN Tech Wandladeger\u00e4t, Doppel-Port mit PIQ 2.0 USB-A und 45W USB-C...<\/a><\/span>\n      <span class=\"preis--aktuell\">39,99 EUR<\/span>\n      <span class=\"preis--alt\"><\/span>\n    <\/div>\n  <\/div>\n<\/div>\n","protected":false},"excerpt":{"rendered":"<a href=\"https:\/\/www.iphone-ticker.de\/anker-atom-iii-startet-60w-2-ports-mit-iphone-schnellladung-144057\/\"><img width=\"150\" height=\"150\" src=\"https:\/\/images.iphone-ticker.de\/wp-content\/uploads\/2019\/07\/powerport-60w-150x150.jpg\" class=\"alignright tfe wp-post-image\" alt=\"Powerport 60w\" decoding=\"async\" loading=\"lazy\" \/><\/a><p>Knapp drei Monate ist es her, dass der Zubeh\u00f6r-Anbieter Anker die nunmehr dritte Generation seiner Lade-Technologie PowerIQ angek\u00fcndigt hat: PowerIQ 3.0. Nun l\u00e4sst sich das erste Produkt mit dem neuen Chip &#8211; der 2-Port-Stecker PowerPort+ Atom III\u201c &#8211; auch in Deutschland bestellen. Das Ladeger\u00e4t kann \u00fcber seine USB-A- und USB-C-Anschl\u00fcsse insgesamt 60W Leistung abgeben. Bei [&hellip;]<\/p>\n","protected":false},"author":1,"featured_media":144059,"comment_status":"open","ping_status":"closed","sticky":false,"template":"","format":"standard","meta":{"footnotes":""},"categories":[1,1975],"tags":[2357,45,452,1721,5239],"class_list":["post-144057","post","type-post","status-publish","format-standard","has-post-thumbnail","hentry","category-news","category-feature","tag-anker","tag-ladegerat","tag-sparen","tag-stecker","tag-zubehoer"],"aioseo_notices":[],"aioseo_head":"\n\t\t<!-- All in One SEO Pro 5.0.1 - aioseo.com -->\n\t<meta name=\"description\" content=\"Knapp drei Monate ist es her, dass der Zubeh\u00f6r-Anbieter Anker die nunmehr dritte Generation seiner Lade-Technologie PowerIQ angek\u00fcndigt hat: PowerIQ 3.0. Nun l\u00e4sst sich das erste Produkt mit dem neuen Chip - der 2-Port-Stecker PowerPort+ Atom III\u201c - auch in Deutschland bestellen. Das Ladeger\u00e4t kann \u00fcber seine USB-A- und USB-C-Anschl\u00fcsse insgesamt 60W Leistung abgeben. Bei\" \/>\n\t<meta name=\"robots\" content=\"max-image-preview:large\" \/>\n\t<meta name=\"author\" content=\"Nicolas\"\/>\n\t<meta name=\"google-site-verification\" content=\"bRuV4_wqNuoQLypC9HVKibZ0X7EtNyELtju97qgyflM\" \/>\n\t<link rel=\"canonical\" href=\"https:\/\/www.iphone-ticker.de\/anker-atom-iii-startet-60w-2-ports-mit-iphone-schnellladung-144057\/\" \/>\n\t<meta name=\"generator\" content=\"All in One SEO Pro (AIOSEO) 5.0.1\" \/>\n\t\t<meta property=\"og:locale\" content=\"de_DE\" \/>\n\t\t<meta property=\"og:site_name\" content=\"iphone-ticker.de | Alles zum iPhone. Seit 2007.\" \/>\n\t\t<meta property=\"og:type\" content=\"article\" \/>\n\t\t<meta property=\"og:title\" content=\"Anker Atom III startet: 60W, 2 Ports, klein und mit iPhone-Schnellladung | iphone-ticker.de\" \/>\n\t\t<meta property=\"og:description\" content=\"Knapp drei Monate ist es her, dass der Zubeh\u00f6r-Anbieter Anker die nunmehr dritte Generation seiner Lade-Technologie PowerIQ angek\u00fcndigt hat: PowerIQ 3.0. Nun l\u00e4sst sich das erste Produkt mit dem neuen Chip - der 2-Port-Stecker PowerPort+ Atom III\u201c - auch in Deutschland bestellen. Das Ladeger\u00e4t kann \u00fcber seine USB-A- und USB-C-Anschl\u00fcsse insgesamt 60W Leistung abgeben. Bei\" \/>\n\t\t<meta property=\"og:url\" content=\"https:\/\/www.iphone-ticker.de\/anker-atom-iii-startet-60w-2-ports-mit-iphone-schnellladung-144057\/\" \/>\n\t\t<meta property=\"article:published_time\" content=\"2019-07-18T06:39:51+00:00\" \/>\n\t\t<meta property=\"article:modified_time\" content=\"2019-07-22T07:44:43+00:00\" \/>\n\t\t<meta property=\"article:publisher\" content=\"https:\/\/facebook.com\/ifun.de\" \/>\n\t\t<meta name=\"twitter:card\" content=\"summary_large_image\" \/>\n\t\t<meta name=\"twitter:site\" content=\"@iphoneticker\" \/>\n\t\t<meta name=\"twitter:title\" content=\"Anker Atom III startet: 60W, 2 Ports, klein und mit iPhone-Schnellladung | iphone-ticker.de\" \/>\n\t\t<meta name=\"twitter:description\" content=\"Knapp drei Monate ist es her, dass der Zubeh\u00f6r-Anbieter Anker die nunmehr dritte Generation seiner Lade-Technologie PowerIQ angek\u00fcndigt hat: PowerIQ 3.0. Nun l\u00e4sst sich das erste Produkt mit dem neuen Chip - der 2-Port-Stecker PowerPort+ Atom III\u201c - auch in Deutschland bestellen. Das Ladeger\u00e4t kann \u00fcber seine USB-A- und USB-C-Anschl\u00fcsse insgesamt 60W Leistung abgeben. Bei\" \/>\n\t\t<meta name=\"twitter:creator\" content=\"@iphoneticker\" \/>\n\t\t<script type=\"application\/ld+json\" class=\"aioseo-schema\">\n\t\t\t{\"@context\":\"https:\\\/\\\/schema.org\",\"@graph\":[{\"@type\":\"BreadcrumbList\",\"@id\":\"https:\\\/\\\/www.iphone-ticker.de\\\/anker-atom-iii-startet-60w-2-ports-mit-iphone-schnellladung-144057\\\/#breadcrumblist\",\"itemListElement\":[{\"@type\":\"ListItem\",\"@id\":\"https:\\\/\\\/www.iphone-ticker.de#listItem\",\"position\":1,\"name\":\"Home\",\"item\":\"https:\\\/\\\/www.iphone-ticker.de\",\"nextItem\":{\"@type\":\"ListItem\",\"@id\":\"https:\\\/\\\/www.iphone-ticker.de\\\/category\\\/news\\\/#listItem\",\"name\":\"News\"}},{\"@type\":\"ListItem\",\"@id\":\"https:\\\/\\\/www.iphone-ticker.de\\\/category\\\/news\\\/#listItem\",\"position\":2,\"name\":\"News\",\"item\":\"https:\\\/\\\/www.iphone-ticker.de\\\/category\\\/news\\\/\",\"nextItem\":{\"@type\":\"ListItem\",\"@id\":\"https:\\\/\\\/www.iphone-ticker.de\\\/anker-atom-iii-startet-60w-2-ports-mit-iphone-schnellladung-144057\\\/#listItem\",\"name\":\"Anker Atom III startet: 60W, 2 Ports, klein und mit iPhone-Schnellladung\"},\"previousItem\":{\"@type\":\"ListItem\",\"@id\":\"https:\\\/\\\/www.iphone-ticker.de#listItem\",\"name\":\"Home\"}},{\"@type\":\"ListItem\",\"@id\":\"https:\\\/\\\/www.iphone-ticker.de\\\/anker-atom-iii-startet-60w-2-ports-mit-iphone-schnellladung-144057\\\/#listItem\",\"position\":3,\"name\":\"Anker Atom III startet: 60W, 2 Ports, klein und mit iPhone-Schnellladung\",\"previousItem\":{\"@type\":\"ListItem\",\"@id\":\"https:\\\/\\\/www.iphone-ticker.de\\\/category\\\/news\\\/#listItem\",\"name\":\"News\"}}]},{\"@type\":\"NewsArticle\",\"@id\":\"https:\\\/\\\/www.iphone-ticker.de\\\/anker-atom-iii-startet-60w-2-ports-mit-iphone-schnellladung-144057\\\/#newsarticle\",\"name\":\"Anker Atom III startet: 60W, 2 Ports, klein und mit iPhone-Schnellladung | iphone-ticker.de\",\"headline\":\"Anker Atom III startet: 60W, 2 Ports, klein und mit iPhone-Schnellladung\",\"author\":{\"@id\":\"https:\\\/\\\/www.iphone-ticker.de\\\/author\\\/admin\\\/#author\"},\"publisher\":{\"@id\":\"https:\\\/\\\/www.iphone-ticker.de\\\/#organization\"},\"image\":{\"@type\":\"ImageObject\",\"url\":\"https:\\\/\\\/images.iphone-ticker.de\\\/wp-content\\\/uploads\\\/2019\\\/07\\\/powerport-60w.jpg\",\"width\":1636,\"height\":1149,\"caption\":\"Powerport 60w\"},\"datePublished\":\"2019-07-18T08:39:51+02:00\",\"dateModified\":\"2019-07-22T09:44:43+02:00\",\"inLanguage\":\"de-DE\",\"commentCount\":44,\"mainEntityOfPage\":{\"@id\":\"https:\\\/\\\/www.iphone-ticker.de\\\/anker-atom-iii-startet-60w-2-ports-mit-iphone-schnellladung-144057\\\/#webpage\"},\"isPartOf\":{\"@id\":\"https:\\\/\\\/www.iphone-ticker.de\\\/anker-atom-iii-startet-60w-2-ports-mit-iphone-schnellladung-144057\\\/#webpage\"},\"articleSection\":\"News, zz1A, Anker, Ladeger\\u00e4t, sparen, Stecker, Zubeh\\u00f6r\",\"dateline\":\"Ver\\u00f6ffentlicht am Juli 18, 2019.\"},{\"@type\":\"Organization\",\"@id\":\"https:\\\/\\\/www.iphone-ticker.de\\\/#organization\",\"name\":\"aketo GmbH\",\"description\":\"Die aketo GmbH versorgt das deutschsprachige Internet mit den f\\u00fchrenden Nachrichtenangeboten zu Apple, dem iPhone, dem iPad und Apples Lifestyle-Produkten. Konzepte, Redaktion, Recherchen und Archiv.\",\"url\":\"https:\\\/\\\/www.iphone-ticker.de\\\/\",\"email\":\"ifun.de@gmail.com\",\"telephone\":\"+493057707123\",\"foundingDate\":\"2007-01-01\",\"logo\":{\"@type\":\"ImageObject\",\"url\":\"https:\\\/\\\/images.iphone-ticker.de\\\/wp-content\\\/uploads\\\/2026\\\/02\\\/apple-touch-icon.png\",\"@id\":\"https:\\\/\\\/www.iphone-ticker.de\\\/anker-atom-iii-startet-60w-2-ports-mit-iphone-schnellladung-144057\\\/#organizationLogo\",\"width\":1024,\"height\":1024,\"caption\":\"Apple Touch Icon\"},\"image\":{\"@id\":\"https:\\\/\\\/www.iphone-ticker.de\\\/anker-atom-iii-startet-60w-2-ports-mit-iphone-schnellladung-144057\\\/#organizationLogo\"},\"sameAs\":[\"https:\\\/\\\/facebook.com\\\/ifun.de\",\"https:\\\/\\\/x.com\\\/iphoneticker\"]},{\"@type\":\"Person\",\"@id\":\"https:\\\/\\\/www.iphone-ticker.de\\\/author\\\/admin\\\/#author\",\"url\":\"https:\\\/\\\/www.iphone-ticker.de\\\/author\\\/admin\\\/\",\"name\":\"Nicolas\"},{\"@type\":\"WebPage\",\"@id\":\"https:\\\/\\\/www.iphone-ticker.de\\\/anker-atom-iii-startet-60w-2-ports-mit-iphone-schnellladung-144057\\\/#webpage\",\"url\":\"https:\\\/\\\/www.iphone-ticker.de\\\/anker-atom-iii-startet-60w-2-ports-mit-iphone-schnellladung-144057\\\/\",\"name\":\"Anker Atom III startet: 60W, 2 Ports, klein und mit iPhone-Schnellladung | iphone-ticker.de\",\"description\":\"Knapp drei Monate ist es her, dass der Zubeh\\u00f6r-Anbieter Anker die nunmehr dritte Generation seiner Lade-Technologie PowerIQ angek\\u00fcndigt hat: PowerIQ 3.0. Nun l\\u00e4sst sich das erste Produkt mit dem neuen Chip - der 2-Port-Stecker PowerPort+ Atom III\\u201c - auch in Deutschland bestellen. Das Ladeger\\u00e4t kann \\u00fcber seine USB-A- und USB-C-Anschl\\u00fcsse insgesamt 60W Leistung abgeben. Bei\",\"inLanguage\":\"de-DE\",\"isPartOf\":{\"@id\":\"https:\\\/\\\/www.iphone-ticker.de\\\/#website\"},\"breadcrumb\":{\"@id\":\"https:\\\/\\\/www.iphone-ticker.de\\\/anker-atom-iii-startet-60w-2-ports-mit-iphone-schnellladung-144057\\\/#breadcrumblist\"},\"author\":{\"@id\":\"https:\\\/\\\/www.iphone-ticker.de\\\/author\\\/admin\\\/#author\"},\"creator\":{\"@id\":\"https:\\\/\\\/www.iphone-ticker.de\\\/author\\\/admin\\\/#author\"},\"image\":{\"@type\":\"ImageObject\",\"url\":\"https:\\\/\\\/images.iphone-ticker.de\\\/wp-content\\\/uploads\\\/2019\\\/07\\\/powerport-60w.jpg\",\"@id\":\"https:\\\/\\\/www.iphone-ticker.de\\\/anker-atom-iii-startet-60w-2-ports-mit-iphone-schnellladung-144057\\\/#mainImage\",\"width\":1636,\"height\":1149,\"caption\":\"Powerport 60w\"},\"primaryImageOfPage\":{\"@id\":\"https:\\\/\\\/www.iphone-ticker.de\\\/anker-atom-iii-startet-60w-2-ports-mit-iphone-schnellladung-144057\\\/#mainImage\"},\"datePublished\":\"2019-07-18T08:39:51+02:00\",\"dateModified\":\"2019-07-22T09:44:43+02:00\"},{\"@type\":\"WebSite\",\"@id\":\"https:\\\/\\\/www.iphone-ticker.de\\\/#website\",\"url\":\"https:\\\/\\\/www.iphone-ticker.de\\\/\",\"name\":\"iphone-ticker.de\",\"description\":\"Alles zum iPhone. Seit 2007.\",\"inLanguage\":\"de-DE\",\"publisher\":{\"@id\":\"https:\\\/\\\/www.iphone-ticker.de\\\/#organization\"}}]}\n\t\t<\/script>\n\t\t<!-- All in One SEO Pro -->\r\n\t\t<title>Anker Atom III startet: 60W, 2 Ports, klein und mit iPhone-Schnellladung | iphone-ticker.de<\/title>\n\n","aioseo_head_json":{"title":"Anker Atom III startet: 60W, 2 Ports, klein und mit iPhone-Schnellladung | iphone-ticker.de","description":"Knapp drei Monate ist es her, dass der Zubeh\u00f6r-Anbieter Anker die nunmehr dritte Generation seiner Lade-Technologie PowerIQ angek\u00fcndigt hat: PowerIQ 3.0. Nun l\u00e4sst sich das erste Produkt mit dem neuen Chip - der 2-Port-Stecker PowerPort+ Atom III\u201c - auch in Deutschland bestellen. Das Ladeger\u00e4t kann \u00fcber seine USB-A- und USB-C-Anschl\u00fcsse insgesamt 60W Leistung abgeben. Bei","canonical_url":"https:\/\/www.iphone-ticker.de\/anker-atom-iii-startet-60w-2-ports-mit-iphone-schnellladung-144057\/","robots":"max-image-preview:large","keywords":"","webmasterTools":{"google-site-verification":"bRuV4_wqNuoQLypC9HVKibZ0X7EtNyELtju97qgyflM","miscellaneous":""},"schema":{"@context":"https:\/\/schema.org","@graph":[{"@type":"BreadcrumbList","@id":"https:\/\/www.iphone-ticker.de\/anker-atom-iii-startet-60w-2-ports-mit-iphone-schnellladung-144057\/#breadcrumblist","itemListElement":[{"@type":"ListItem","@id":"https:\/\/www.iphone-ticker.de#listItem","position":1,"name":"Home","item":"https:\/\/www.iphone-ticker.de","nextItem":{"@type":"ListItem","@id":"https:\/\/www.iphone-ticker.de\/category\/news\/#listItem","name":"News"}},{"@type":"ListItem","@id":"https:\/\/www.iphone-ticker.de\/category\/news\/#listItem","position":2,"name":"News","item":"https:\/\/www.iphone-ticker.de\/category\/news\/","nextItem":{"@type":"ListItem","@id":"https:\/\/www.iphone-ticker.de\/anker-atom-iii-startet-60w-2-ports-mit-iphone-schnellladung-144057\/#listItem","name":"Anker Atom III startet: 60W, 2 Ports, klein und mit iPhone-Schnellladung"},"previousItem":{"@type":"ListItem","@id":"https:\/\/www.iphone-ticker.de#listItem","name":"Home"}},{"@type":"ListItem","@id":"https:\/\/www.iphone-ticker.de\/anker-atom-iii-startet-60w-2-ports-mit-iphone-schnellladung-144057\/#listItem","position":3,"name":"Anker Atom III startet: 60W, 2 Ports, klein und mit iPhone-Schnellladung","previousItem":{"@type":"ListItem","@id":"https:\/\/www.iphone-ticker.de\/category\/news\/#listItem","name":"News"}}]},{"@type":"NewsArticle","@id":"https:\/\/www.iphone-ticker.de\/anker-atom-iii-startet-60w-2-ports-mit-iphone-schnellladung-144057\/#newsarticle","name":"Anker Atom III startet: 60W, 2 Ports, klein und mit iPhone-Schnellladung | iphone-ticker.de","headline":"Anker Atom III startet: 60W, 2 Ports, klein und mit iPhone-Schnellladung","author":{"@id":"https:\/\/www.iphone-ticker.de\/author\/admin\/#author"},"publisher":{"@id":"https:\/\/www.iphone-ticker.de\/#organization"},"image":{"@type":"ImageObject","url":"https:\/\/images.iphone-ticker.de\/wp-content\/uploads\/2019\/07\/powerport-60w.jpg","width":1636,"height":1149,"caption":"Powerport 60w"},"datePublished":"2019-07-18T08:39:51+02:00","dateModified":"2019-07-22T09:44:43+02:00","inLanguage":"de-DE","commentCount":44,"mainEntityOfPage":{"@id":"https:\/\/www.iphone-ticker.de\/anker-atom-iii-startet-60w-2-ports-mit-iphone-schnellladung-144057\/#webpage"},"isPartOf":{"@id":"https:\/\/www.iphone-ticker.de\/anker-atom-iii-startet-60w-2-ports-mit-iphone-schnellladung-144057\/#webpage"},"articleSection":"News, zz1A, Anker, Ladeger\u00e4t, sparen, Stecker, Zubeh\u00f6r","dateline":"Ver\u00f6ffentlicht am Juli 18, 2019."},{"@type":"Organization","@id":"https:\/\/www.iphone-ticker.de\/#organization","name":"aketo GmbH","description":"Die aketo GmbH versorgt das deutschsprachige Internet mit den f\u00fchrenden Nachrichtenangeboten zu Apple, dem iPhone, dem iPad und Apples Lifestyle-Produkten. Konzepte, Redaktion, Recherchen und Archiv.","url":"https:\/\/www.iphone-ticker.de\/","email":"ifun.de@gmail.com","telephone":"+493057707123","foundingDate":"2007-01-01","logo":{"@type":"ImageObject","url":"https:\/\/images.iphone-ticker.de\/wp-content\/uploads\/2026\/02\/apple-touch-icon.png","@id":"https:\/\/www.iphone-ticker.de\/anker-atom-iii-startet-60w-2-ports-mit-iphone-schnellladung-144057\/#organizationLogo","width":1024,"height":1024,"caption":"Apple Touch Icon"},"image":{"@id":"https:\/\/www.iphone-ticker.de\/anker-atom-iii-startet-60w-2-ports-mit-iphone-schnellladung-144057\/#organizationLogo"},"sameAs":["https:\/\/facebook.com\/ifun.de","https:\/\/x.com\/iphoneticker"]},{"@type":"Person","@id":"https:\/\/www.iphone-ticker.de\/author\/admin\/#author","url":"https:\/\/www.iphone-ticker.de\/author\/admin\/","name":"Nicolas"},{"@type":"WebPage","@id":"https:\/\/www.iphone-ticker.de\/anker-atom-iii-startet-60w-2-ports-mit-iphone-schnellladung-144057\/#webpage","url":"https:\/\/www.iphone-ticker.de\/anker-atom-iii-startet-60w-2-ports-mit-iphone-schnellladung-144057\/","name":"Anker Atom III startet: 60W, 2 Ports, klein und mit iPhone-Schnellladung | iphone-ticker.de","description":"Knapp drei Monate ist es her, dass der Zubeh\u00f6r-Anbieter Anker die nunmehr dritte Generation seiner Lade-Technologie PowerIQ angek\u00fcndigt hat: PowerIQ 3.0. Nun l\u00e4sst sich das erste Produkt mit dem neuen Chip - der 2-Port-Stecker PowerPort+ Atom III\u201c - auch in Deutschland bestellen. Das Ladeger\u00e4t kann \u00fcber seine USB-A- und USB-C-Anschl\u00fcsse insgesamt 60W Leistung abgeben. Bei","inLanguage":"de-DE","isPartOf":{"@id":"https:\/\/www.iphone-ticker.de\/#website"},"breadcrumb":{"@id":"https:\/\/www.iphone-ticker.de\/anker-atom-iii-startet-60w-2-ports-mit-iphone-schnellladung-144057\/#breadcrumblist"},"author":{"@id":"https:\/\/www.iphone-ticker.de\/author\/admin\/#author"},"creator":{"@id":"https:\/\/www.iphone-ticker.de\/author\/admin\/#author"},"image":{"@type":"ImageObject","url":"https:\/\/images.iphone-ticker.de\/wp-content\/uploads\/2019\/07\/powerport-60w.jpg","@id":"https:\/\/www.iphone-ticker.de\/anker-atom-iii-startet-60w-2-ports-mit-iphone-schnellladung-144057\/#mainImage","width":1636,"height":1149,"caption":"Powerport 60w"},"primaryImageOfPage":{"@id":"https:\/\/www.iphone-ticker.de\/anker-atom-iii-startet-60w-2-ports-mit-iphone-schnellladung-144057\/#mainImage"},"datePublished":"2019-07-18T08:39:51+02:00","dateModified":"2019-07-22T09:44:43+02:00"},{"@type":"WebSite","@id":"https:\/\/www.iphone-ticker.de\/#website","url":"https:\/\/www.iphone-ticker.de\/","name":"iphone-ticker.de","description":"Alles zum iPhone. Seit 2007.","inLanguage":"de-DE","publisher":{"@id":"https:\/\/www.iphone-ticker.de\/#organization"}}]},"og:locale":"de_DE","og:site_name":"iphone-ticker.de | Alles zum iPhone. Seit 2007.","og:type":"article","og:title":"Anker Atom III startet: 60W, 2 Ports, klein und mit iPhone-Schnellladung | iphone-ticker.de","og:description":"Knapp drei Monate ist es her, dass der Zubeh\u00f6r-Anbieter Anker die nunmehr dritte Generation seiner Lade-Technologie PowerIQ angek\u00fcndigt hat: PowerIQ 3.0. Nun l\u00e4sst sich das erste Produkt mit dem neuen Chip - der 2-Port-Stecker PowerPort+ Atom III\u201c - auch in Deutschland bestellen. Das Ladeger\u00e4t kann \u00fcber seine USB-A- und USB-C-Anschl\u00fcsse insgesamt 60W Leistung abgeben. Bei","og:url":"https:\/\/www.iphone-ticker.de\/anker-atom-iii-startet-60w-2-ports-mit-iphone-schnellladung-144057\/","article:published_time":"2019-07-18T06:39:51+00:00","article:modified_time":"2019-07-22T07:44:43+00:00","article:publisher":"https:\/\/facebook.com\/ifun.de","twitter:card":"summary_large_image","twitter:site":"@iphoneticker","twitter:title":"Anker Atom III startet: 60W, 2 Ports, klein und mit iPhone-Schnellladung | iphone-ticker.de","twitter:description":"Knapp drei Monate ist es her, dass der Zubeh\u00f6r-Anbieter Anker die nunmehr dritte Generation seiner Lade-Technologie PowerIQ angek\u00fcndigt hat: PowerIQ 3.0. Nun l\u00e4sst sich das erste Produkt mit dem neuen Chip - der 2-Port-Stecker PowerPort+ Atom III\u201c - auch in Deutschland bestellen. Das Ladeger\u00e4t kann \u00fcber seine USB-A- und USB-C-Anschl\u00fcsse insgesamt 60W Leistung abgeben. Bei","twitter:creator":"@iphoneticker"},"aioseo_meta_data":{"post_id":"144057","title":null,"description":null,"keywords":null,"keyphrases":null,"primary_term":null,"canonical_url":null,"og_title":null,"og_description":null,"og_object_type":"default","og_image_type":"default","og_image_url":null,"og_image_width":null,"og_image_height":null,"og_image_custom_url":null,"og_image_custom_fields":null,"og_video":null,"og_custom_url":null,"og_article_section":null,"og_article_tags":null,"twitter_use_og":false,"twitter_card":"default","twitter_image_type":"default","twitter_image_url":null,"twitter_image_custom_url":null,"twitter_image_custom_fields":null,"twitter_title":null,"twitter_description":null,"schema":{"blockGraphs":[],"customGraphs":[],"default":{"data":{"Article":[],"Course":[],"Dataset":[],"FAQPage":[],"Movie":[],"Person":[],"Product":[],"ProductReview":[],"Car":[],"Recipe":[],"Service":[],"SoftwareApplication":[],"WebPage":[]},"graphName":"Article","isEnabled":true},"graphs":[]},"schema_type":"default","schema_type_options":null,"pillar_content":false,"robots_default":true,"robots_noindex":false,"robots_noarchive":false,"robots_nosnippet":false,"robots_nofollow":false,"robots_noimageindex":false,"robots_noodp":false,"robots_notranslate":false,"robots_max_snippet":null,"robots_max_videopreview":null,"robots_max_imagepreview":"large","priority":null,"frequency":null,"local_seo":null,"seo_analyzer_scan_date":"2026-07-03 18:45:54","breadcrumb_settings":null,"limit_modified_date":false,"open_ai":null,"ai":null,"created":"2026-02-19 12:16:10","updated":"2026-07-03 18:45:54","focus_keyword":null,"additional_keywords":null,"truseo_locale":null},"aioseo_breadcrumb":"<div class=\"aioseo-breadcrumbs\"><span class=\"aioseo-breadcrumb\">\n\t<a href=\"https:\/\/www.iphone-ticker.de\" title=\"Home\">Home<\/a>\n<\/span><span class=\"aioseo-breadcrumb-separator\">\u00bb<\/span><span class=\"aioseo-breadcrumb\">\n\t<a href=\"https:\/\/www.iphone-ticker.de\/category\/news\/\" title=\"News\">News<\/a>\n<\/span><span class=\"aioseo-breadcrumb-separator\">\u00bb<\/span><span class=\"aioseo-breadcrumb\">\n\tAnker Atom III startet: 60W, 2 Ports, klein und mit iPhone-Schnellladung\n<\/span><\/div>","aioseo_breadcrumb_json":[{"label":"Home","link":"https:\/\/www.iphone-ticker.de"},{"label":"News","link":"https:\/\/www.iphone-ticker.de\/category\/news\/"},{"label":"Anker Atom III startet: 60W, 2 Ports, klein und mit iPhone-Schnellladung","link":"https:\/\/www.iphone-ticker.de\/anker-atom-iii-startet-60w-2-ports-mit-iphone-schnellladung-144057\/"}],"subheadline":["Kleiner als Apples"],"featured_image":["https:\/\/images.iphone-ticker.de\/wp-content\/uploads\/2019\/07\/powerport.jpg"],"rest_api_enabler":{"subheadline":"Kleiner als Apples","featured_image":"https:\/\/images.iphone-ticker.de\/wp-content\/uploads\/2019\/07\/powerport.jpg"},"_links":{"self":[{"href":"https:\/\/www.iphone-ticker.de\/apiv2\/wp\/v2\/posts\/144057","targetHints":{"allow":["GET"]}}],"collection":[{"href":"https:\/\/www.iphone-ticker.de\/apiv2\/wp\/v2\/posts"}],"about":[{"href":"https:\/\/www.iphone-ticker.de\/apiv2\/wp\/v2\/types\/post"}],"author":[{"embeddable":true,"href":"https:\/\/www.iphone-ticker.de\/apiv2\/wp\/v2\/users\/1"}],"replies":[{"embeddable":true,"href":"https:\/\/www.iphone-ticker.de\/apiv2\/wp\/v2\/comments?post=144057"}],"version-history":[{"count":4,"href":"https:\/\/www.iphone-ticker.de\/apiv2\/wp\/v2\/posts\/144057\/revisions"}],"predecessor-version":[{"id":144063,"href":"https:\/\/www.iphone-ticker.de\/apiv2\/wp\/v2\/posts\/144057\/revisions\/144063"}],"wp:featuredmedia":[{"embeddable":true,"href":"https:\/\/www.iphone-ticker.de\/apiv2\/wp\/v2\/media\/144059"}],"wp:attachment":[{"href":"https:\/\/www.iphone-ticker.de\/apiv2\/wp\/v2\/media?parent=144057"}],"wp:term":[{"taxonomy":"category","embeddable":true,"href":"https:\/\/www.iphone-ticker.de\/apiv2\/wp\/v2\/categories?post=144057"},{"taxonomy":"post_tag","embeddable":true,"href":"https:\/\/www.iphone-ticker.de\/apiv2\/wp\/v2\/tags?post=144057"}],"curies":[{"name":"wp","href":"https:\/\/api.w.org\/{rel}","templated":true}]}}